{"id":1707,"date":"2021-07-09T20:18:10","date_gmt":"2021-07-10T02:18:10","guid":{"rendered":"https:\/\/ovelanalista.com\/?p=147081"},"modified":"2021-07-09T20:18:10","modified_gmt":"2021-07-10T02:18:10","slug":"se-graduan-105-del-posgrado-de-uaim-generacion-2018","status":"publish","type":"post","link":"https:\/\/ovelanalista.com\/?p=1707","title":{"rendered":"\u201c\u00a1Se grad\u00faan 105 del Posgrado de UAIM, Generaci\u00f3n 2018!\u201d"},"content":{"rendered":"<p><strong>Los Mochis, Sin.-\u00a0<\/strong>La Coordinaci\u00f3n General de Investigaci\u00f3n y Posgrado llev\u00f3 acabo el Acto Acad\u00e9mico de Graduaci\u00f3n de Posgrado, Generaci\u00f3n 2018, a trav\u00e9s de la Direcci\u00f3n de Posgrado, el d\u00eda viernes 9 de julio a las 6:00 pm transmitido de manera virtual por la plataforma Facebook Live <a href=\"http:\/\/www.facebook.com\/uaimmx\">www.facebook.com\/uaimmx<\/a>.<\/p>\n<p>El evento dio inici\u00f3 con los Honores a la Bandera y entonaci\u00f3n del Himno Nacional. Se realiz\u00f3 la presentaci\u00f3n de Integrantes de la Mesa del Pres\u00eddium e invitados Especiales.<\/p>\n<p>A continuaci\u00f3n, se dio la Bienvenida al evento, con la participaci\u00f3n de las palabras del Rector de la Universidad Aut\u00f3noma Ind\u00edgena de M\u00e9xico M. en E. y N. Ignacio Flores Ruiz donde los exhorta a seguir esforz\u00e1ndose y les desea mucho \u00e9xito en su vida profesional.<\/p>\n<p>En este Acto Acad\u00e9mico,\u00a0 participaron un total de 105 estudiantes graduados y 11 graduados titulados,\u00a0 quienes recibieron su constancia que indica la culminaci\u00f3n del Programa Educativo que cursaron: Maestr\u00eda y Doctorado en Ciencias en Estudios para la Sostenibilidad y Medio Ambiente 5 graduados, Maestr\u00eda y Doctorado en Econom\u00eda y Negocios Internacionales\u00a0 23 graduados, Maestr\u00eda y Doctorado en Educaci\u00f3n para la Diversidad Cultural 52 graduados, Maestr\u00eda y Doctorado en Estudios Sociales 8 graduados y Maestr\u00eda en Sistemas Computacionales 10 graduados.\u00a0 Y 7 de otros Pes que no hab\u00edan participado en graduaciones.<\/p>\n<p>Del mismo modo la Dra. Mar\u00eda Guadalupe Ibarra Cece\u00f1a, Coordinadora General de Investigaci\u00f3n y Posgrado expres\u00f3 su mensaje a los ahora graduados donde enfatiza que hoy son ganadores, no de lo que finaliza, sino de los retos que empiezan, \u201cesta fue su etapa de entrenamiento, no objetivo final\u201d. \u201cEl objetivo final es la intensa y permanente b\u00fasqueda de nuestra identidad como sinaloenses, mexicanos y latinoamericanos y desde ella iniciar la lucha por aportar al Desarrollo de nuestras comunidades\u201d<\/p>\n<p>En este evento, fueron otorgadas constancias a 11 graduados que llegaron titulados a esta etapa; de los Programas Educativos de: Maestr\u00eda en Ciencias en Desarrollo Sustentable de Recursos Naturales, Maestr\u00eda en Educaci\u00f3n para la Diversidad Cultural, Maestr\u00eda en Ciencias Sociales, Doctorado en Econom\u00eda y Negocios Internacionales, Doctorado en Educaci\u00f3n para la Diversidad Cultural, Doctorado en Educaci\u00f3n para la Paz, la Interculturalidad y la Democracia y el Doctorado en Ciencias Sociales.<\/p>\n<p>Correspondi\u00f3 a un representante de cada Programa Educativo expresar las palabras de agradecimiento por haber culminado esta etapa en sus vidas:<\/p>\n<ul>\n<li>Maestr\u00eda y doctorado En Ciencias en Estudios para la Sostenibilidad y Medio Ambiente, Ortiz Espinoza Itzamara Guadalupe;<\/li>\n<li>Maestr\u00eda y doctorado en Econom\u00eda y Negocios Internacionales, Zazueta F\u00e9lix Mario Guadalupe.<\/li>\n<li>Maestr\u00eda en Educaci\u00f3n para la Diversidad Cultural, Ayala Valenzuela Deisy Judith y De Los Santos Cruz Mariel Guadalupe<\/li>\n<li>Doctorado en Educaci\u00f3n para la Diversidad Cultural, Angulo Aguilazocho Mar\u00eda Soledad.<\/li>\n<li>Maestr\u00eda y Doctorado en Estudios Sociales, Apodaca Orozco Ginne Ussi Guadalupe<\/li>\n<li>Maestr\u00eda en Sistemas Computacionales, Luna Boj\u00f3rquez Jos\u00e9 Luis<\/li>\n<\/ul>\n<p>Se present\u00f3 un video \u201cRecuerdos del Posgrado\u201d con fotograf\u00edas de los mejores momentos que vivieron en su proceso de aprendizaje los ahora graduados y m\u00fasica de fondo con la canci\u00f3n \u201cSe que es hermoso llegar, pero amo m\u00e1s el camino\u201d del autor Jes\u00fas Matus, Cantada por la Rondalla del TNM Unidad Los Mochis a cargo del prof. Guadalupe Castro.<\/p>\n<p>Acto seguido, se procedi\u00f3 a la entrega de Reconocimientos a los Graduados que lograron el Mejor Promedio de su Programa Educativo de Posgrado:<\/p>\n<p>MAESTR\u00cdA<\/p>\n<ol>\n<li>En Ciencias en Estudios para la Sostenibilidad y Medio Ambiente, Ortiz Espinoza Itzamara Guadalupe<\/li>\n<li>En Econom\u00eda y Negocios Internacionales, S\u00e1enz Ger\u00f3nimo Itzel Yolanda<\/li>\n<li>En Educaci\u00f3n para la Diversidad Cultural, Grupo 1 Mendivil Ceballos IItzel Arlene, Grupo 2 Ayala Valenzuela Deisy Judith.<\/li>\n<li>En Estudios Sociales, Morales Membrila Miguel \u00c1ngel<\/li>\n<li>En Sistemas Computacionales, Luna Boj\u00f3rquez Jos\u00e9 Luis<\/li>\n<\/ol>\n<p>DOCTORADO<\/p>\n<ol>\n<li>En Ciencias en Estudios para la Sostenibilidad y Medio Ambiente. Amador Castro Lennin Enrique<\/li>\n<li>En Econom\u00eda y Negocios Internacionales L\u00f3pez Corrales Anet Yuriria de Jes\u00fas<\/li>\n<li>En Educaci\u00f3n para la Diversidad Cultural Angulo Aguilasocho Mar\u00eda Soledad y Moreno L\u00f3pez Mayra<\/li>\n<li>En Estudios Sociales Apodaca Orozco Ginne Ussi Guadalupe<\/li>\n<\/ol>\n<p>MEJOR PROMEDIO MAESTR\u00cdA DE LA GENERACI\u00d3N 2018-2020.<\/p>\n<p>Luna Boj\u00f3rquez Jos\u00e9 Luis<\/p>\n<p>MEJOR PROMEDIO DE DOCTORADO DE LA GENERACI\u00d3N 2018-2021<\/p>\n<p>L\u00f3pez Corrales Anet Yuriria De Jes\u00fas<\/p>\n<p>Angulo Aguilazocho Mar\u00eda Soledad<\/p>\n<p>Moreno L\u00f3pez Mayra<\/p>\n<p>En emotivas palabras de despedida a los nuevos egresados del posgrado de la UAIM antes de clausurar el Acto Acad\u00e9mico de Graduaci\u00f3n de Posgrado Generaci\u00f3n 2018, la Directora de Posgrado, Dra. Lizbeth F\u00e9lix Miranda, los felicit\u00f3 e invit\u00f3 a concluir el ciclo, obteniendo su grado acad\u00e9mico.<\/p>\n","protected":false},"excerpt":{"rendered":"<p>Los Mochis, Sin.-\u00a0La Coordinaci\u00f3n General de Investigaci\u00f3n y Posgrado llev\u00f3 acabo el Acto Acad\u00e9mico de Graduaci\u00f3n de Posgrado, Generaci\u00f3n 2018, a trav\u00e9s de la Direcci\u00f3n de Posgrado, el d\u00eda viernes 9 de julio a las 6:00 pm transmitido de manera virtual por la plataforma Facebook Live www.facebook.com\/uaimmx. El evento dio inici\u00f3 con los Honores a la Bandera y entonaci\u00f3n del Himno Nacional. Se realiz\u00f3 la presentaci\u00f3n de Integrantes de la Mesa del Pres\u00eddium e invitados Especiales. A continuaci\u00f3n, se dio la Bienvenida al evento, con la participaci\u00f3n de las palabras del Rector de la Universidad Aut\u00f3noma Ind\u00edgena de M\u00e9xico M. [&hellip;]<\/p>\n","protected":false},"author":1,"featured_media":1708,"comment_status":"open","ping_status":"open","sticky":false,"template":"","format":"standard","meta":{"_jetpack_newsletter_access":"","_jetpack_dont_email_post_to_subs":false,"_jetpack_newsletter_tier_id":0,"_jetpack_memberships_contains_paywalled_content":false,"_jetpack_feature_clip_id":0,"_jetpack_memberships_contains_paid_content":false,"footnotes":"","jetpack_publicize_message":"","jetpack_publicize_feature_enabled":true,"jetpack_social_post_already_shared":true,"jetpack_social_options":{"image_generator_settings":{"template":"highway","default_image_id":0,"font":"","enabled":false},"version":2},"jetpack_post_was_ever_published":false},"categories":[1],"tags":[],"class_list":["post-1707","post","type-post","status-publish","format-standard","has-post-thumbnail","hentry","category-uncategorized","post--single"],"jetpack_publicize_connections":[],"jetpack_featured_media_url":"https:\/\/ovelanalista.com\/wp-content\/uploads\/2021\/07\/Graduacion-Pos-grado-scaled.jpg","jetpack_sharing_enabled":true,"_links":{"self":[{"href":"https:\/\/ovelanalista.com\/index.php?rest_route=\/wp\/v2\/posts\/1707","targetHints":{"allow":["GET"]}}],"collection":[{"href":"https:\/\/ovelanalista.com\/index.php?rest_route=\/wp\/v2\/posts"}],"about":[{"href":"https:\/\/ovelanalista.com\/index.php?rest_route=\/wp\/v2\/types\/post"}],"author":[{"embeddable":true,"href":"https:\/\/ovelanalista.com\/index.php?rest_route=\/wp\/v2\/users\/1"}],"replies":[{"embeddable":true,"href":"https:\/\/ovelanalista.com\/index.php?rest_route=%2Fwp%2Fv2%2Fcomments&post=1707"}],"version-history":[{"count":0,"href":"https:\/\/ovelanalista.com\/index.php?rest_route=\/wp\/v2\/posts\/1707\/revisions"}],"wp:featuredmedia":[{"embeddable":true,"href":"https:\/\/ovelanalista.com\/index.php?rest_route=\/wp\/v2\/media\/1708"}],"wp:attachment":[{"href":"https:\/\/ovelanalista.com\/index.php?rest_route=%2Fwp%2Fv2%2Fmedia&parent=1707"}],"wp:term":[{"taxonomy":"category","embeddable":true,"href":"https:\/\/ovelanalista.com\/index.php?rest_route=%2Fwp%2Fv2%2Fcategories&post=1707"},{"taxonomy":"post_tag","embeddable":true,"href":"https:\/\/ovelanalista.com\/index.php?rest_route=%2Fwp%2Fv2%2Ftags&post=1707"}],"curies":[{"name":"wp","href":"https:\/\/api.w.org\/{rel}","templated":true}]}}