{"id":1721,"date":"2021-07-09T16:46:10","date_gmt":"2021-07-09T22:46:10","guid":{"rendered":"https:\/\/ovelanalista.com\/?p=147058"},"modified":"2021-07-09T16:46:10","modified_gmt":"2021-07-09T22:46:10","slug":"por-portacion-de-un-arma-de-uso-exclusivo-del-ejercito-sedena-y-pep-aseguran-a-una-persona-en-choix","status":"publish","type":"post","link":"https:\/\/ovelanalista.com\/?p=1721","title":{"rendered":"Por portaci\u00f3n de un arma de uso exclusivo del Ej\u00e9rcito, Sedena y PEP aseguran a una persona en Choix"},"content":{"rendered":"<p>\u2022 El aseguramiento fue en un camino de terracer\u00eda del municipio en menci\u00f3n<\/p>\n<p>Choix, Sinaloa, 9 de julio de 2021.- Elementos de la Secretar\u00eda de la Defensa Nacional y Polic\u00eda Estatal Preventiva, aseguraron a una persona con un arma larga durante recorridos de seguridad y vigilancia en el municipio de Choix.<\/p>\n<p>Al circular por un camino de terracer\u00eda los efectivos se percataron de la presencia de algunas personas quienes, al ver a los elementos, emprendieron la huida a pie.<\/p>\n<p>De inmediato los uniformados descendieron de las unidades para verificar la situaci\u00f3n y lograron asegurar a uno de los civiles pues llevaba entre sus pertenencias un arma larga tipo AK47 as\u00ed como un cargador abastecido y portacargador.<\/p>\n<p>Por ello tanto la persona como el armamento fueron puestos a disposici\u00f3n de la autoridad competente para las indagaciones correspondientes.<\/p>\n<p>Cabe se\u00f1alar que se despleg\u00f3 un operativo de b\u00fasqueda en la zona para localizar al resto de los civiles sin resultados positivos.<\/p>\n<p>La Secretar\u00eda de Seguridad P\u00fablica de Sinaloa reitera su compromiso de trabajar de forma coordinada con autoridades de los tres \u00f3rdenes de gobierno a fin de lograr m\u00e1s y mejores resultados en beneficio de la sociedad.<\/p>\n<p><img loading=\"lazy\" decoding=\"async\" class=\"alignnone size-full wp-image-147060\" src=\"https:\/\/ovelanalista.com\/wp-content\/uploads\/2021\/07\/IMG-20210709-WA0059.jpg\" alt=\"\" width=\"151\" height=\"188\" \/><\/p>\n","protected":false},"excerpt":{"rendered":"<p>\u2022 El aseguramiento fue en un camino de terracer\u00eda del municipio en menci\u00f3n Choix, Sinaloa, 9 de julio de 2021.- Elementos de la Secretar\u00eda de la Defensa Nacional y Polic\u00eda Estatal Preventiva, aseguraron a una persona con un arma larga durante recorridos de seguridad y vigilancia en el municipio de Choix. Al circular por un camino de terracer\u00eda los efectivos se percataron de la presencia de algunas personas quienes, al ver a los elementos, emprendieron la huida a pie. De inmediato los uniformados descendieron de las unidades para verificar la situaci\u00f3n y lograron asegurar a uno de los civiles pues [&hellip;]<\/p>\n","protected":false},"author":1,"featured_media":1723,"comment_status":"open","ping_status":"open","sticky":false,"template":"","format":"standard","meta":{"_jetpack_newsletter_access":"","_jetpack_dont_email_post_to_subs":false,"_jetpack_newsletter_tier_id":0,"_jetpack_memberships_contains_paywalled_content":false,"_jetpack_feature_clip_id":0,"_jetpack_memberships_contains_paid_content":false,"footnotes":"","jetpack_publicize_message":"","jetpack_publicize_feature_enabled":true,"jetpack_social_post_already_shared":true,"jetpack_social_options":{"image_generator_settings":{"template":"highway","default_image_id":0,"font":"","enabled":false},"version":2},"jetpack_post_was_ever_published":false},"categories":[1],"tags":[],"class_list":["post-1721","post","type-post","status-publish","format-standard","has-post-thumbnail","hentry","category-uncategorized","post--single"],"jetpack_publicize_connections":[],"jetpack_featured_media_url":"https:\/\/ovelanalista.com\/wp-content\/uploads\/2021\/07\/IMG-20210709-WA0060.jpg","jetpack_sharing_enabled":true,"_links":{"self":[{"href":"https:\/\/ovelanalista.com\/index.php?rest_route=\/wp\/v2\/posts\/1721","targetHints":{"allow":["GET"]}}],"collection":[{"href":"https:\/\/ovelanalista.com\/index.php?rest_route=\/wp\/v2\/posts"}],"about":[{"href":"https:\/\/ovelanalista.com\/index.php?rest_route=\/wp\/v2\/types\/post"}],"author":[{"embeddable":true,"href":"https:\/\/ovelanalista.com\/index.php?rest_route=\/wp\/v2\/users\/1"}],"replies":[{"embeddable":true,"href":"https:\/\/ovelanalista.com\/index.php?rest_route=%2Fwp%2Fv2%2Fcomments&post=1721"}],"version-history":[{"count":0,"href":"https:\/\/ovelanalista.com\/index.php?rest_route=\/wp\/v2\/posts\/1721\/revisions"}],"wp:featuredmedia":[{"embeddable":true,"href":"https:\/\/ovelanalista.com\/index.php?rest_route=\/wp\/v2\/media\/1723"}],"wp:attachment":[{"href":"https:\/\/ovelanalista.com\/index.php?rest_route=%2Fwp%2Fv2%2Fmedia&parent=1721"}],"wp:term":[{"taxonomy":"category","embeddable":true,"href":"https:\/\/ovelanalista.com\/index.php?rest_route=%2Fwp%2Fv2%2Fcategories&post=1721"},{"taxonomy":"post_tag","embeddable":true,"href":"https:\/\/ovelanalista.com\/index.php?rest_route=%2Fwp%2Fv2%2Ftags&post=1721"}],"curies":[{"name":"wp","href":"https:\/\/api.w.org\/{rel}","templated":true}]}}