{"id":1728,"date":"2021-07-09T16:37:28","date_gmt":"2021-07-09T22:37:28","guid":{"rendered":"https:\/\/ovelanalista.com\/?p=147046"},"modified":"2021-07-09T16:37:28","modified_gmt":"2021-07-09T22:37:28","slug":"llama-sector-salud-a-no-bajar-la-guardia-ante-covid-19","status":"publish","type":"post","link":"https:\/\/ovelanalista.com\/?p=1728","title":{"rendered":"Llama Sector Salud a no bajar la guardia ante Covid-19"},"content":{"rendered":"<ul>\n<li>Autoridades informaron que habr\u00e1 multas y clausuras para los negocios que no est\u00e9n cumpliendo con los protocolos sanitarios correspondientes, esto debido a que la poblaci\u00f3n se ha relajado en las \u00faltimas semanas\u2026<\/li>\n<\/ul>\n<p>Los Mochis, Ahome, Sinaloa, a 9 de Julio del 2021.- Debido al repunte de casos positivos de Covid-19 que se han presentado en las \u00faltimas semanas en el estado de Sinaloa y en el municipio de Ahome, el Sector Salud hizo un llamado a la poblaci\u00f3n a no bajar la guardia y continuar con los protocolos sanitarios correspondientes.<br \/>\nDurante el anunci\u00f3 estuvieron presentes los doctores Francisco Manuel Espinoza Valverde, Director de Salud Municipal; Sergio Loza Rivera, Director del Hospital General de Los Mochis; Omar Gonz\u00e1lez Corral, jefe de la Jurisdicci\u00f3n Sanitaria 01; as\u00ed como Salvador Lamphar Rodr\u00edguez, Coordinador Municipal de Protecci\u00f3n Civil.<br \/>\nEl Director de Salud Municipal inform\u00f3 que el alcalde de Ahome, Manuel Guillermo Chapman Moreno, se encuentra preocupado por la relajaci\u00f3n que ha mostrado la ciudadan\u00eda ante el Covid-19, donde muchas personas no est\u00e1n aplicando los protocolos sanitarios correspondientes.<br \/>\n\u201cEl Presidente Billy Chapman, con suma preocupaci\u00f3n, al realizar un rond\u00edn por las calles de Los Mochis, me coment\u00f3 con mucha preocupaci\u00f3n que estaba viendo mucha relajaci\u00f3n por parte de la ciudadan\u00eda\u201d, expres\u00f3 Espinoza Valverde.<br \/>\nEn este sentido, inform\u00f3 que se pretende llegar a la ciudadan\u00eda que est\u00e1 omitiendo todas las medidas que se deben de tomar para evitar los contagios del virus, ya que la enfermedad contin\u00faa vigente.<br \/>\nSubray\u00f3 que si bien existen personas vacunas, estas pueden ser portadoras del virus, tanto en su ropa como en sus manos, por lo que deben seguir con las medidas correspondientes, adem\u00e1s de que las vacunas no son 100 por ciento efectivas, pero reconoci\u00f3 que pueden evitar las complicaciones, por lo que es importante su aplicaci\u00f3n.<br \/>\nRecord\u00f3 que es fundamental el uso de cubrebocas, lavado de manos, uso de gel antibacterial, sana distancia y, sobre todo, el distanciamiento social.<br \/>\nDetall\u00f3 que debido al incremento de casos positivos, se tomaron una serie de determinaciones como lo son la restricci\u00f3n de la entrada de ni\u00f1os menores de 12 a\u00f1os a cualquier tipo de comercio, incluidos restaurantes, mientras que el aforo para lugares de diversi\u00f3n, como lo son los cines, teatros, salones de fiestas o eventos, ser\u00e1 del 50 por ciento, mientras que para el resto de los comercios, incluyendo restaurantes, ser\u00e1 del 70 por ciento.<br \/>\nEn cuando a las multas Salvador Lamphar Rodr\u00edguez inform\u00f3 que estas rondan entre los 250 a 6 mil UMAS, destacando que las acciones m\u00e1s seberas son las clausuras de los negocios, los cuales ocurren cuando hay reincidencias.<br \/>\nEn el caso de las playas, autoridades informaron que el aforo ser\u00e1 del 70 por ciento, por lo que se estar\u00e1n realizando recorridos para verificar que se cumplan con las medidas sanitarias correspondientes.<br \/>\nCabe mencionar que los doctores reconocieron que para evitar los contagios es muy importante la participaci\u00f3n de la ciudadan\u00eda, donde al detectar los s\u00edntomas es necesario que den aviso a su m\u00e9dico para poder llevar un tratamiento oportuno y evitar la propagaci\u00f3n del virus, donde la medida m\u00e1s importante es el aislamiento.<\/p>\n<p><img loading=\"lazy\" decoding=\"async\" class=\"alignnone size-large wp-image-147048\" src=\"https:\/\/ovelanalista.com\/wp-content\/uploads\/2021\/07\/IMG-20210709-WA0048-1024x683.jpg\" alt=\"\" width=\"696\" height=\"464\" \/> <img loading=\"lazy\" decoding=\"async\" class=\"alignnone size-large wp-image-147049\" src=\"https:\/\/ovelanalista.com\/wp-content\/uploads\/2021\/07\/IMG-20210709-WA0049-1024x683.jpg\" alt=\"\" width=\"696\" height=\"464\" \/> <img loading=\"lazy\" decoding=\"async\" class=\"alignnone size-large wp-image-147050\" src=\"https:\/\/ovelanalista.com\/wp-content\/uploads\/2021\/07\/IMG-20210709-WA0050-1024x683.jpg\" alt=\"\" width=\"696\" height=\"464\" \/><\/p>\n","protected":false},"excerpt":{"rendered":"<p>Autoridades informaron que habr\u00e1 multas y clausuras para los negocios que no est\u00e9n cumpliendo con los protocolos sanitarios correspondientes, esto debido a que la poblaci\u00f3n se ha relajado en las \u00faltimas semanas\u2026 Los Mochis, Ahome, Sinaloa, a 9 de Julio del 2021.- Debido al repunte de casos positivos de Covid-19 que se han presentado en las \u00faltimas semanas en el estado de Sinaloa y en el municipio de Ahome, el Sector Salud hizo un llamado a la poblaci\u00f3n a no bajar la guardia y continuar con los protocolos sanitarios correspondientes. Durante el anunci\u00f3 estuvieron presentes los doctores Francisco Manuel Espinoza [&hellip;]<\/p>\n","protected":false},"author":1,"featured_media":1732,"comment_status":"open","ping_status":"open","sticky":false,"template":"","format":"standard","meta":{"_jetpack_newsletter_access":"","_jetpack_dont_email_post_to_subs":false,"_jetpack_newsletter_tier_id":0,"_jetpack_memberships_contains_paywalled_content":false,"_jetpack_feature_clip_id":0,"_jetpack_memberships_contains_paid_content":false,"footnotes":"","jetpack_publicize_message":"","jetpack_publicize_feature_enabled":true,"jetpack_social_post_already_shared":true,"jetpack_social_options":{"image_generator_settings":{"template":"highway","default_image_id":0,"font":"","enabled":false},"version":2},"jetpack_post_was_ever_published":false},"categories":[72],"tags":[],"class_list":["post-1728","post","type-post","status-publish","format-standard","has-post-thumbnail","hentry","category-portada","post--single"],"jetpack_publicize_connections":[],"jetpack_featured_media_url":"https:\/\/ovelanalista.com\/wp-content\/uploads\/2021\/07\/IMG-20210709-WA0047.jpg","jetpack_sharing_enabled":true,"_links":{"self":[{"href":"https:\/\/ovelanalista.com\/index.php?rest_route=\/wp\/v2\/posts\/1728","targetHints":{"allow":["GET"]}}],"collection":[{"href":"https:\/\/ovelanalista.com\/index.php?rest_route=\/wp\/v2\/posts"}],"about":[{"href":"https:\/\/ovelanalista.com\/index.php?rest_route=\/wp\/v2\/types\/post"}],"author":[{"embeddable":true,"href":"https:\/\/ovelanalista.com\/index.php?rest_route=\/wp\/v2\/users\/1"}],"replies":[{"embeddable":true,"href":"https:\/\/ovelanalista.com\/index.php?rest_route=%2Fwp%2Fv2%2Fcomments&post=1728"}],"version-history":[{"count":0,"href":"https:\/\/ovelanalista.com\/index.php?rest_route=\/wp\/v2\/posts\/1728\/revisions"}],"wp:featuredmedia":[{"embeddable":true,"href":"https:\/\/ovelanalista.com\/index.php?rest_route=\/wp\/v2\/media\/1732"}],"wp:attachment":[{"href":"https:\/\/ovelanalista.com\/index.php?rest_route=%2Fwp%2Fv2%2Fmedia&parent=1728"}],"wp:term":[{"taxonomy":"category","embeddable":true,"href":"https:\/\/ovelanalista.com\/index.php?rest_route=%2Fwp%2Fv2%2Fcategories&post=1728"},{"taxonomy":"post_tag","embeddable":true,"href":"https:\/\/ovelanalista.com\/index.php?rest_route=%2Fwp%2Fv2%2Ftags&post=1728"}],"curies":[{"name":"wp","href":"https:\/\/api.w.org\/{rel}","templated":true}]}}