{"id":1740,"date":"2021-07-09T12:17:38","date_gmt":"2021-07-09T18:17:38","guid":{"rendered":"https:\/\/ovelanalista.com\/?p=147031"},"modified":"2021-07-09T12:17:38","modified_gmt":"2021-07-09T18:17:38","slug":"registra-congreso-a-diputada-del-pt-y-a-diputada-y-diputado-del-pan","status":"publish","type":"post","link":"https:\/\/ovelanalista.com\/?p=1740","title":{"rendered":"Registra Congreso a diputada del PT y a diputada y diputado del PAN"},"content":{"rendered":"<p><strong>Culiac\u00e1n, Sin.-<\/strong>\u00a0El Congreso del Estado de Sinaloa contin\u00fao este viernes con el proceso de registro de diputadas y diputados electos y que formar\u00e1n parte de la 64 Legislatura, pr\u00f3xima a instalarse el 01 de octubre.<br \/>\nEl Secretario General del Congreso, Jos\u00e9 Antonio R\u00edos Rojo, recibi\u00f3 a las diputadas y diputado para sus registros, y les explic\u00f3 que ello es en cumplimiento a lo que mandata la Ley Org\u00e1nica del Congreso en su art\u00edculo 33.<br \/>\nMar\u00eda Guadalupe C\u00e1zarez Gallegos, quien es diputada electa de representaci\u00f3n proporcional del PT, fue la primera en registrarse este viernes, quien entreg\u00f3 la documentaci\u00f3n requerida y a cambio recibi\u00f3 la correspondiente constancia.<\/p>\n<p><img loading=\"lazy\" decoding=\"async\" class=\"alignnone size-medium wp-image-147034\" src=\"https:\/\/ovelanalista.com\/wp-content\/uploads\/2021\/07\/1e40e9aa-b29a-4b31-b98a-5dfa9a04a500-300x200.jpg\" alt=\"\" width=\"300\" height=\"200\" \/> <img loading=\"lazy\" decoding=\"async\" class=\"alignnone size-medium wp-image-147035\" src=\"https:\/\/ovelanalista.com\/wp-content\/uploads\/2021\/07\/fe1e4323-d585-4d90-9b7f-0d9badae763c-300x225.jpg\" alt=\"\" width=\"300\" height=\"225\" \/><br \/>\nGiovanna Morachis Paperini y Adolfo Beltr\u00e1n Corrales, fueron los siguientes en registrarse como diputada y diputado de representaci\u00f3n proporcional del PAN, quienes tambi\u00e9n entregaron su respectiva documentaci\u00f3n para registrarse y luego recibieron la constancia de recibido.<br \/>\nTanto a las dos diputadas electas como al diputado electo, R\u00edos Rojo les invit\u00f3 a que participen en una reuni\u00f3n de trabajo el pr\u00f3ximo 30 de septiembre en el sal\u00f3n Constituyentes de 1917, a las 10:00 horas, para ver los detalles de la instalaci\u00f3n de la 64 Legislatura, que tendr\u00e1 lugar el 01 de octubre.<br \/>\nDe igual manera les entreg\u00f3 en lo individual un compendio de leyes, en donde est\u00e1n incluidas la Constituci\u00f3n Pol\u00edtica de M\u00e9xico, la Constituci\u00f3n Pol\u00edtica del Estado de Sinaloa, la Ley Org\u00e1nica del Congreso del Estado de Sinaloa, entre otras.<\/p>\n<p><em><strong>LOS REGISTROS DE DIPUTADAS Y DIPUTADOS ELECTOS QUE EL CONGRESO DEL ESTADO HA RECIBIDO.<\/strong><\/em><\/p>\n<p>1 de julio.<br \/>\nJuana Minerva V\u00e1zquez Gonz\u00e1lez, diputada de Morena. Distrito II. Los Mochis.<\/p>\n<p>2 de julio.<br \/>\nC\u00e9sar Ismael Guerrero Alarc\u00f3n, diputado de Morena. Distrito III. Los Mochis.<\/p>\n<p>5 de julio.<br \/>\nDiputadas y diputados del PAS.<br \/>\nMart\u00edn Vega \u00c1lvarez. Distrito 1, Choix\/El Fuerte,<br \/>\nElizabeth Ch\u00eda Galaviz. Distrito IV, Ahome\/Guasave<br \/>\nAlba Virgen Montes \u00c1lvarez. Distrito VII. Guasave.<br \/>\nLuz Ver\u00f3nica Avilez Roch\u00edn. Distrito X. Mocorito\/Badiraguato\/Navolato<br \/>\nGene Ren\u00e9 Boj\u00f3rquez Ruiz. Distrito XVII. Culiac\u00e1n.<br \/>\nViridiana Camacho Mill\u00e1n. Distrito XIX. Culiac\u00e1n\/Elota<br \/>\nMar\u00eda del Rosario Osuna Guti\u00e9rrez. Distrito XXI. Mazatl\u00e1n.<br \/>\nRosario Guadalupe Sarabia Soto. Distrito XXIV. Rosario\/Escuinapa<\/p>\n<p>7 de julio.<br \/>\nCelia J\u00e1uregui Ibarra, diputada electa de representaci\u00f3n proporcional del Partido Movimiento Ciudadano.<\/p>\n<p>9 de julio<br \/>\nMar\u00eda Guadalupe C\u00e1zarez Gallegos, diputada electa de representaci\u00f3n proporcional del Partido del Trabajo.<br \/>\nGiovanna Morachis Paperini, diputada electa de representaci\u00f3n proporcional del Partido Acci\u00f3n Nacional.<br \/>\nAdolfo Beltr\u00e1n Corrales, diputado electo de representaci\u00f3n proporcional del Partido Acci\u00f3n Nacional.<\/p>\n","protected":false},"excerpt":{"rendered":"<p>Culiac\u00e1n, Sin.-\u00a0El Congreso del Estado de Sinaloa contin\u00fao este viernes con el proceso de registro de diputadas y diputados electos y que formar\u00e1n parte de la 64 Legislatura, pr\u00f3xima a instalarse el 01 de octubre. El Secretario General del Congreso, Jos\u00e9 Antonio R\u00edos Rojo, recibi\u00f3 a las diputadas y diputado para sus registros, y les explic\u00f3 que ello es en cumplimiento a lo que mandata la Ley Org\u00e1nica del Congreso en su art\u00edculo 33. Mar\u00eda Guadalupe C\u00e1zarez Gallegos, quien es diputada electa de representaci\u00f3n proporcional del PT, fue la primera en registrarse este viernes, quien entreg\u00f3 la documentaci\u00f3n requerida y [&hellip;]<\/p>\n","protected":false},"author":1,"featured_media":1743,"comment_status":"open","ping_status":"open","sticky":false,"template":"","format":"standard","meta":{"_jetpack_newsletter_access":"","_jetpack_dont_email_post_to_subs":false,"_jetpack_newsletter_tier_id":0,"_jetpack_memberships_contains_paywalled_content":false,"_jetpack_feature_clip_id":0,"_jetpack_memberships_contains_paid_content":false,"footnotes":"","jetpack_publicize_message":"","jetpack_publicize_feature_enabled":true,"jetpack_social_post_already_shared":true,"jetpack_social_options":{"image_generator_settings":{"template":"highway","default_image_id":0,"font":"","enabled":false},"version":2},"jetpack_post_was_ever_published":false},"categories":[72],"tags":[],"class_list":["post-1740","post","type-post","status-publish","format-standard","has-post-thumbnail","hentry","category-portada","post--single"],"jetpack_publicize_connections":[],"jetpack_featured_media_url":"https:\/\/ovelanalista.com\/wp-content\/uploads\/2021\/07\/ed3338ea-88aa-4a38-83e7-74d19e4811fe.jpg","jetpack_sharing_enabled":true,"_links":{"self":[{"href":"https:\/\/ovelanalista.com\/index.php?rest_route=\/wp\/v2\/posts\/1740","targetHints":{"allow":["GET"]}}],"collection":[{"href":"https:\/\/ovelanalista.com\/index.php?rest_route=\/wp\/v2\/posts"}],"about":[{"href":"https:\/\/ovelanalista.com\/index.php?rest_route=\/wp\/v2\/types\/post"}],"author":[{"embeddable":true,"href":"https:\/\/ovelanalista.com\/index.php?rest_route=\/wp\/v2\/users\/1"}],"replies":[{"embeddable":true,"href":"https:\/\/ovelanalista.com\/index.php?rest_route=%2Fwp%2Fv2%2Fcomments&post=1740"}],"version-history":[{"count":0,"href":"https:\/\/ovelanalista.com\/index.php?rest_route=\/wp\/v2\/posts\/1740\/revisions"}],"wp:featuredmedia":[{"embeddable":true,"href":"https:\/\/ovelanalista.com\/index.php?rest_route=\/wp\/v2\/media\/1743"}],"wp:attachment":[{"href":"https:\/\/ovelanalista.com\/index.php?rest_route=%2Fwp%2Fv2%2Fmedia&parent=1740"}],"wp:term":[{"taxonomy":"category","embeddable":true,"href":"https:\/\/ovelanalista.com\/index.php?rest_route=%2Fwp%2Fv2%2Fcategories&post=1740"},{"taxonomy":"post_tag","embeddable":true,"href":"https:\/\/ovelanalista.com\/index.php?rest_route=%2Fwp%2Fv2%2Ftags&post=1740"}],"curies":[{"name":"wp","href":"https:\/\/api.w.org\/{rel}","templated":true}]}}