{"id":1752,"date":"2021-07-09T09:49:35","date_gmt":"2021-07-09T15:49:35","guid":{"rendered":"https:\/\/ovelanalista.com\/?p=147017"},"modified":"2021-07-09T09:49:35","modified_gmt":"2021-07-09T15:49:35","slug":"sesiona-h-consejo-universitario-de-la-uaim","status":"publish","type":"post","link":"https:\/\/ovelanalista.com\/?p=1752","title":{"rendered":"Sesiona H. Consejo Universitario de la UAIM"},"content":{"rendered":"<p>Los Mochis; Sinaloa a 9 de julio del 2021-07-09-. H. Consejo de la Universidad Aut\u00f3noma Ind\u00edgena de M\u00e9xico En sesi\u00f3n extraordinaria en modo virtual v\u00eda zoom celebrada ayer jueves 8 de julio del presente a\u00f1o, el, agot\u00f3 los puntos agendados en la convocatoria contemplados en el orden del d\u00eda. Esta reuni\u00f3n, la presidi\u00f3 el Maestro en Econom\u00eda y Negocios, Ignacio Flores Ruiz, rector de la UAIM.<\/p>\n<p>Los puntos aprobados por este cuerpo colegiado tienen que ver con el desarrollo general de las actividades de la instituci\u00f3n.<\/p>\n<p>Dentro de los asuntos a tratar, destac\u00f3 la necesidad de que Radio-UAIM, por indicaciones del Instituto Federal de Telecomunicaciones, -IFETEL- nombre el Consejo de Participaci\u00f3n Ciudadana; as\u00ed como el defensor de audiencia; cabe resaltar que ambas figuras son parte fundamental en el funcionamiento de RADIO-UAIM y en ese sentido los proyectos de convocatoria, por unanimidad, los consejeros la remitieron a la Comisi\u00f3n de Legislaci\u00f3n del H. Consejo Universitario, para que se hagan las adecuaciones correspondientes y posteriormente, nombrar el Consejo de Participaci\u00f3n Ciudadana y el defensor de audiencia, en el af\u00e1n de vincular los programas de Radio-UAIM, con las comunidades ind\u00edgenas.<\/p>\n<p>Otro asunto, no menos importante, fue aprobar el lema del pr\u00f3ximo ciclo escolar 2021-2022. Para tal efecto, se recibieron 20 propuestas y en dos rondas de votaci\u00f3n, por decisi\u00f3n mayoritaria de los Consejeros, se aprob\u00f3 el lema: \u201cLa Vinculaci\u00f3n Comunitaria: Puerta hacia la diversidad del conocimiento.\u201d<\/p>\n<p>Antes de clausurar esta sesi\u00f3n extraordinaria, el Maestro en Econom\u00eda y Negocios, Ignacio Flores Ruiz, reconoci\u00f3 la participaci\u00f3n entusiasta de cada uno de los consejeros; \u201cLa participaci\u00f3n en estos espacios abiertos al interior del H. Consejo Universitario les dan fuerza a las decisiones.\u201d As\u00ed mismo, el rector de la UAIM, hizo p\u00fablico su agradecimiento, al trabajo acad\u00e9mico que viene realizando la Comisi\u00f3n de Vinculaci\u00f3n de la Universidad en coordinaci\u00f3n con la Direcci\u00f3n General Educativa y de Post-Grado de la propia Instituci\u00f3n.<\/p>\n","protected":false},"excerpt":{"rendered":"<p>Los Mochis; Sinaloa a 9 de julio del 2021-07-09-. H. Consejo de la Universidad Aut\u00f3noma Ind\u00edgena de M\u00e9xico En sesi\u00f3n extraordinaria en modo virtual v\u00eda zoom celebrada ayer jueves 8 de julio del presente a\u00f1o, el, agot\u00f3 los puntos agendados en la convocatoria contemplados en el orden del d\u00eda. Esta reuni\u00f3n, la presidi\u00f3 el Maestro en Econom\u00eda y Negocios, Ignacio Flores Ruiz, rector de la UAIM. Los puntos aprobados por este cuerpo colegiado tienen que ver con el desarrollo general de las actividades de la instituci\u00f3n. Dentro de los asuntos a tratar, destac\u00f3 la necesidad de que Radio-UAIM, por indicaciones [&hellip;]<\/p>\n","protected":false},"author":1,"featured_media":1753,"comment_status":"open","ping_status":"open","sticky":false,"template":"","format":"standard","meta":{"_jetpack_newsletter_access":"","_jetpack_dont_email_post_to_subs":false,"_jetpack_newsletter_tier_id":0,"_jetpack_memberships_contains_paywalled_content":false,"_jetpack_feature_clip_id":0,"_jetpack_memberships_contains_paid_content":false,"footnotes":"","jetpack_publicize_message":"","jetpack_publicize_feature_enabled":true,"jetpack_social_post_already_shared":true,"jetpack_social_options":{"image_generator_settings":{"template":"highway","default_image_id":0,"font":"","enabled":false},"version":2},"jetpack_post_was_ever_published":false},"categories":[1],"tags":[],"class_list":["post-1752","post","type-post","status-publish","format-standard","has-post-thumbnail","hentry","category-uncategorized","post--single"],"jetpack_publicize_connections":[],"jetpack_featured_media_url":"https:\/\/ovelanalista.com\/wp-content\/uploads\/2021\/07\/fot1-2.jpg","jetpack_sharing_enabled":true,"_links":{"self":[{"href":"https:\/\/ovelanalista.com\/index.php?rest_route=\/wp\/v2\/posts\/1752","targetHints":{"allow":["GET"]}}],"collection":[{"href":"https:\/\/ovelanalista.com\/index.php?rest_route=\/wp\/v2\/posts"}],"about":[{"href":"https:\/\/ovelanalista.com\/index.php?rest_route=\/wp\/v2\/types\/post"}],"author":[{"embeddable":true,"href":"https:\/\/ovelanalista.com\/index.php?rest_route=\/wp\/v2\/users\/1"}],"replies":[{"embeddable":true,"href":"https:\/\/ovelanalista.com\/index.php?rest_route=%2Fwp%2Fv2%2Fcomments&post=1752"}],"version-history":[{"count":0,"href":"https:\/\/ovelanalista.com\/index.php?rest_route=\/wp\/v2\/posts\/1752\/revisions"}],"wp:featuredmedia":[{"embeddable":true,"href":"https:\/\/ovelanalista.com\/index.php?rest_route=\/wp\/v2\/media\/1753"}],"wp:attachment":[{"href":"https:\/\/ovelanalista.com\/index.php?rest_route=%2Fwp%2Fv2%2Fmedia&parent=1752"}],"wp:term":[{"taxonomy":"category","embeddable":true,"href":"https:\/\/ovelanalista.com\/index.php?rest_route=%2Fwp%2Fv2%2Fcategories&post=1752"},{"taxonomy":"post_tag","embeddable":true,"href":"https:\/\/ovelanalista.com\/index.php?rest_route=%2Fwp%2Fv2%2Ftags&post=1752"}],"curies":[{"name":"wp","href":"https:\/\/api.w.org\/{rel}","templated":true}]}}