{"id":1759,"date":"2021-07-08T17:53:42","date_gmt":"2021-07-08T23:53:42","guid":{"rendered":"https:\/\/ovelanalista.com\/?p=147004"},"modified":"2021-07-08T17:53:42","modified_gmt":"2021-07-08T23:53:42","slug":"confusa-la-pregunta-para-enjuiciar-a-los-actores-politicos-del-pasado-dip-gloria-himelda-felix","status":"publish","type":"post","link":"https:\/\/ovelanalista.com\/?p=1759","title":{"rendered":"Confusa la pregunta para enjuiciar a los actores pol\u00edticos del pasado: Dip. Gloria Himelda F\u00e9lix"},"content":{"rendered":"<p><strong>Culiac\u00e1n, Sin.-<\/strong> El d\u00eda primero del mes de agosto, se realizar\u00e1 en el pa\u00eds la primera Consulta Popular, por el Instituto Nacional Electoral, que tiene como fin la participaci\u00f3n de la ciudadan\u00eda para enjuiciar a los actores pol\u00edticos del pasado.<br \/>\nDerivado de la discusi\u00f3n sobre este tema, durante sesi\u00f3n p\u00fablica virtual del Congreso del Estado la diputada Gloria Himelda F\u00e9lix Niebla dijo no estar en contra de que se juzguen a los actores del pasado, pero subray\u00f3 que en un pa\u00eds de instituciones, en un pa\u00eds en donde se tiene divisi\u00f3n de poderes y un poder judicial robusto, es donde se deben de encausarse estas acciones.<br \/>\n\u201cLa consulta ser\u00e1 un ejercicio ciudadano, donde para efectos de ser vinculante m\u00ednimamente se tendr\u00eda que tener una participaci\u00f3n ciudadana del 40 por ciento. El resultado ya lo conocemos, la ciudadan\u00eda quieren que se haga justicia. Yo misma estoy a favor de la justicia en este pa\u00eds, como mujer de leyes, pero en los cauces correspondientes\u201d.<br \/>\nLa diputada del PRI, precis\u00f3 que ser\u00eda muy complicado el que se pueda alcanzar un 40 por ciento del padr\u00f3n nominal, registrado por el Instituto Nacional Electoral, para efecto de que esta pregunta se traslade a una vinculaci\u00f3n directa.<br \/>\nPero de manera paralela, coment\u00f3 que la pregunta es muy abierta, queda muy en el aire, ya que no se tiene un periodo delimitado de tiempo para juzgar a los ex presidentes, tanto que se pudiera juzgar la administraci\u00f3n de L\u00e1zaro C\u00e1rdenas, Benito Ju\u00e1rez, ya que la pregunta es incierta.<br \/>\nGloria Himelda F\u00e9lix, expres\u00f3 que \u201cEstoy a favor de la justicia y a favor de que se castigue a quienes cometan delitos, pero que sean juzgados por las instancias correspondientes.<br \/>\nBienvenida la participaci\u00f3n ciudadana, bienvenido este mecanismo que ha implantado la C\u00e1mara Federal, para efecto de que la ciudadan\u00eda se sienta incluida en las decisiones. Pero si tenemos que ser m\u00e1s precisos y m\u00e1s concisos\u201d.<\/p>\n","protected":false},"excerpt":{"rendered":"<p>Culiac\u00e1n, Sin.- El d\u00eda primero del mes de agosto, se realizar\u00e1 en el pa\u00eds la primera Consulta Popular, por el Instituto Nacional Electoral, que tiene como fin la participaci\u00f3n de la ciudadan\u00eda para enjuiciar a los actores pol\u00edticos del pasado. Derivado de la discusi\u00f3n sobre este tema, durante sesi\u00f3n p\u00fablica virtual del Congreso del Estado la diputada Gloria Himelda F\u00e9lix Niebla dijo no estar en contra de que se juzguen a los actores del pasado, pero subray\u00f3 que en un pa\u00eds de instituciones, en un pa\u00eds en donde se tiene divisi\u00f3n de poderes y un poder judicial robusto, es donde [&hellip;]<\/p>\n","protected":false},"author":1,"featured_media":1760,"comment_status":"open","ping_status":"open","sticky":false,"template":"","format":"standard","meta":{"_jetpack_newsletter_access":"","_jetpack_dont_email_post_to_subs":false,"_jetpack_newsletter_tier_id":0,"_jetpack_memberships_contains_paywalled_content":false,"_jetpack_feature_clip_id":0,"_jetpack_memberships_contains_paid_content":false,"footnotes":"","jetpack_publicize_message":"","jetpack_publicize_feature_enabled":true,"jetpack_social_post_already_shared":true,"jetpack_social_options":{"image_generator_settings":{"template":"highway","default_image_id":0,"font":"","enabled":false},"version":2},"jetpack_post_was_ever_published":false},"categories":[72],"tags":[],"class_list":["post-1759","post","type-post","status-publish","format-standard","has-post-thumbnail","hentry","category-portada","post--single"],"jetpack_publicize_connections":[],"jetpack_featured_media_url":"https:\/\/ovelanalista.com\/wp-content\/uploads\/2021\/07\/Foto-1.jpg","jetpack_sharing_enabled":true,"_links":{"self":[{"href":"https:\/\/ovelanalista.com\/index.php?rest_route=\/wp\/v2\/posts\/1759","targetHints":{"allow":["GET"]}}],"collection":[{"href":"https:\/\/ovelanalista.com\/index.php?rest_route=\/wp\/v2\/posts"}],"about":[{"href":"https:\/\/ovelanalista.com\/index.php?rest_route=\/wp\/v2\/types\/post"}],"author":[{"embeddable":true,"href":"https:\/\/ovelanalista.com\/index.php?rest_route=\/wp\/v2\/users\/1"}],"replies":[{"embeddable":true,"href":"https:\/\/ovelanalista.com\/index.php?rest_route=%2Fwp%2Fv2%2Fcomments&post=1759"}],"version-history":[{"count":0,"href":"https:\/\/ovelanalista.com\/index.php?rest_route=\/wp\/v2\/posts\/1759\/revisions"}],"wp:featuredmedia":[{"embeddable":true,"href":"https:\/\/ovelanalista.com\/index.php?rest_route=\/wp\/v2\/media\/1760"}],"wp:attachment":[{"href":"https:\/\/ovelanalista.com\/index.php?rest_route=%2Fwp%2Fv2%2Fmedia&parent=1759"}],"wp:term":[{"taxonomy":"category","embeddable":true,"href":"https:\/\/ovelanalista.com\/index.php?rest_route=%2Fwp%2Fv2%2Fcategories&post=1759"},{"taxonomy":"post_tag","embeddable":true,"href":"https:\/\/ovelanalista.com\/index.php?rest_route=%2Fwp%2Fv2%2Ftags&post=1759"}],"curies":[{"name":"wp","href":"https:\/\/api.w.org\/{rel}","templated":true}]}}