{"id":1763,"date":"2021-07-08T17:22:12","date_gmt":"2021-07-08T23:22:12","guid":{"rendered":"https:\/\/ovelanalista.com\/?p=146997"},"modified":"2021-07-08T17:22:12","modified_gmt":"2021-07-08T23:22:12","slug":"amlo-anuncia-que-a-partir-de-hoy-baja-a-65-anos-la-edad-necesaria-para-recibir-pension","status":"publish","type":"post","link":"https:\/\/ovelanalista.com\/?p=1763","title":{"rendered":"AMLO anuncia que a partir de hoy baja a 65 a\u00f1os la edad necesaria para recibir pensi\u00f3n"},"content":{"rendered":"<article class=\"articlecontent allowvig loaded\" data-id=\"101\" data-m=\"{&quot;i&quot;:101,&quot;p&quot;:98,&quot;n&quot;:&quot;article&quot;,&quot;y&quot;:6,&quot;o&quot;:3}\" data-nativead-placements=\"article_aside:3;singlecard1:1;singlecard2:1;singlecard3:1;singlecard4:1;singlecard5:1;singlecard6:1;singlecard7:1;singlecard8:1;singlecard9:1;singlecard10:1;singlecard11:1;\">\n<section class=\"flexarticle\" data-id=\"102\" data-m=\"{&quot;i&quot;:102,&quot;p&quot;:101,&quot;n&quot;:&quot;flexarticle&quot;,&quot;y&quot;:6,&quot;o&quot;:1}\">\n<section class=\"articlebody \" data-id=\"103\" data-m=\"{&quot;i&quot;:103,&quot;p&quot;:102,&quot;n&quot;:&quot;articlebody&quot;,&quot;y&quot;:6,&quot;o&quot;:1}\">El\u00a0<a tabindex=\"0\" href=\"https:\/\/www.milenio.com\/temas\/amlo\" target=\"_blank\" rel=\"noopener\" data-id=\"128\" data-m=\"{&quot;i&quot;:128,&quot;p&quot;:103,&quot;n&quot;:&quot;partnerLink&quot;,&quot;y&quot;:24,&quot;o&quot;:4}\">presidente Andr\u00e9s Manuel L\u00f3pez Obrador<\/a>\u00a0anunci\u00f3 que a partir de hoy\u00a0<b>bajar\u00e1 a 65 a\u00f1os la edad necesaria para recibir el apoyo del p<\/b><b>rograma Pensi\u00f3n para el Bienestar<\/b>\u00a0de las Personas Adultas Mayores.<span class=\"storyimage fullwidth inlineimage\" data-aop=\"image\"><span class=\"image\" data-attrib=\"Proporcionado por Milenio\" data-caption=\"Presidente Andr\u00e9s Manuel L\u00f3pez Obrador durante su conferencia matutina desde Palacio Nacional. (Especial)\" data-id=\"104\" data-m=\"{&quot;i&quot;:104,&quot;p&quot;:103,&quot;n&quot;:&quot;openModal&quot;,&quot;t&quot;:&quot;articleImages&quot;,&quot;o&quot;:1}\"><img decoding=\"async\" class=\"loaded\" src=\"https:\/\/img-s-msn-com.akamaized.net\/tenant\/amp\/entityid\/AALVe0O.img?h=532&amp;w=799&amp;m=6&amp;q=60&amp;o=f&amp;l=f&amp;x=603&amp;y=245\" alt=\"Presidente Andr\u00e9s Manuel L\u00f3pez Obrador durante su conferencia matutina desde Palacio Nacional. (Especial)\" data-src=\"{&quot;default&quot;:{&quot;load&quot;:&quot;default&quot;,&quot;w&quot;:&quot;80&quot;,&quot;h&quot;:&quot;53&quot;,&quot;src&quot;:&quot;\/\/img-s-msn-com.akamaized.net\/tenant\/amp\/entityid\/AALVe0O.img?h=532&amp;w=799&amp;m=6&amp;q=60&amp;o=f&amp;l=f&amp;x=603&amp;y=245&quot;},&quot;size3column&quot;:{&quot;load&quot;:&quot;default&quot;,&quot;w&quot;:&quot;62&quot;,&quot;h&quot;:&quot;42&quot;,&quot;src&quot;:&quot;\/\/img-s-msn-com.akamaized.net\/tenant\/amp\/entityid\/AALVe0O.img?h=415&amp;w=624&amp;m=6&amp;q=60&amp;o=f&amp;l=f&amp;x=603&amp;y=245&quot;},&quot;size2column&quot;:{&quot;load&quot;:&quot;default&quot;,&quot;w&quot;:&quot;62&quot;,&quot;h&quot;:&quot;42&quot;,&quot;src&quot;:&quot;\/\/img-s-msn-com.akamaized.net\/tenant\/amp\/entityid\/AALVe0O.img?h=415&amp;w=624&amp;m=6&amp;q=60&amp;o=f&amp;l=f&amp;x=603&amp;y=245&quot;}}\" \/><\/span><\/span>Durante su <a tabindex=\"0\" href=\"https:\/\/www.milenio.com\/temas\/la-ma%C3%B1anera\" target=\"_blank\" rel=\"noopener\" data-id=\"129\" data-m=\"{&quot;i&quot;:129,&quot;p&quot;:103,&quot;n&quot;:&quot;partnerLink&quot;,&quot;y&quot;:24,&quot;o&quot;:5}\">conferencia matutina desde Palacio Nacional<\/a>, el mandatario celebr\u00f3 que, adem\u00e1s de disminuir la edad para recibir el apoyo de este programa, se haya\u00a0<b>incrementado el mondo que recibir\u00e1n los adultos mayores a mil 550 pesos mensuales.<\/b><\/p>\n<blockquote><p>&#8220;<b>Se va a ampliar el programa de adultos mayores,<\/b>\u00a0se va a entregar a partir de los 65 a\u00f1os, se incrementa el monto para iniciar en 15 por ciento, pero va a llegar al doble en enero del 24&#8243;, dijo.<\/p><\/blockquote>\n<p>Ayer, la Secretar\u00eda de Bienestar public\u00f3 en el\u00a0<a tabindex=\"0\" href=\"https:\/\/www.dof.gob.mx\/nota_detalle.php?codigo=5623150&amp;fecha=07\/07\/2021\" target=\"_blank\" rel=\"noopener\" data-id=\"130\" data-m=\"{&quot;i&quot;:130,&quot;p&quot;:103,&quot;n&quot;:&quot;partnerLink&quot;,&quot;y&quot;:24,&quot;o&quot;:6}\"><i>Diario Oficial de la Federaci\u00f3n<\/i><\/a>\u00a0(DOF) las nuevas reglas con las que funcionar\u00e1 el\u00a0<b>programa de pensiones para adultos mayores de la Secretar\u00eda del Bienestar<\/b>, en donde se aumentaron los montos de apoyo y se redujo a 65 la edad para recibir la pensi\u00f3n.<\/p>\n<p>El objetivo del programa es\u00a0<b>contribuir al bienestar de las personas adultas mayores a trav\u00e9s de la entrega de una pensi\u00f3n<\/b>\u00a0no contributiva que ayude a mejorar las condiciones de vida y que a su vez permita el acceso a la protecci\u00f3n social.<\/p>\n<div id=\"video_player_3c5640d0-7f36-4fdc-b274-7052c1a96873\" class=\"wcvideoplayer vxplayer animate youtube_player playerloaded\" tabindex=\"0\" aria-label=\"Video 'Conferencia matutina de AMLO, 8 de julio de 2021' \" data-adpagegroups=\"{&quot;web&quot;:&quot;mxvmon&quot;,&quot;mobileweb&quot;:&quot;mxmmon&quot;,&quot;tvweb&quot;:&quot;&quot;}\" data-config=\"{&quot;AutoPlay&quot;: false,&quot;FlashSource&quot;: &quot;\/\/static-entertainment-wus-s-msn-com.akamaized.net\/es-mx\/dinero\/_h\/b00c897a\/webcore\/flash\/player.swf&quot;,&quot;HomePageLink&quot;: &quot;\/\/www.msn.com\/es-mx&quot;,&quot;HybridPlayerSource&quot;: &quot;\/\/static-entertainment-wus-s-msn-com.akamaized.net\/es-mx\/dinero\/_h\/561caba8\/webcore\/flash\/hybridplayer_2.swf&quot;,&quot;IsImmersivePlayer&quot;: true,&quot;Is3PP&quot;: true,&quot;InPlayerPageContext&quot;: false,&quot;IsInlinePlayer&quot;: true,&quot;InViewPlay&quot;: false,&quot;InViewWidthFraction&quot;: 0.5,&quot;InViewHeightFraction&quot;: 0.5,&quot;LeadWith&quot;: &quot;html5&quot;,&quot;Mute&quot;: true,&quot;SwfCacheRefreshTime&quot;: 86400,&quot;ShowTitle&quot;: true,&quot;UseHybridPlayer&quot;: false,&quot;AdConfig&quot;:{&quot;AdManagerRequestTimeout&quot;: 25,&quot;FWFlashProfile&quot;: &quot;188286:MSN_AS3_Live&quot;,&quot;FWHtml5Profile&quot;: &quot;188286:MSN_HTML5_Live&quot;,&quot;FWNetworkId&quot;: 188286,&quot;FWServer&quot;: &quot;https:\/\/2df7e.v.fwmrm.net&quot;,&quot;HybridPlayerAdInitTimeout&quot;: 30,&quot;HybridPlayerAdStartTimeout&quot;: 30,&quot;UseTargetingService&quot;: &quot;none&quot;},&quot;EndSlateConfig&quot;:{&quot;EndslateContinuousPlayEnabled&quot;: true},&quot;ReportingConfig&quot;:{&quot;Category&quot;: &quot;financenewsmx&quot;,&quot;ComscoreUrl&quot;: &quot;https:\/\/sb.scorecardresearch.com\/b?&quot;,&quot;DomainId&quot;: 2511,&quot;Fr&quot;: &quot;es-mx_finance&quot;,&quot;ImpressionGuid&quot;: &quot;1ddd0e13b50f4eef8cbb35592f5a6252&quot;,&quot;Market&quot;: &quot;es-mx&quot;,&quot;OtfUrl&quot;: &quot;\/\/otf.msn.com\/c.gif?&quot;,&quot;SubCategory&quot;: &quot;no-sc&quot;,&quot;Subcvs&quot;: &quot;finance&quot;}}\" data-metadata=\"{&quot;csId&quot;:&quot;BBMkLH3&quot;,&quot;csIdBase32&quot;:&quot;B6FQKAAZJ&quot;,&quot;description&quot;:&quot;Conferencia matutina del presidente Andr\u00e9s Manuel L\u00f3pez Obrador (AMLO) del jueves 8 de julio de 2021, desde Palacio Nacional.nn#NoticiasMilenio #ConferenciaAMLO #AMLO #LaMa\u00f1anera #ConferenciaPresidente #AMLOEnVivonnSuscr\u00edbete a nuestro canal: https:\/\/www.youtube.com\/user\/MILENIO?sub_confirmation=1nnSigue nuestro EN VIVO las 24 horas: https:\/\/www.youtube.com\/user\/MILENIO\/livennSitio: https:\/\/www.milenio.comnFacebook: https:\/\/www.facebook.com\/MilenioDiario\/nTwitter: https:\/\/twitter.com\/Milenio&quot;,&quot;feedId&quot;:&quot;BBMurP9&quot;,&quot;pageGroup&quot;:&quot;&quot;,&quot;providerId&quot;:&quot;gGvB7Hhd-FY&quot;,&quot;shareUrl&quot;:&quot;https:\/\/www.milenio.com\/politica\/sspc-preve-terminar-vacunar-municipios-fronterizos-agosto&quot;,&quot;sourceFriendly&quot;:&quot;Milenio&quot;,&quot;sourceLogo&quot;:&quot;https:\/\/img-s-msn-com.akamaized.net\/tenant\/amp\/entityid\/BBO9g3s.img&quot;,&quot;title&quot;:&quot;Conferencia matutina de AMLO, 8 de julio de 2021&quot;,&quot;uuid&quot;:&quot;AALV9jQ&quot;,&quot;uuidBase32&quot;:&quot;B4PYBR5E2&quot;,&quot;playerName&quot;:&quot;YouTube&quot;,&quot;videoFiles&quot;:[],&quot;tags&quot;:[{&quot;ns&quot;:&quot;jobEnvironment&quot;,&quot;value&quot;:&quot;System.Collections.Generic.List&#96;1[System.String]&quot;},{&quot;ns&quot;:&quot;jobInstanceName&quot;,&quot;value&quot;:&quot;System.Collections.Generic.List&#96;1[System.String]&quot;},{&quot;ns&quot;:&quot;feedUrl&quot;,&quot;value&quot;:&quot;http:\/\/www.milenio.com\/api\/v1\/ms_rss\/politica?X-API-KEY=ipp26TT9aoGFp3aHfG7k&quot;},{&quot;ns&quot;:&quot;displayAds&quot;,&quot;value&quot;:&quot;System.Collections.Generic.List&#96;1[System.String]&quot;},{&quot;ns&quot;:&quot;feedSourcesArchivePath&quot;,&quot;value&quot;:&quot;System.Collections.Generic.List&#96;1[System.String]&quot;},{&quot;ns&quot;:&quot;deduplicationId&quot;,&quot;value&quot;:&quot;System.Collections.Generic.List&#96;1[System.String]&quot;},{&quot;ns&quot;:&quot;ingestion-tracking&quot;,&quot;value&quot;:&quot;System.Collections.Generic.List&#96;1[System.String]&quot;},{&quot;ns&quot;:&quot;externalPlayerName&quot;,&quot;value&quot;:&quot;YouTube&quot;}],&quot;thumbnail&quot;:{&quot;url&quot;:&quot;https:\/\/img-s-msn-com.akamaized.net\/tenant\/amp\/entityid\/AALV9jM.img&quot;},&quot;headlineImage&quot;:{&quot;url&quot;:&quot;https:\/\/img-s-msn-com.akamaized.net\/tenant\/amp\/entityid\/AALV9jM.img&quot;}}\" data-id=\"105\" data-m=\"{&quot;i&quot;:105,&quot;p&quot;:103,&quot;n&quot;:&quot;inline-player&quot;,&quot;y&quot;:8,&quot;o&quot;:2}\" data-playertype=\"Html5\">\n<div class=\"external\">\n<p><iframe loading=\"lazy\" id=\"cdksirr6\" class=\"player\" title=\"YouTube video player\" src=\"https:\/\/www.youtube.com\/embed\/gGvB7Hhd-FY?autoplay=0&amp;showinfo=1&amp;wmode=opaque&amp;modestbranding=1&amp;enablejsapi=1&amp;fs=1&amp;rel=0&amp;origin=https%3A%2F%2Fwww.msn.com&amp;widgetid=1\" width=\"100%\" height=\"100%\" frameborder=\"0\" allowfullscreen=\"allowfullscreen\" data-mce-fragment=\"1\"><\/iframe><\/p>\n<div class=\"providerDetails\">Reproductor de v\u00eddeo de: YouTube\u00a0(<a tabindex=\"0\" href=\"https:\/\/www.google.com\/policies\/privacy\/\" target=\"_blank\" rel=\"noopener\">Pol\u00edtica de privacidad<\/a>,\u00a0<a tabindex=\"0\" href=\"https:\/\/www.youtube.com\/t\/terms\" target=\"_blank\" rel=\"noopener\">T\u00e9rminos<\/a>)<\/div>\n<\/div>\n<\/div>\n<p>AMP\u200b<\/p>\n<\/section>\n<\/section>\n<\/article>\n","protected":false},"excerpt":{"rendered":"<p>El\u00a0presidente Andr\u00e9s Manuel L\u00f3pez Obrador\u00a0anunci\u00f3 que a partir de hoy\u00a0bajar\u00e1 a 65 a\u00f1os la edad necesaria para recibir el apoyo del programa Pensi\u00f3n para el Bienestar\u00a0de las Personas Adultas Mayores.Durante su conferencia matutina desde Palacio Nacional, el mandatario celebr\u00f3 que, adem\u00e1s de disminuir la edad para recibir el apoyo de este programa, se haya\u00a0incrementado el mondo que recibir\u00e1n los adultos mayores a mil 550 pesos mensuales. &#8220;Se va a ampliar el programa de adultos mayores,\u00a0se va a entregar a partir de los 65 a\u00f1os, se incrementa el monto para iniciar en 15 por ciento, pero va a llegar al doble [&hellip;]<\/p>\n","protected":false},"author":1,"featured_media":1764,"comment_status":"open","ping_status":"open","sticky":false,"template":"","format":"standard","meta":{"_jetpack_newsletter_access":"","_jetpack_dont_email_post_to_subs":false,"_jetpack_newsletter_tier_id":0,"_jetpack_memberships_contains_paywalled_content":false,"_jetpack_feature_clip_id":0,"_jetpack_memberships_contains_paid_content":false,"footnotes":"","jetpack_publicize_message":"","jetpack_publicize_feature_enabled":true,"jetpack_social_post_already_shared":true,"jetpack_social_options":{"image_generator_settings":{"template":"highway","default_image_id":0,"font":"","enabled":false},"version":2},"jetpack_post_was_ever_published":false},"categories":[75,72],"tags":[],"class_list":["post-1763","post","type-post","status-publish","format-standard","has-post-thumbnail","hentry","category-nacional","category-portada","post--single"],"jetpack_publicize_connections":[],"jetpack_featured_media_url":"https:\/\/ovelanalista.com\/wp-content\/uploads\/2021\/07\/AALVe0O.jpg","jetpack_sharing_enabled":true,"_links":{"self":[{"href":"https:\/\/ovelanalista.com\/index.php?rest_route=\/wp\/v2\/posts\/1763","targetHints":{"allow":["GET"]}}],"collection":[{"href":"https:\/\/ovelanalista.com\/index.php?rest_route=\/wp\/v2\/posts"}],"about":[{"href":"https:\/\/ovelanalista.com\/index.php?rest_route=\/wp\/v2\/types\/post"}],"author":[{"embeddable":true,"href":"https:\/\/ovelanalista.com\/index.php?rest_route=\/wp\/v2\/users\/1"}],"replies":[{"embeddable":true,"href":"https:\/\/ovelanalista.com\/index.php?rest_route=%2Fwp%2Fv2%2Fcomments&post=1763"}],"version-history":[{"count":0,"href":"https:\/\/ovelanalista.com\/index.php?rest_route=\/wp\/v2\/posts\/1763\/revisions"}],"wp:featuredmedia":[{"embeddable":true,"href":"https:\/\/ovelanalista.com\/index.php?rest_route=\/wp\/v2\/media\/1764"}],"wp:attachment":[{"href":"https:\/\/ovelanalista.com\/index.php?rest_route=%2Fwp%2Fv2%2Fmedia&parent=1763"}],"wp:term":[{"taxonomy":"category","embeddable":true,"href":"https:\/\/ovelanalista.com\/index.php?rest_route=%2Fwp%2Fv2%2Fcategories&post=1763"},{"taxonomy":"post_tag","embeddable":true,"href":"https:\/\/ovelanalista.com\/index.php?rest_route=%2Fwp%2Fv2%2Ftags&post=1763"}],"curies":[{"name":"wp","href":"https:\/\/api.w.org\/{rel}","templated":true}]}}