{"id":1810,"date":"2021-07-07T14:02:48","date_gmt":"2021-07-07T20:02:48","guid":{"rendered":"https:\/\/ovelanalista.com\/?p=146929"},"modified":"2021-07-07T14:02:48","modified_gmt":"2021-07-07T20:02:48","slug":"inician-inscripciones-para-el-campamento-mi-verano-2021-en-cie-y-trapiche","status":"publish","type":"post","link":"https:\/\/ovelanalista.com\/?p=1810","title":{"rendered":"Inician inscripciones para el Campamento \u201cMi Verano 2021\u201d en CIE y Trapiche"},"content":{"rendered":"<p><strong>Los Mochis, Sin.-<\/strong> En punto de las 10:00 am inici\u00f3 la rueda de prensa donde se dieron a conocer las actividades que se llevar\u00e1n a cabo en el Campamento Mi Verano 2021 &#8211; Divi\u00e9rtete Aprendiendo del 13 al 24 de Julio, y que dicho campamento alternar\u00e1 entre las instalaciones de Trapiche Museo Interactivo y CIE (Centro de Innovaci\u00f3n y Educaci\u00f3n).<br \/>\nLa Directora Ejecutiva de Impulsora de la Cultura y de las Artes IAP, Maestra Rosa Irma Pe\u00f1uelas hizo mucho \u00e9nfasis en los protocolos de seguridad que se tendr\u00e1n durante el campamento, principalmente con el cupo limitado de un solo grupo reducido de 25 ni\u00f1os entre las edades de 8 a 12 a\u00f1os. Quienes podr\u00e1n disfrutar de actividades recreativas los d\u00edas martes, jueves y s\u00e1bados en las instalaciones de Trapiche y de arte los d\u00edas mi\u00e9rcoles y viernes en las instalaciones del CIE durante dos semanas en un horario de 9:00 a 13:00 h.<br \/>\nLas inscripciones ya est\u00e1n abiertas, el campamento tendr\u00e1 una cuota de recuperaci\u00f3n de 1,000.00 por ni\u00f1o, misma que incluye todo el material que ser\u00e1 utilizado en las diversas actividades como son: ciencia, tecnolog\u00eda, arte, canto, educaci\u00f3n ambiental, emociones, activaci\u00f3n f\u00edsica, gimnasia cerebral, cocina, cine y recorridos guiados por el museo.<br \/>\nLa directora del Campamento, Rosa Irene Gil, mencion\u00f3 que la din\u00e1mica de trabajo ser\u00e1 en equipos no mayores a 10 ni\u00f1os lo que permite una atenci\u00f3n m\u00e1s personalizada y sobre todo cuidar en todo momento las medidas de seguridad e higiene requeridas como son el uso obligatorio del cubrebocas, ingreso a la c\u00e1mara de ozono, lectura de temperatura, aplicaci\u00f3n de gel antibacterial, limpieza profunda de los espacios entre otras, garantizando con ello la seguridad de los ni\u00f1os.<br \/>\nPor \u00faltimo, compartieron un n\u00famero de tel\u00e9fono 668 816 71 10 y otro de WhatsApp 668 101 01 35 para pedir informes sobre el campamento.<\/p>\n","protected":false},"excerpt":{"rendered":"<p>Los Mochis, Sin.- En punto de las 10:00 am inici\u00f3 la rueda de prensa donde se dieron a conocer las actividades que se llevar\u00e1n a cabo en el Campamento Mi Verano 2021 &#8211; Divi\u00e9rtete Aprendiendo del 13 al 24 de Julio, y que dicho campamento alternar\u00e1 entre las instalaciones de Trapiche Museo Interactivo y CIE (Centro de Innovaci\u00f3n y Educaci\u00f3n). La Directora Ejecutiva de Impulsora de la Cultura y de las Artes IAP, Maestra Rosa Irma Pe\u00f1uelas hizo mucho \u00e9nfasis en los protocolos de seguridad que se tendr\u00e1n durante el campamento, principalmente con el cupo limitado de un solo grupo [&hellip;]<\/p>\n","protected":false},"author":1,"featured_media":1811,"comment_status":"open","ping_status":"open","sticky":false,"template":"","format":"standard","meta":{"_jetpack_newsletter_access":"","_jetpack_dont_email_post_to_subs":false,"_jetpack_newsletter_tier_id":0,"_jetpack_memberships_contains_paywalled_content":false,"_jetpack_feature_clip_id":0,"_jetpack_memberships_contains_paid_content":false,"footnotes":"","jetpack_publicize_message":"","jetpack_publicize_feature_enabled":true,"jetpack_social_post_already_shared":true,"jetpack_social_options":{"image_generator_settings":{"template":"highway","default_image_id":0,"font":"","enabled":false},"version":2},"jetpack_post_was_ever_published":false},"categories":[1],"tags":[],"class_list":["post-1810","post","type-post","status-publish","format-standard","has-post-thumbnail","hentry","category-uncategorized","post--single"],"jetpack_publicize_connections":[],"jetpack_featured_media_url":"https:\/\/ovelanalista.com\/wp-content\/uploads\/2021\/07\/WhatsApp-Image-2021-07-07-at-12.14.41.jpeg","jetpack_sharing_enabled":true,"_links":{"self":[{"href":"https:\/\/ovelanalista.com\/index.php?rest_route=\/wp\/v2\/posts\/1810","targetHints":{"allow":["GET"]}}],"collection":[{"href":"https:\/\/ovelanalista.com\/index.php?rest_route=\/wp\/v2\/posts"}],"about":[{"href":"https:\/\/ovelanalista.com\/index.php?rest_route=\/wp\/v2\/types\/post"}],"author":[{"embeddable":true,"href":"https:\/\/ovelanalista.com\/index.php?rest_route=\/wp\/v2\/users\/1"}],"replies":[{"embeddable":true,"href":"https:\/\/ovelanalista.com\/index.php?rest_route=%2Fwp%2Fv2%2Fcomments&post=1810"}],"version-history":[{"count":0,"href":"https:\/\/ovelanalista.com\/index.php?rest_route=\/wp\/v2\/posts\/1810\/revisions"}],"wp:featuredmedia":[{"embeddable":true,"href":"https:\/\/ovelanalista.com\/index.php?rest_route=\/wp\/v2\/media\/1811"}],"wp:attachment":[{"href":"https:\/\/ovelanalista.com\/index.php?rest_route=%2Fwp%2Fv2%2Fmedia&parent=1810"}],"wp:term":[{"taxonomy":"category","embeddable":true,"href":"https:\/\/ovelanalista.com\/index.php?rest_route=%2Fwp%2Fv2%2Fcategories&post=1810"},{"taxonomy":"post_tag","embeddable":true,"href":"https:\/\/ovelanalista.com\/index.php?rest_route=%2Fwp%2Fv2%2Ftags&post=1810"}],"curies":[{"name":"wp","href":"https:\/\/api.w.org\/{rel}","templated":true}]}}