{"id":22124,"date":"2022-02-27T18:30:33","date_gmt":"2022-02-28T01:30:33","guid":{"rendered":"https:\/\/ovelanalista.com\/?p=22124"},"modified":"2022-02-27T18:30:33","modified_gmt":"2022-02-28T01:30:33","slug":"ordena-juez-suspension-definitiva-a-decretazo-de-amlo","status":"publish","type":"post","link":"https:\/\/ovelanalista.com\/?p=22124","title":{"rendered":"Ordena Juez suspensi\u00f3n definitiva a &#8220;decretazo&#8221; de AMLO"},"content":{"rendered":"<p>El proceso legal en contra del acuerdo emitido en noviembre por el presidente a\u00fan debe ser revisado y resuelto si el gobierno federal promueve un recurso de revisi\u00f3n.<\/p>\n<p>El Juzgado D\u00e9cimo S\u00e9ptimo de Distrito en Materia Administrativa en la Ciudad de M\u00e9xico orden\u00f3 la suspensi\u00f3n definitiva del llamado \u201cdecretazo\u201d del presidente Andr\u00e9s Manuel L\u00f3pez Obrador, por lo que, en materia de transparencia, las dependencias de gobierno no podr\u00e1n reservar informaci\u00f3n con el argumento de que sus mega obras son de \u201cinter\u00e9s p\u00fablico y seguridad nacional\u201d.<\/p>\n<p>El recurso jur\u00eddico fue tramitado por la Asociaci\u00f3n Civil Consejo Nacional de Litigio Estrat\u00e9gico (CNLE), al que la jueza Celina Ang\u00e9lica Quintero dio la raz\u00f3n, concedi\u00f3 la suspensi\u00f3n definitiva solicitada, y adem\u00e1s le reconoci\u00f3 personalidad jur\u00eddica para la tramitaci\u00f3n del amparo promovido.<\/p>\n<p>Con la decisi\u00f3n de la juzgadora las dependencias del gobierno no podr\u00e1n negar el acceso a informaci\u00f3n p\u00fablica que les sea solicitada sobre las mega obras del gobierno federal ni reservarlas por ser de \u201cseguridad nacional\u201d.<\/p>\n<p>\u201cEsta orden judicial complementa la resoluci\u00f3n de diciembre pasado emitida en el mismo sentido en favor del Instituto Nacional de Transparencia, Acceso a la Informaci\u00f3n P\u00fablica y Protecci\u00f3n de Datos Personales (INAI), pero ahora a ra\u00edz de un juicio de amparo promovido desde la trinchera Ciudadana\u201d, festej\u00f3 la CNLE.<\/p>\n<p>Al dar la entrada a la Controversia del INAI, con el n\u00famero 217\/2021, el 14 de diciembre pasado la Suprema Corte de Justicia de la Naci\u00f3n (SCJN) le concedi\u00f3 la suspensi\u00f3n, con lo que el gobierno federal qued\u00f3 inicialmente impedido para reservar la informaci\u00f3n sobre las mega obras.<\/p>\n<p>Con lo decidido por la jueza al admitir el amparo 1833\/2021 se ratific\u00f3 esa decisi\u00f3n, pero ahora para proteger a un organismo de la sociedad civil.<\/p>\n<div>\n<p>La juez \u201cconsider\u00f3 que nuestro Consejo se encuentra legitimado para emprender acciones de litigio estrat\u00e9gico en favor del Estado de Derecho, lo cual resulta valioso para la misi\u00f3n de esta organizaci\u00f3n de la sociedad civil,\u201d se congratul\u00f3 la organizaci\u00f3n, que preside e empresario Gustavo de Hoyos Walther, tambi\u00e9n l\u00edder de la organizaci\u00f3n opositora Si por M\u00e9xico.<\/p>\n<\/div>\n<div>https:\/\/twitter.com\/gdehoyoswalther\/status\/1497248946565136385?ref_src=twsrc%5Etfw%7Ctwcamp%5Etweetembed%7Ctwterm%5E1497248946565136385%7Ctwgr%5E%7Ctwcon%5Es1_c10&amp;ref_url=https%3A%2F%2Fpolitica.expansion.mx%2Fmexico%2F2022%2F02%2F25%2Fjuez-otorga-suspension-defintiva-a-decretazo-sobre-megaobras<\/div>\n<div><\/div>\n<div>\u201cDe lo expuesto, se desprende que el acuerdo reclamado s\u00ed tiene una trascendencia en el objetivo de la asociaci\u00f3n civil, dado que al considerar como de seguridad nacional los proyectos y obras del Gobierno Federal, se traduce en una limitaci\u00f3n en el acceso a la informaci\u00f3n vinculada con esas obras y proyectos\u201d, acord\u00f3 el juzgado.<\/div>\n<div>\n<h4 class=\"cms-Subtitulos-Subtitulo1\"><b>\u00bfQu\u00e9 es el \u201cdecretazo\u201d de AMLO\u201d?<\/b><\/h4>\n<p>En sentido estricto no es un decreto, sino un\u00a0<b>acuerdo<\/b>\u00a0emitido por el presidente el pasado 22 de noviembre y publicado el mismo d\u00eda en el Diario Oficial de la Federaci\u00f3n (DOF) para su entrada en vigor inmediata, en el que se declar\u00f3 \u201cde inter\u00e9s p\u00fablico y seguridad nacional la realizaci\u00f3n de proyectos y obras a cargo del Gobierno de M\u00e9xico\u201d.<\/p>\n<\/div>\n<div><\/div>\n<div>\n<p>Pero en el documento se incluyeron dentro de esa clasificaci\u00f3n pr\u00e1cticamente todos los ramos: \u201cinfraestructura de los sectores comunicaciones, telecomunicaciones, aduanero, fronterizo, hidr\u00e1ulico, h\u00eddrico, medio ambiente, tur\u00edstico, salud, v\u00edas f\u00e9rreas, ferrocarriles en todas sus modalidades energ\u00e9tico, puertos, aeropuertos y aquellos que, por su objeto, caracter\u00edsticas, naturaleza, complejidad y magnitud, se consideren prioritarios y\/o estrat\u00e9gicos para el desarrollo nacional\u201d.<\/p>\n<\/div>\n<div class=\"Enhancement\">Por tanto, aunque no se mencionan las megaobras del gobierno federal, todas estar\u00edan incluidas: el Aeropuerto Internacional Felipe \u00c1ngeles, el Tren Maya, la Refiner\u00eda de Dos Bocas y el Corredor Trans\u00edsmico.<\/div>\n<div><\/div>\n<div>\n<p>Con la clasificaci\u00f3n establecida en el acuerdo presidencial se orden\u00f3 a todas las dependencias y entidades de la Administraci\u00f3n P\u00fablica Federal a actuar fast track y \u201cotorgar la autorizaci\u00f3n provisional a la presentaci\u00f3n y\/u obtenci\u00f3n de los dict\u00e1menes, permisos o licencias necesarias para iniciar los proyectos u obras a que se refiere el art\u00edculo anterior, y con ello garantizar su ejecuci\u00f3n oportuna\u201d .<\/p>\n<p>El plazo para entregar esas autorizaciones -se fij\u00f3- ser\u00eda \u201cm\u00e1ximo de cinco d\u00edas h\u00e1biles contados a partir de la presentaci\u00f3n de la solicitud correspondiente. Transcurrido dicho plazo sin que se emita una autorizaci\u00f3n provisional expresa, se considerar\u00e1 resuelta en sentido positivo\u201d.<\/p>\n<\/div>\n<p>&nbsp;<\/p>\n<p>Con informaci\u00f3n de Expansi\u00f3n Pol\u00edtica<\/p>\n<div><\/div>\n","protected":false},"excerpt":{"rendered":"<p>El proceso legal en contra del acuerdo emitido en noviembre por el presidente a\u00fan debe ser revisado y resuelto si el gobierno federal promueve un recurso de revisi\u00f3n. El Juzgado D\u00e9cimo S\u00e9ptimo de Distrito en Materia Administrativa en la Ciudad de M\u00e9xico orden\u00f3 la suspensi\u00f3n definitiva del llamado \u201cdecretazo\u201d del presidente Andr\u00e9s Manuel L\u00f3pez Obrador, por lo que, en materia de transparencia, las dependencias de gobierno no podr\u00e1n reservar informaci\u00f3n con el argumento de que sus mega obras son de \u201cinter\u00e9s p\u00fablico y seguridad nacional\u201d. El recurso jur\u00eddico fue tramitado por la Asociaci\u00f3n Civil Consejo Nacional de Litigio Estrat\u00e9gico (CNLE), [&hellip;]<\/p>\n","protected":false},"author":3,"featured_media":22125,"comment_status":"open","ping_status":"open","sticky":false,"template":"","format":"standard","meta":{"_jetpack_newsletter_access":"","_jetpack_dont_email_post_to_subs":false,"_jetpack_newsletter_tier_id":0,"_jetpack_memberships_contains_paywalled_content":false,"_jetpack_feature_clip_id":0,"_jetpack_memberships_contains_paid_content":false,"footnotes":"","jetpack_publicize_message":"","jetpack_publicize_feature_enabled":true,"jetpack_social_post_already_shared":true,"jetpack_social_options":{"image_generator_settings":{"template":"highway","default_image_id":0,"font":"","enabled":false},"version":2},"jetpack_post_was_ever_published":false},"categories":[75,72],"tags":[],"class_list":["post-22124","post","type-post","status-publish","format-standard","has-post-thumbnail","hentry","category-nacional","category-portada","post--single"],"jetpack_publicize_connections":[],"jetpack_featured_media_url":"https:\/\/ovelanalista.com\/wp-content\/uploads\/2022\/02\/aeropuerto.webp","jetpack_sharing_enabled":true,"_links":{"self":[{"href":"https:\/\/ovelanalista.com\/index.php?rest_route=\/wp\/v2\/posts\/22124","targetHints":{"allow":["GET"]}}],"collection":[{"href":"https:\/\/ovelanalista.com\/index.php?rest_route=\/wp\/v2\/posts"}],"about":[{"href":"https:\/\/ovelanalista.com\/index.php?rest_route=\/wp\/v2\/types\/post"}],"author":[{"embeddable":true,"href":"https:\/\/ovelanalista.com\/index.php?rest_route=\/wp\/v2\/users\/3"}],"replies":[{"embeddable":true,"href":"https:\/\/ovelanalista.com\/index.php?rest_route=%2Fwp%2Fv2%2Fcomments&post=22124"}],"version-history":[{"count":1,"href":"https:\/\/ovelanalista.com\/index.php?rest_route=\/wp\/v2\/posts\/22124\/revisions"}],"predecessor-version":[{"id":22126,"href":"https:\/\/ovelanalista.com\/index.php?rest_route=\/wp\/v2\/posts\/22124\/revisions\/22126"}],"wp:featuredmedia":[{"embeddable":true,"href":"https:\/\/ovelanalista.com\/index.php?rest_route=\/wp\/v2\/media\/22125"}],"wp:attachment":[{"href":"https:\/\/ovelanalista.com\/index.php?rest_route=%2Fwp%2Fv2%2Fmedia&parent=22124"}],"wp:term":[{"taxonomy":"category","embeddable":true,"href":"https:\/\/ovelanalista.com\/index.php?rest_route=%2Fwp%2Fv2%2Fcategories&post=22124"},{"taxonomy":"post_tag","embeddable":true,"href":"https:\/\/ovelanalista.com\/index.php?rest_route=%2Fwp%2Fv2%2Ftags&post=22124"}],"curies":[{"name":"wp","href":"https:\/\/api.w.org\/{rel}","templated":true}]}}