{"id":22127,"date":"2022-02-27T18:34:06","date_gmt":"2022-02-28T01:34:06","guid":{"rendered":"https:\/\/ovelanalista.com\/?p=22127"},"modified":"2022-02-27T18:34:06","modified_gmt":"2022-02-28T01:34:06","slug":"bienestar-pago-mas-de-10-mdp-en-pensiones-para-adultos-mayores-a-personas-fallecidas-asf","status":"publish","type":"post","link":"https:\/\/ovelanalista.com\/?p=22127","title":{"rendered":"Bienestar pag\u00f3 m\u00e1s de 10 mdp en pensiones para adultos mayores a personas fallecidas: ASF"},"content":{"rendered":"<p>En su informe de Cuenta P\u00fablica 2020, la Auditor\u00eda Superior se\u00f1al\u00f3 que la Secretar\u00eda incurri\u00f3 en diversas irregularidades por las que a\u00fan debe aclarar el gasto de 46 millones 761 mil 265 pesos.<\/p>\n<p>La Auditor\u00eda Superior de la Federaci\u00f3n (<a href=\"https:\/\/www.eluniversal.com.mx\/tag\/asf\" target=\"_blank\" rel=\"noopener\"><strong>ASF<\/strong><\/a>) detect\u00f3 que la\u00a0<strong>Secretar\u00eda del<\/strong>\u00a0<strong>Bienestar\u00a0<\/strong>pag\u00f3 m\u00e1s de 10 millones de pesos del programa pensiones para el Bienestar de las\u00a0<strong><a href=\"https:\/\/www.eluniversal.com.mx\/tag\/adultos-mayores\" target=\"_blank\" rel=\"noopener\">Personas Adultas Mayores<\/a>,<\/strong>\u00a0a beneficiarios que\u00a0fallecieron entre 1950 y 2020.<\/p>\n<p>En la Tercera Entrega de la revisi\u00f3n de la<a href=\"https:\/\/www.eluniversal.com.mx\/nacion\" target=\"_blank\" rel=\"noopener\">\u00a0<\/a><strong><a href=\"https:\/\/www.eluniversal.com.mx\/nacion\" target=\"_blank\" rel=\"noopener\">Cuenta P\u00fablica 2020<\/a>,\u00a0<\/strong>la ASF se\u00f1al\u00f3 que la Secretar\u00eda incurri\u00f3 en diversas irregularidades por las que a\u00fan debe aclarar el gasto de 46 millones 761 mil 265 pesos.<\/p>\n<p>&nbsp;<\/p>\n<figure class=\"contenedor-ImagenArticulo\"><picture><source srcset=\"https:\/\/www.eluniversal.com.mx\/sites\/default\/files\/styles\/f27-273x210\/public\/2022\/02\/20\/vacunacion_covid.jpg?itok=76TpVnhS\" media=\"(max-width:576px)\" \/><source srcset=\"https:\/\/www.eluniversal.com.mx\/sites\/default\/files\/styles\/f03-651x400\/public\/2022\/02\/20\/vacunacion_covid.jpg?itok=FKUCZKgT\" media=\"(max-width:780px)\" \/><source srcset=\"https:\/\/www.eluniversal.com.mx\/sites\/default\/files\/styles\/f01-768x600_corte_3_u2020\/public\/2022\/02\/20\/vacunacion_covid.jpg?itok=h5q6CUiZ\" media=\"(max-width:1040px)\" \/><\/picture>\n<div id=\"standard_1\" class=\"st-placement standard_1 inImage\">\n<div class=\"st-adunit st-reset st-show\">\n<div class=\"st-adunit-ad st-reset\">\n<div class=\"st-display-render st-reset\">\n<div class=\"st-reset\">\n<div class=\"important-styled st-canvas-container open Billboard_970x300 display-standard fssquz2\">\n<div class=\"important-styled st-canvas-el fhxwyqa\">\n<div class=\"important-styled st-canvas-container undefined fssquz2\">\n<div class=\"important-styled st-canvas-el f1sf1g3d\">\n<div class=\"important-styled st-canvas-container undefined fssquz2\">\n<div class=\"important-styled st-canvas-el fhxwyqa\">\n<div class=\"important-styled fiv2j0v\">\n<p>Para 2020 el programa recibi\u00f3 un monto total de 123 mil 956 millones 126 mil 100 pesos de los cuales la\u00a0<strong>ASF\u00a0<\/strong>\u00fanicamente revis\u00f3 el gasto de 23 mil 512 millones 286 mil 900 pesos.<\/p>\n<p>De su revisi\u00f3n, la Auditor\u00eda detect\u00f3 el pago de 10 millones 84 mil 200 pesos a dos mil 55 personas que fallecieron entre 1950 y 2020.<\/p>\n<p>Tambi\u00e9n encontr\u00f3 la existencia de pagos duplicados a 85 beneficiarios por 762 mil 400 pesos y\u00a0<strong>pagos de pensiones\u00a0<\/strong>a 109 personas por 535 mil 200 pesos de los que la Secretar\u00eda no acredit\u00f3 que viven en alg\u00fan municipio o pueblo ind\u00edgena, conforme a lo establecido en las Reglas de Operaci\u00f3n del programa.<\/p>\n<p>Asimismmo, la ASF indic\u00f3 que la Secretar\u00eda pag\u00f3 pensiones por un monto total de 25 millones 226 mil 100 pesos de los cuales 22 millones 587 mil 700 pesos fueron entregados a mil 575 personas de las cuales la dependencia no acredit\u00f3 que tengan\u00a0<strong>Clave \u00danica de Registro de<\/strong>\u00a0<strong>Poblaci\u00f3n\u00a0<\/strong>(<strong>CURP<\/strong>).<\/p>\n<p>Mientras que dos millones 638 mil 400 pesos fueron pagados a 189 personas que se incorporaron al programa entre 2008 y 2015 pero en cuyos expedientes no est\u00e1 acreditado que cumpl\u00edan con los requisitos para recibir la pensi\u00f3n.<\/p>\n<\/div>\n<\/div>\n<\/div>\n<\/div>\n<\/div>\n<\/div>\n<\/div>\n<p>&nbsp;<\/p>\n<p>Con informaci\u00f3n de El Universal<\/p>\n<\/div>\n<\/div>\n<\/div>\n<\/div>\n<\/div>\n<\/figure>\n","protected":false},"excerpt":{"rendered":"<p>En su informe de Cuenta P\u00fablica 2020, la Auditor\u00eda Superior se\u00f1al\u00f3 que la Secretar\u00eda incurri\u00f3 en diversas irregularidades por las que a\u00fan debe aclarar el gasto de 46 millones 761 mil 265 pesos. La Auditor\u00eda Superior de la Federaci\u00f3n (ASF) detect\u00f3 que la\u00a0Secretar\u00eda del\u00a0Bienestar\u00a0pag\u00f3 m\u00e1s de 10 millones de pesos del programa pensiones para el Bienestar de las\u00a0Personas Adultas Mayores,\u00a0a beneficiarios que\u00a0fallecieron entre 1950 y 2020. En la Tercera Entrega de la revisi\u00f3n de la\u00a0Cuenta P\u00fablica 2020,\u00a0la ASF se\u00f1al\u00f3 que la Secretar\u00eda incurri\u00f3 en diversas irregularidades por las que a\u00fan debe aclarar el gasto de 46 millones 761 mil 265 [&hellip;]<\/p>\n","protected":false},"author":3,"featured_media":22129,"comment_status":"open","ping_status":"open","sticky":false,"template":"","format":"standard","meta":{"_jetpack_newsletter_access":"","_jetpack_dont_email_post_to_subs":false,"_jetpack_newsletter_tier_id":0,"_jetpack_memberships_contains_paywalled_content":false,"_jetpack_feature_clip_id":0,"_jetpack_memberships_contains_paid_content":false,"footnotes":"","jetpack_publicize_message":"","jetpack_publicize_feature_enabled":true,"jetpack_social_post_already_shared":true,"jetpack_social_options":{"image_generator_settings":{"template":"highway","default_image_id":0,"font":"","enabled":false},"version":2},"jetpack_post_was_ever_published":false},"categories":[75,72],"tags":[],"class_list":["post-22127","post","type-post","status-publish","format-standard","has-post-thumbnail","hentry","category-nacional","category-portada","post--single"],"jetpack_publicize_connections":[],"jetpack_featured_media_url":"https:\/\/ovelanalista.com\/wp-content\/uploads\/2022\/02\/vacunacion_covid.webp","jetpack_sharing_enabled":true,"_links":{"self":[{"href":"https:\/\/ovelanalista.com\/index.php?rest_route=\/wp\/v2\/posts\/22127","targetHints":{"allow":["GET"]}}],"collection":[{"href":"https:\/\/ovelanalista.com\/index.php?rest_route=\/wp\/v2\/posts"}],"about":[{"href":"https:\/\/ovelanalista.com\/index.php?rest_route=\/wp\/v2\/types\/post"}],"author":[{"embeddable":true,"href":"https:\/\/ovelanalista.com\/index.php?rest_route=\/wp\/v2\/users\/3"}],"replies":[{"embeddable":true,"href":"https:\/\/ovelanalista.com\/index.php?rest_route=%2Fwp%2Fv2%2Fcomments&post=22127"}],"version-history":[{"count":2,"href":"https:\/\/ovelanalista.com\/index.php?rest_route=\/wp\/v2\/posts\/22127\/revisions"}],"predecessor-version":[{"id":22130,"href":"https:\/\/ovelanalista.com\/index.php?rest_route=\/wp\/v2\/posts\/22127\/revisions\/22130"}],"wp:featuredmedia":[{"embeddable":true,"href":"https:\/\/ovelanalista.com\/index.php?rest_route=\/wp\/v2\/media\/22129"}],"wp:attachment":[{"href":"https:\/\/ovelanalista.com\/index.php?rest_route=%2Fwp%2Fv2%2Fmedia&parent=22127"}],"wp:term":[{"taxonomy":"category","embeddable":true,"href":"https:\/\/ovelanalista.com\/index.php?rest_route=%2Fwp%2Fv2%2Fcategories&post=22127"},{"taxonomy":"post_tag","embeddable":true,"href":"https:\/\/ovelanalista.com\/index.php?rest_route=%2Fwp%2Fv2%2Ftags&post=22127"}],"curies":[{"name":"wp","href":"https:\/\/api.w.org\/{rel}","templated":true}]}}