{"id":22146,"date":"2022-02-27T18:44:36","date_gmt":"2022-02-28T01:44:36","guid":{"rendered":"https:\/\/ovelanalista.com\/?p=22146"},"modified":"2022-02-27T18:44:36","modified_gmt":"2022-02-28T01:44:36","slug":"andres-manuel-lopez-obrador-se-reune-con-el-gobernador-ruben-rocha-moya","status":"publish","type":"post","link":"https:\/\/ovelanalista.com\/?p=22146","title":{"rendered":"Andr\u00e9s Manuel L\u00f3pez Obrador se re\u00fane con el gobernador Rub\u00e9n Rocha Moya"},"content":{"rendered":"<p>El Presidente de M\u00e9xico, Andr\u00e9s Manuel L\u00f3pez Obrador se re\u00fane con el gobernador Rub\u00e9n Rocha Moya previo al inicio de su gira para supervisar los avances de las obras de las presas Picachos en la comunidad de Siqueros, y Santa Mar\u00eda. Presente tambi\u00e9n el Alcalde de Culiac\u00e1n Jes\u00fas Estrada Ferreiro.<\/p>\n<p>&nbsp;<\/p>\n<p>&nbsp;<\/p>\n","protected":false},"excerpt":{"rendered":"<p>El Presidente de M\u00e9xico, Andr\u00e9s Manuel L\u00f3pez Obrador se re\u00fane con el gobernador Rub\u00e9n Rocha Moya previo al inicio de su gira para supervisar los avances de las obras de las presas Picachos en la comunidad de Siqueros, y Santa Mar\u00eda. Presente tambi\u00e9n el Alcalde de Culiac\u00e1n Jes\u00fas Estrada Ferreiro. &nbsp; &nbsp;<\/p>\n","protected":false},"author":3,"featured_media":22148,"comment_status":"open","ping_status":"open","sticky":false,"template":"","format":"gallery","meta":{"_jetpack_newsletter_access":"","_jetpack_dont_email_post_to_subs":false,"_jetpack_newsletter_tier_id":0,"_jetpack_memberships_contains_paywalled_content":false,"_jetpack_feature_clip_id":0,"_jetpack_memberships_contains_paid_content":false,"footnotes":"","jetpack_publicize_message":"","jetpack_publicize_feature_enabled":true,"jetpack_social_post_already_shared":true,"jetpack_social_options":{"image_generator_settings":{"template":"highway","default_image_id":0,"font":"","enabled":false},"version":2},"jetpack_post_was_ever_published":false},"categories":[90,72],"tags":[],"class_list":["post-22146","post","type-post","status-publish","format-gallery","has-post-thumbnail","hentry","category-estatal","category-portada","post_format-post-format-gallery","post--single"],"jetpack_publicize_connections":[],"jetpack_featured_media_url":"https:\/\/ovelanalista.com\/wp-content\/uploads\/2022\/02\/WhatsApp-Image-2022-02-27-at-10.39.07-AM-2.jpeg","jetpack_sharing_enabled":true,"_links":{"self":[{"href":"https:\/\/ovelanalista.com\/index.php?rest_route=\/wp\/v2\/posts\/22146","targetHints":{"allow":["GET"]}}],"collection":[{"href":"https:\/\/ovelanalista.com\/index.php?rest_route=\/wp\/v2\/posts"}],"about":[{"href":"https:\/\/ovelanalista.com\/index.php?rest_route=\/wp\/v2\/types\/post"}],"author":[{"embeddable":true,"href":"https:\/\/ovelanalista.com\/index.php?rest_route=\/wp\/v2\/users\/3"}],"replies":[{"embeddable":true,"href":"https:\/\/ovelanalista.com\/index.php?rest_route=%2Fwp%2Fv2%2Fcomments&post=22146"}],"version-history":[{"count":1,"href":"https:\/\/ovelanalista.com\/index.php?rest_route=\/wp\/v2\/posts\/22146\/revisions"}],"predecessor-version":[{"id":22151,"href":"https:\/\/ovelanalista.com\/index.php?rest_route=\/wp\/v2\/posts\/22146\/revisions\/22151"}],"wp:featuredmedia":[{"embeddable":true,"href":"https:\/\/ovelanalista.com\/index.php?rest_route=\/wp\/v2\/media\/22148"}],"wp:attachment":[{"href":"https:\/\/ovelanalista.com\/index.php?rest_route=%2Fwp%2Fv2%2Fmedia&parent=22146"}],"wp:term":[{"taxonomy":"category","embeddable":true,"href":"https:\/\/ovelanalista.com\/index.php?rest_route=%2Fwp%2Fv2%2Fcategories&post=22146"},{"taxonomy":"post_tag","embeddable":true,"href":"https:\/\/ovelanalista.com\/index.php?rest_route=%2Fwp%2Fv2%2Ftags&post=22146"}],"curies":[{"name":"wp","href":"https:\/\/api.w.org\/{rel}","templated":true}]}}