{"id":22152,"date":"2022-02-27T18:53:19","date_gmt":"2022-02-28T01:53:19","guid":{"rendered":"https:\/\/ovelanalista.com\/?p=22152"},"modified":"2022-02-27T18:53:19","modified_gmt":"2022-02-28T01:53:19","slug":"celebran-los-tres-poderes-del-estado-sesion-solemne-y-conmemoran-60-aniversario-de-salvador-alvarado","status":"publish","type":"post","link":"https:\/\/ovelanalista.com\/?p=22152","title":{"rendered":"Celebran los tres Poderes del Estado Sesi\u00f3n Solemne y conmemoran 60 aniversario de Salvador Alvarado"},"content":{"rendered":"<div>Los tres Poderes del Estado, Legislativo, Ejecutivo y Judicial, celebraron una Sesi\u00f3n Solemne en la ciudad de Guam\u00fachil con motivo de la conmemoraci\u00f3n del 60 aniversario del municipio de Salvador Alvarado.<\/div>\n<div>La sesi\u00f3n se realiz\u00f3 en el auditorio \u201c27 de Febrero\u201d, recinto oficial provisional de los Poderes, siguiendo las medidas sanitarias ordenadas por las autoridades de Salud por la pandemia de Covid-19, con un aforo del 50 por ciento.<\/div>\n<div>El diputado Feliciano Castro Mel\u00e9ndrez, presidente de la Junta de Coordinaci\u00f3n Pol\u00edtica del Congreso de Sinaloa, resalt\u00f3 que Salvador Alvarado fue un precursor de las ideas sociales reflejadas en la Constituci\u00f3n de 1917, sobre todo las referentes a las de la reforma agraria para beneficiar a los campesinos de M\u00e9xico.<\/div>\n<div>Indic\u00f3 que en el 60 aniversario del municipio de Salvador Alvarado vale la pena traer a la reflexi\u00f3n las ideas de este General de la Revoluci\u00f3n Mexicana que tambi\u00e9n ponderaron impuls\u00f3 las artes, la educaci\u00f3n, la organizaci\u00f3n de los trabajadores y apoy\u00f3 a la juventud d\u00e1ndole el derecho de elegir a sus dirigentes.<\/div>\n<div>\u201cEl reto es rescatar las ideas de Salvador Alvarado. A eso estamos convocados. Los Poderes estamos convocados a generar el equilibrio para poner en el centro el desarrollo de Sinaloa, el desarrollo de los municipios. Eso es el equilibrio de Poderes, es la convocatoria del pueblo a desarrollar este proceso\u201d.<\/div>\n<div>Decirle al pueblo de Salvador Alvarado, mencion\u00f3 Castro Mel\u00e9ndrez, que desde la pluralidad del Congreso se asumen los conceptos centrales del General Alvarado y reiter\u00f3 el j\u00fabilo compartido de los tres Poderes del Estado por acompa\u00f1ar a las y los alvaradenses en el 60 aniversario de la creaci\u00f3n del municipio.<\/div>\n<div>En representaci\u00f3n del gobernador de Sinaloa, el secretario General de Gobierno, Enrique Inzunza C\u00e1zarez, dijo que los 60 a\u00f1os de la fundaci\u00f3n de este municipio es una de las muestras m\u00e1s representativas del progreso de la Regi\u00f3n del \u00c9vora.<\/div>\n<div>Inzunza C\u00e1zarez llam\u00f3 a los 18 municipios del estado a ser eficientes en su quehacer gubernamental, atentos con la ciudadan\u00eda y a unirse al esfuerzo coordinado con el resto de las autoridades.<\/div>\n<div>Por su parte, el presidente del Supremo Tribunal de Justicia, Jes\u00fas Iv\u00e1n Ch\u00e1vez Rangel, record\u00f3 que Salvador Alvarado fue uno de los principales promotores de los derechos de la mujer a inicios del siglo pasado.<\/div>\n<div>\u201cHemos llegado a la \u00e9poca en que tomamos en serio los derechos de las mujeres. Puso el acento en la pedagog\u00eda. Fue adem\u00e1s un entusiasta del municipio. Feminista y defensor del municipio y la educaci\u00f3n c\u00edvica. Las cualidades son partes irrenunciables del general Salvador Alvarado. Nunca dejen de abrazar el vigoroso esp\u00edritu de Salvador Alvarado\u201d.<\/div>\n<div>El alcalde Armando Camacho Aguilar, presidente municipal de Salvador Alvarado, agradeci\u00f3 a nombre del pueblo alvaradense la distinci\u00f3n del Congreso de Sinaloa por haber autorizado el traslado de los tres Poderes del Estado a Guam\u00fachil.<\/div>\n<div>\u201cEs muy honroso estar en esta tribuna representando a todas y todos los alvaradenses como presidente municipal. Hace 60 a\u00f1os emerge Salvador Alvarado gracias a la lucha de mucha gente. Convoco a que volteen a vernos y el pueblo de Salvador Alvarado se los va a agradecer. Agradecerles que nos visiten, que nos apoyen\u201d.<\/div>\n<div>A la Sesi\u00f3n Solemne asistieron la Senadora Imelda Castro Castro, el secretario de Salud del Gobierno de Sinaloa, H\u00e9ctor Melesio Cu\u00e9n Ojeda; las diputadas federales Ana Elizabeth Ayala Leyva y Yadira Santiago Marcos, y el diputado federal Fernando Garc\u00eda, por mencionar algunos..<\/div>\n<div><\/div>\n<div><\/div>\n<div><\/div>\n<div><\/div>\n<div><\/div>\n","protected":false},"excerpt":{"rendered":"<p>Los tres Poderes del Estado, Legislativo, Ejecutivo y Judicial, celebraron una Sesi\u00f3n Solemne en la ciudad de Guam\u00fachil con motivo de la conmemoraci\u00f3n del 60 aniversario del municipio de Salvador Alvarado. La sesi\u00f3n se realiz\u00f3 en el auditorio \u201c27 de Febrero\u201d, recinto oficial provisional de los Poderes, siguiendo las medidas sanitarias ordenadas por las autoridades de Salud por la pandemia de Covid-19, con un aforo del 50 por ciento. El diputado Feliciano Castro Mel\u00e9ndrez, presidente de la Junta de Coordinaci\u00f3n Pol\u00edtica del Congreso de Sinaloa, resalt\u00f3 que Salvador Alvarado fue un precursor de las ideas sociales reflejadas en la Constituci\u00f3n [&hellip;]<\/p>\n","protected":false},"author":3,"featured_media":22164,"comment_status":"open","ping_status":"open","sticky":false,"template":"","format":"gallery","meta":{"_jetpack_newsletter_access":"","_jetpack_dont_email_post_to_subs":false,"_jetpack_newsletter_tier_id":0,"_jetpack_memberships_contains_paywalled_content":false,"_jetpack_feature_clip_id":0,"_jetpack_memberships_contains_paid_content":false,"footnotes":"","jetpack_publicize_message":"","jetpack_publicize_feature_enabled":true,"jetpack_social_post_already_shared":true,"jetpack_social_options":{"image_generator_settings":{"template":"highway","default_image_id":0,"font":"","enabled":false},"version":2},"jetpack_post_was_ever_published":false},"categories":[90,72],"tags":[],"class_list":["post-22152","post","type-post","status-publish","format-gallery","has-post-thumbnail","hentry","category-estatal","category-portada","post_format-post-format-gallery","post--single"],"jetpack_publicize_connections":[],"jetpack_featured_media_url":"https:\/\/ovelanalista.com\/wp-content\/uploads\/2022\/02\/WhatsApp-Image-2022-02-27-at-1.40.31-PM-2.jpeg","jetpack_sharing_enabled":true,"_links":{"self":[{"href":"https:\/\/ovelanalista.com\/index.php?rest_route=\/wp\/v2\/posts\/22152","targetHints":{"allow":["GET"]}}],"collection":[{"href":"https:\/\/ovelanalista.com\/index.php?rest_route=\/wp\/v2\/posts"}],"about":[{"href":"https:\/\/ovelanalista.com\/index.php?rest_route=\/wp\/v2\/types\/post"}],"author":[{"embeddable":true,"href":"https:\/\/ovelanalista.com\/index.php?rest_route=\/wp\/v2\/users\/3"}],"replies":[{"embeddable":true,"href":"https:\/\/ovelanalista.com\/index.php?rest_route=%2Fwp%2Fv2%2Fcomments&post=22152"}],"version-history":[{"count":1,"href":"https:\/\/ovelanalista.com\/index.php?rest_route=\/wp\/v2\/posts\/22152\/revisions"}],"predecessor-version":[{"id":22167,"href":"https:\/\/ovelanalista.com\/index.php?rest_route=\/wp\/v2\/posts\/22152\/revisions\/22167"}],"wp:featuredmedia":[{"embeddable":true,"href":"https:\/\/ovelanalista.com\/index.php?rest_route=\/wp\/v2\/media\/22164"}],"wp:attachment":[{"href":"https:\/\/ovelanalista.com\/index.php?rest_route=%2Fwp%2Fv2%2Fmedia&parent=22152"}],"wp:term":[{"taxonomy":"category","embeddable":true,"href":"https:\/\/ovelanalista.com\/index.php?rest_route=%2Fwp%2Fv2%2Fcategories&post=22152"},{"taxonomy":"post_tag","embeddable":true,"href":"https:\/\/ovelanalista.com\/index.php?rest_route=%2Fwp%2Fv2%2Ftags&post=22152"}],"curies":[{"name":"wp","href":"https:\/\/api.w.org\/{rel}","templated":true}]}}