{"id":2312,"date":"2021-09-03T13:10:59","date_gmt":"2021-09-03T19:10:59","guid":{"rendered":"https:\/\/ovelanalista.com\/?p=2312"},"modified":"2021-09-03T13:10:59","modified_gmt":"2021-09-03T19:10:59","slug":"pide-amlo-investigar-amparos-para-vacunacion-de-ninos-no-sabemos-que-intereses-hay","status":"publish","type":"post","link":"https:\/\/ovelanalista.com\/?p=2312","title":{"rendered":"Pide AMLO investigar amparos para vacunaci\u00f3n de ni\u00f1os: \u2018no sabemos qu\u00e9 intereses hay\u2019"},"content":{"rendered":"<div class=\"nd-body-article\">\n<p class=\"paragraph\">El presidente\u00a0Andr\u00e9s Manuel L\u00f3pez Obrador\u00a0reconoci\u00f3 que se ha registrado un\u00a0aumento en el n\u00famero de amparos\u00a0en varios estados del pa\u00eds\u00a0para que menores de edad sean vacunados contra el COVID-19, y aunque se\u00f1al\u00f3 que su gobierno est\u00e1 cumpliendo con las resoluciones judiciales, destac\u00f3 que no se sabe qu\u00e9\u00a0intereses\u00a0hay detr\u00e1s de esta situaci\u00f3n.<\/p>\n<p class=\"paragraph\">Durante su tradicional conferencia ma\u00f1anera en el Sal\u00f3n Tesorer\u00eda de Palacio Nacional, el mandatario mexicano destac\u00f3 el hecho de que en 19 entidades se han presentado\u00a0250 amparos\u00a0con la finalidad de que los ni\u00f1os, ni\u00f1as y adolescentes mexicanos sean inoculados contra el coronavirus, a pesar de que no hay estudios cient\u00edficos que comprueben que la vacuna es segura para los menores de edad.<\/p>\n<p class=\"paragraph\">\u201cSe est\u00e1n dando estos casos amparos, nosotros estamos cumpliendo con las resoluciones judiciales\u2026 pero los especialistas nuestros\u00a0sostienen que no es necesario\u00a0y es la misma postura de las organizaciones mundiales como la OMS. Sin embargo se est\u00e1n dando estos amparos y me llama la atenci\u00f3n\u201d, asever\u00f3.<\/p>\n<p class=\"paragraph\">\u201cHay estados donde se est\u00e1n presentando amparos, pero ya ven como lo hacen en el caso de los mensajes, el \u2018nado sincronizado\u2019, se echan a andar campa\u00f1a porque se est\u00e1n concentrando pr\u00e1cticamente en cuatro estados. Entonces ayer precisamente\u00a0ped\u00ed que se investigara c\u00f3mo se est\u00e1n haciendo estas promociones\u00a0porque tambi\u00e9n es un asunto de inter\u00e9s..\u00a0Imag\u00ednense el negocio para las farmac\u00e9uticas\u00a0(\u2026) Entonces\u00a0no se puede ir en contra de la ciencia, solo por el lucro\u2026\u00a0Esto no significa que no nos importen los ni\u00f1os y las ni\u00f1as y proteger la vida.. que no vaya a malinterpretarse\u201d, enfatiz\u00f3.<\/p>\n<p class=\"paragraph\">L\u00f3pez Obrador present\u00f3 una gr\u00e1fica en donde se muestra que\u00a0los estados con el mayor n\u00famero de amparos\u00a0presentados son:\u00a0Ciudad de M\u00e9xico con 43; Estado de M\u00e9xico (42); Oaxaca (27) y Veracruz, con 25 y en la que se destac\u00f3 que el n\u00famero de recursos legales \u201cse incrementa d\u00eda a d\u00eda y tiene el potencial de un crecimiento exponencial\u201d.<\/p>\n<p class=\"paragraph\">El Jefe del Ejecutivo federal insisti\u00f3 en el tema de que no existen investigaciones que indiquen que se tenga que vacunar a los menores de edad.<\/p>\n<p class=\"paragraph\">\u201cSi no hay investigaci\u00f3n sobre los efectos que pueda tener la vacuna en los ni\u00f1os, \u00bfc\u00f3mo se les va a aplicar?\u00a0Si en este caso podr\u00eda tener reacciones que les afectaran, por eso hablo de que no es cient\u00edfico, no es de que no queremos vacunarlos, es que la Organizaci\u00f3n Mundial de la Salud no lo est\u00e1 recomendando\u201d, destac\u00f3.<\/p>\n<p class=\"paragraph\">\u201cSi hace falta lo vamos a hacer, pero no hay que dejarnos manipular, no sabemos qu\u00e9 intereses hay porque cualquier farmac\u00e9utica, cualquier tienda, comercio, cu\u00e1l es su misi\u00f3n: vender, pero nosotros tenemos que actuar con criterio y es lo que estamos haciendo\u201d, advirti\u00f3.<\/p>\n<p class=\"paragraph\">Pese a que\u00a0el gobierno federal y el subsecretario de Salud, Hugo L\u00f3pez-Gatell, minimizan el riesgo que tienen los menores de edad de contagiarse y\/o morir por COVID-19, se siguen reportando fallecimientos de ni\u00f1os, ni\u00f1as y adolescentes mexicanos a causa del coronavirus; adem\u00e1s de un incremento en el n\u00famero de menores hospitalizados.<\/p>\n<p class=\"paragraph\">En el estado de Hidalgo, en los \u00faltimos 15 d\u00edas, 411 menores de edad resultaron positivo al virus SARS-CoV-2, previo al regreso a clases, por lo que algunos incluso han requerido hospitalizaci\u00f3n.<\/p>\n<p class=\"paragraph\">Mientras que en San Luis Potos\u00ed, las autoridades sanitarias reportaron la muerte de una adolescente de 14 a\u00f1os a causa de COVID-19. La menor se encontraba intubada en el Hospital General de Soledad, y se destac\u00f3 que, al momento de adquirir la enfermedad, no padec\u00eda alguna enfermedad cr\u00f3nica.<\/p>\n<\/div>\n<div><\/div>\n<div><\/div>\n<div class=\"deck nd-deck\">(Con informaci\u00f3n de Infobae)<\/div>\n<div><\/div>\n","protected":false},"excerpt":{"rendered":"<p>El presidente\u00a0Andr\u00e9s Manuel L\u00f3pez Obrador\u00a0reconoci\u00f3 que se ha registrado un\u00a0aumento en el n\u00famero de amparos\u00a0en varios estados del pa\u00eds\u00a0para que menores de edad sean vacunados contra el COVID-19, y aunque se\u00f1al\u00f3 que su gobierno est\u00e1 cumpliendo con las resoluciones judiciales, destac\u00f3 que no se sabe qu\u00e9\u00a0intereses\u00a0hay detr\u00e1s de esta situaci\u00f3n. Durante su tradicional conferencia ma\u00f1anera en el Sal\u00f3n Tesorer\u00eda de Palacio Nacional, el mandatario mexicano destac\u00f3 el hecho de que en 19 entidades se han presentado\u00a0250 amparos\u00a0con la finalidad de que los ni\u00f1os, ni\u00f1as y adolescentes mexicanos sean inoculados contra el coronavirus, a pesar de que no hay estudios cient\u00edficos [&hellip;]<\/p>\n","protected":false},"author":3,"featured_media":2313,"comment_status":"open","ping_status":"open","sticky":false,"template":"","format":"standard","meta":{"_jetpack_newsletter_access":"","_jetpack_dont_email_post_to_subs":false,"_jetpack_newsletter_tier_id":0,"_jetpack_memberships_contains_paywalled_content":false,"_jetpack_feature_clip_id":0,"_jetpack_memberships_contains_paid_content":false,"footnotes":"","jetpack_publicize_message":"","jetpack_publicize_feature_enabled":true,"jetpack_social_post_already_shared":false,"jetpack_social_options":{"image_generator_settings":{"template":"highway","default_image_id":0,"font":"","enabled":false},"version":2},"jetpack_post_was_ever_published":false},"categories":[75],"tags":[],"class_list":["post-2312","post","type-post","status-publish","format-standard","has-post-thumbnail","hentry","category-nacional","post--single"],"jetpack_publicize_connections":[],"jetpack_featured_media_url":"https:\/\/ovelanalista.com\/wp-content\/uploads\/2021\/09\/55683500_303.jpg","jetpack_sharing_enabled":true,"_links":{"self":[{"href":"https:\/\/ovelanalista.com\/index.php?rest_route=\/wp\/v2\/posts\/2312","targetHints":{"allow":["GET"]}}],"collection":[{"href":"https:\/\/ovelanalista.com\/index.php?rest_route=\/wp\/v2\/posts"}],"about":[{"href":"https:\/\/ovelanalista.com\/index.php?rest_route=\/wp\/v2\/types\/post"}],"author":[{"embeddable":true,"href":"https:\/\/ovelanalista.com\/index.php?rest_route=\/wp\/v2\/users\/3"}],"replies":[{"embeddable":true,"href":"https:\/\/ovelanalista.com\/index.php?rest_route=%2Fwp%2Fv2%2Fcomments&post=2312"}],"version-history":[{"count":1,"href":"https:\/\/ovelanalista.com\/index.php?rest_route=\/wp\/v2\/posts\/2312\/revisions"}],"predecessor-version":[{"id":2314,"href":"https:\/\/ovelanalista.com\/index.php?rest_route=\/wp\/v2\/posts\/2312\/revisions\/2314"}],"wp:featuredmedia":[{"embeddable":true,"href":"https:\/\/ovelanalista.com\/index.php?rest_route=\/wp\/v2\/media\/2313"}],"wp:attachment":[{"href":"https:\/\/ovelanalista.com\/index.php?rest_route=%2Fwp%2Fv2%2Fmedia&parent=2312"}],"wp:term":[{"taxonomy":"category","embeddable":true,"href":"https:\/\/ovelanalista.com\/index.php?rest_route=%2Fwp%2Fv2%2Fcategories&post=2312"},{"taxonomy":"post_tag","embeddable":true,"href":"https:\/\/ovelanalista.com\/index.php?rest_route=%2Fwp%2Fv2%2Ftags&post=2312"}],"curies":[{"name":"wp","href":"https:\/\/api.w.org\/{rel}","templated":true}]}}