{"id":2425,"date":"2021-09-03T19:30:09","date_gmt":"2021-09-04T01:30:09","guid":{"rendered":"https:\/\/ovelanalista.com\/?p=2425"},"modified":"2021-09-03T19:30:09","modified_gmt":"2021-09-04T01:30:09","slug":"biden-ordena-desclasificar-documentos-secretos-sobre-los-atentados-del-11-de-septiembre-de-2001","status":"publish","type":"post","link":"https:\/\/ovelanalista.com\/?p=2425","title":{"rendered":"Biden ordena desclasificar documentos secretos sobre los atentados del 11 de septiembre de 2001"},"content":{"rendered":"<p>El anuncio llega a pocos d\u00edas de que se cumplan los 20 a\u00f1os de los ataques orquestados por la organizaci\u00f3n terrorista Al Qaeda.<\/p>\n<p>l presidente de Estados Unidos,\u00a0<a href=\"https:\/\/noticieros.televisa.com\/ultimas-noticias\/biden-ordena-movilizar-todos-los-recursos-para-garantizar-abortos-seguros-y-legales-en-texas\/\" target=\"_blank\" rel=\"noopener\"><strong>Joe Biden<\/strong><\/a>, orden\u00f3 este viernes, 3 de septiembre de 2021,\u00a0<strong>desclasificar documentos<\/strong>\u00a0hasta ahora secretos sobre la investigaci\u00f3n que llev\u00f3 a cabo el\u00a0<strong>FBI<\/strong>\u00a0para aclarar los\u00a0<strong>atentados terroristas<\/strong>\u00a0del 11 de septiembre de\u00a0<strong>2001<\/strong>.<\/p>\n<p><strong>Biden<\/strong>\u00a0firm\u00f3 una orden ejecutiva que ordena al Departamento de Justicia y a otras agencias gubernamentales revisar los documentos con el objetivo de que el fiscal general de EE.UU., Merrick Garland, los publique durante los pr\u00f3ximos seis meses, indic\u00f3 la\u00a0<strong>Casa Blanca<\/strong>\u00a0en un comunicado.<\/p>\n<p>El anuncio llega a pocos d\u00edas de que se cumplan los 20 a\u00f1os de esos ataques orquestados por la organizaci\u00f3n\u00a0<strong>terrorista Al Qaeda<\/strong>\u00a0y en los que murieron cerca de 3 mil personas.<\/p>\n<blockquote><p>\u201cCuando me postul\u00e9 a la Presidencia, me compromet\u00ed a garantizar la transparencia sobre la\u00a0<strong>desclasificaci\u00f3n de documentos<\/strong>\u00a0relacionados con los\u00a0<strong>ataques terroristas<\/strong>\u00a0del 11 de septiembre de 2001 en Estados Unidos. Al acercarnos al vig\u00e9simo aniversario de ese tr\u00e1gico d\u00eda, estoy cumpliendo con ese compromiso\u201d, dijo Biden en un comunicado.<\/p><\/blockquote>\n<p>A principios de agosto, cientos de supervivientes y familiares de las v\u00edctimas de los atentados pidieron a\u00a0<strong>Biden<\/strong>\u00a0que no asistiera a los actos de conmemoraci\u00f3n de los\u00a0<strong>ataques<\/strong>, a menos que su Gobierno publicara nuevos archivos sobre lo ocurrido, especialmente sobre si Arabia Saud\u00ed jug\u00f3 alg\u00fan papel en los ataques.<\/p>\n<div class=\"ad-break\">\n<p>La comisi\u00f3n del Congreso estadounidense que investig\u00f3 los ataques concluy\u00f3 que no hab\u00eda pruebas de que el Gobierno de<strong>\u00a0Arabia Saudita<\/strong>\u00a0o altos funcionarios de ese pa\u00eds hubieran proporcionado fondos a los terroristas implicados en los\u00a0<strong>ataques<\/strong>, entre los que 15 eran de origen saud\u00ed.<\/p>\n<p>Sin embargo, varios congresistas y asociaciones de v\u00edctimas piden desde hace a\u00f1os m\u00e1s transparencia en cuanto a los documentos estadounidenses acerca de los\u00a0<strong>ataques<\/strong>, que se negaron a desclasificar todos los presidentes del pa\u00eds hasta ahora.<\/p>\n<p>La\u00a0<strong>Casa Blanca<\/strong>\u00a0no aclar\u00f3 cu\u00e1l ser\u00e1 el impacto de la orden ejecutiva que firm\u00f3 este viernes, 3 de septiembre de 2021,\u00a0<strong>Biden<\/strong>\u00a0y, por tanto, no se sabe si esa acci\u00f3n lograr\u00e1 satisfacer las peticiones de los supervivientes y familiares de las v\u00edctimas.<\/p>\n<p>Poco despu\u00e9s de que ese grupo hiciera p\u00fablico su malestar a principios de agosto, el\u00a0<strong>Departamento de Justicia<\/strong>\u00a0prometi\u00f3 que llevar\u00eda a cabo una nueva revisi\u00f3n de los documentos relacionados con los atentados.<\/p>\n<p>La\u00a0<strong>Casa Blanca<\/strong> todav\u00eda no anunci\u00f3 a qu\u00e9 eventos acudir\u00e1 el gobernante para conmemorar los atentados del 11 de septiembre.<\/p>\n<blockquote><p>\u201cMi coraz\u00f3n contin\u00faa estando con las familias del 11 de septiembre que est\u00e1n sufriendo y mi Administraci\u00f3n seguir\u00e1 trabajando respetuosamente con los miembros de esa comunidad\u201d, dijo este viernes<strong>\u00a0Biden<\/strong>\u00a0en su nota de prensa.<\/p><\/blockquote>\n<p>El mandatario tambi\u00e9n les agradeci\u00f3 que hagan o\u00edr sus voces para trazar \u201cun camino hacia adelante\u201d.<\/p>\n<p><em>Con informaci\u00f3n de EFE.<\/em><\/p>\n<\/div>\n","protected":false},"excerpt":{"rendered":"<p>El anuncio llega a pocos d\u00edas de que se cumplan los 20 a\u00f1os de los ataques orquestados por la organizaci\u00f3n terrorista Al Qaeda. l presidente de Estados Unidos,\u00a0Joe Biden, orden\u00f3 este viernes, 3 de septiembre de 2021,\u00a0desclasificar documentos\u00a0hasta ahora secretos sobre la investigaci\u00f3n que llev\u00f3 a cabo el\u00a0FBI\u00a0para aclarar los\u00a0atentados terroristas\u00a0del 11 de septiembre de\u00a02001. Biden\u00a0firm\u00f3 una orden ejecutiva que ordena al Departamento de Justicia y a otras agencias gubernamentales revisar los documentos con el objetivo de que el fiscal general de EE.UU., Merrick Garland, los publique durante los pr\u00f3ximos seis meses, indic\u00f3 la\u00a0Casa Blanca\u00a0en un comunicado. El anuncio llega [&hellip;]<\/p>\n","protected":false},"author":2,"featured_media":2426,"comment_status":"open","ping_status":"open","sticky":false,"template":"","format":"standard","meta":{"_jetpack_newsletter_access":"","_jetpack_dont_email_post_to_subs":false,"_jetpack_newsletter_tier_id":0,"_jetpack_memberships_contains_paywalled_content":false,"_jetpack_feature_clip_id":0,"_jetpack_memberships_contains_paid_content":false,"footnotes":"","jetpack_publicize_message":"","jetpack_publicize_feature_enabled":true,"jetpack_social_post_already_shared":false,"jetpack_social_options":{"image_generator_settings":{"template":"highway","default_image_id":0,"font":"","enabled":false},"version":2},"jetpack_post_was_ever_published":false},"categories":[1],"tags":[],"class_list":["post-2425","post","type-post","status-publish","format-standard","has-post-thumbnail","hentry","category-uncategorized","post--single"],"jetpack_publicize_connections":[],"jetpack_featured_media_url":"https:\/\/ovelanalista.com\/wp-content\/uploads\/2021\/09\/1536577621_182478_1536578278_album_normal.jpg","jetpack_sharing_enabled":true,"_links":{"self":[{"href":"https:\/\/ovelanalista.com\/index.php?rest_route=\/wp\/v2\/posts\/2425","targetHints":{"allow":["GET"]}}],"collection":[{"href":"https:\/\/ovelanalista.com\/index.php?rest_route=\/wp\/v2\/posts"}],"about":[{"href":"https:\/\/ovelanalista.com\/index.php?rest_route=\/wp\/v2\/types\/post"}],"author":[{"embeddable":true,"href":"https:\/\/ovelanalista.com\/index.php?rest_route=\/wp\/v2\/users\/2"}],"replies":[{"embeddable":true,"href":"https:\/\/ovelanalista.com\/index.php?rest_route=%2Fwp%2Fv2%2Fcomments&post=2425"}],"version-history":[{"count":2,"href":"https:\/\/ovelanalista.com\/index.php?rest_route=\/wp\/v2\/posts\/2425\/revisions"}],"predecessor-version":[{"id":2428,"href":"https:\/\/ovelanalista.com\/index.php?rest_route=\/wp\/v2\/posts\/2425\/revisions\/2428"}],"wp:featuredmedia":[{"embeddable":true,"href":"https:\/\/ovelanalista.com\/index.php?rest_route=\/wp\/v2\/media\/2426"}],"wp:attachment":[{"href":"https:\/\/ovelanalista.com\/index.php?rest_route=%2Fwp%2Fv2%2Fmedia&parent=2425"}],"wp:term":[{"taxonomy":"category","embeddable":true,"href":"https:\/\/ovelanalista.com\/index.php?rest_route=%2Fwp%2Fv2%2Fcategories&post=2425"},{"taxonomy":"post_tag","embeddable":true,"href":"https:\/\/ovelanalista.com\/index.php?rest_route=%2Fwp%2Fv2%2Ftags&post=2425"}],"curies":[{"name":"wp","href":"https:\/\/api.w.org\/{rel}","templated":true}]}}