{"id":2429,"date":"2021-09-04T07:19:32","date_gmt":"2021-09-04T13:19:32","guid":{"rendered":"https:\/\/ovelanalista.com\/?p=2429"},"modified":"2021-09-04T07:19:59","modified_gmt":"2021-09-04T13:19:59","slug":"refrenda-ruben-rocha-moya-que-fomentara-la-cultura-y-el-conocimiento","status":"publish","type":"post","link":"https:\/\/ovelanalista.com\/?p=2429","title":{"rendered":"Refrenda Rub\u00e9n Rocha Moya que fomentar\u00e1 la cultura y el conocimiento"},"content":{"rendered":"<p>El gobernador electo particip\u00f3 como comentarista en la presentaci\u00f3n del libro Historia de la regi\u00f3n de El Fuerte, de la Dra. Azalia L\u00f3pez Gonz\u00e1lez<\/p>\n<p>Culiac\u00e1n, Sinaloa, viernes 3 de septiembre. Al participar como comentarista en la presentaci\u00f3n del libro Historia de la regi\u00f3n de El Fuerte (Desde el siglo XVII hasta 1990), de la Dra. Azalia L\u00f3pez Gonz\u00e1lez, el gobernador electo refrend\u00f3 que fomentar\u00e1 la obra intangible que representan la cultura y el conocimiento, asumidos como tarea por la comunidad acad\u00e9mica.<\/p>\n<p>Quien a partir del 1 de noviembre gobernar\u00e1 Sinaloa, particip\u00f3 junto con el historiador Samuel Ojeda Gast\u00e9lum en un conversatorio para comentar la narrativa hist\u00f3rica citada, moderado por Ronaldo Gonz\u00e1lez y organizado por el Instituto Sinaloense de Cultura (Isic).<\/p>\n<p>\u201cAzalia, como muchos de esta generaci\u00f3n, es una acad\u00e9mica de alto nivel, escritora prol\u00edfica, investigadora muy conocida y reconocida, es poseedora de una fruct\u00edfera carrera docente, formadora de historiadores, militante desde la academia de las nobles causas feministas, entre otras tantas virtudes de nuestra autora\u201d, expres\u00f3 Rocha Moya.<\/p>\n<p>Ponder\u00f3 que acercarse al texto de la Dra. L\u00f3pez Gonz\u00e1lez es una tarea recomendable, sobre todo para aquellos que, como \u00e9l, est\u00e1n empe\u00f1ados en recoger la estafeta que han legado generaciones de esforzados y talentosos sinaloenses en sus afanes de dejar como herencia un mejor Sinaloa.<img loading=\"lazy\" decoding=\"async\" class=\"alignnone size-medium wp-image-2434\" src=\"https:\/\/ovelanalista.com\/wp-content\/uploads\/2021\/09\/WhatsApp-Image-2021-09-03-at-6.47.16-PM-300x200.jpeg\" alt=\"\" width=\"300\" height=\"200\" srcset=\"https:\/\/ovelanalista.com\/wp-content\/uploads\/2021\/09\/WhatsApp-Image-2021-09-03-at-6.47.16-PM-300x200.jpeg 300w, https:\/\/ovelanalista.com\/wp-content\/uploads\/2021\/09\/WhatsApp-Image-2021-09-03-at-6.47.16-PM-1024x682.jpeg 1024w, https:\/\/ovelanalista.com\/wp-content\/uploads\/2021\/09\/WhatsApp-Image-2021-09-03-at-6.47.16-PM-768x511.jpeg 768w, https:\/\/ovelanalista.com\/wp-content\/uploads\/2021\/09\/WhatsApp-Image-2021-09-03-at-6.47.16-PM-400x266.jpeg 400w, https:\/\/ovelanalista.com\/wp-content\/uploads\/2021\/09\/WhatsApp-Image-2021-09-03-at-6.47.16-PM-750x499.jpeg 750w, https:\/\/ovelanalista.com\/wp-content\/uploads\/2021\/09\/WhatsApp-Image-2021-09-03-at-6.47.16-PM-1140x759.jpeg 1140w, https:\/\/ovelanalista.com\/wp-content\/uploads\/2021\/09\/WhatsApp-Image-2021-09-03-at-6.47.16-PM.jpeg 1280w\" sizes=\"auto, (max-width: 300px) 100vw, 300px\" \/>\u00a0 \u00a0 \u00a0 <img loading=\"lazy\" decoding=\"async\" class=\"alignnone size-medium wp-image-2433\" src=\"https:\/\/ovelanalista.com\/wp-content\/uploads\/2021\/09\/WhatsApp-Image-2021-09-03-at-6.47.16-PM-1-300x200.jpeg\" alt=\"\" width=\"300\" height=\"200\" srcset=\"https:\/\/ovelanalista.com\/wp-content\/uploads\/2021\/09\/WhatsApp-Image-2021-09-03-at-6.47.16-PM-1-300x200.jpeg 300w, https:\/\/ovelanalista.com\/wp-content\/uploads\/2021\/09\/WhatsApp-Image-2021-09-03-at-6.47.16-PM-1-1024x682.jpeg 1024w, https:\/\/ovelanalista.com\/wp-content\/uploads\/2021\/09\/WhatsApp-Image-2021-09-03-at-6.47.16-PM-1-768x511.jpeg 768w, https:\/\/ovelanalista.com\/wp-content\/uploads\/2021\/09\/WhatsApp-Image-2021-09-03-at-6.47.16-PM-1-400x266.jpeg 400w, https:\/\/ovelanalista.com\/wp-content\/uploads\/2021\/09\/WhatsApp-Image-2021-09-03-at-6.47.16-PM-1-750x499.jpeg 750w, https:\/\/ovelanalista.com\/wp-content\/uploads\/2021\/09\/WhatsApp-Image-2021-09-03-at-6.47.16-PM-1-1140x759.jpeg 1140w, https:\/\/ovelanalista.com\/wp-content\/uploads\/2021\/09\/WhatsApp-Image-2021-09-03-at-6.47.16-PM-1.jpeg 1280w\" sizes=\"auto, (max-width: 300px) 100vw, 300px\" \/><\/p>\n<p><img loading=\"lazy\" decoding=\"async\" class=\"alignnone size-medium wp-image-2431\" src=\"https:\/\/ovelanalista.com\/wp-content\/uploads\/2021\/09\/WhatsApp-Image-2021-09-03-at-6.47.17-PM-1-300x200.jpeg\" alt=\"\" width=\"300\" height=\"200\" srcset=\"https:\/\/ovelanalista.com\/wp-content\/uploads\/2021\/09\/WhatsApp-Image-2021-09-03-at-6.47.17-PM-1-300x200.jpeg 300w, https:\/\/ovelanalista.com\/wp-content\/uploads\/2021\/09\/WhatsApp-Image-2021-09-03-at-6.47.17-PM-1-1024x682.jpeg 1024w, https:\/\/ovelanalista.com\/wp-content\/uploads\/2021\/09\/WhatsApp-Image-2021-09-03-at-6.47.17-PM-1-768x511.jpeg 768w, https:\/\/ovelanalista.com\/wp-content\/uploads\/2021\/09\/WhatsApp-Image-2021-09-03-at-6.47.17-PM-1-400x266.jpeg 400w, https:\/\/ovelanalista.com\/wp-content\/uploads\/2021\/09\/WhatsApp-Image-2021-09-03-at-6.47.17-PM-1-750x499.jpeg 750w, https:\/\/ovelanalista.com\/wp-content\/uploads\/2021\/09\/WhatsApp-Image-2021-09-03-at-6.47.17-PM-1-1140x759.jpeg 1140w, https:\/\/ovelanalista.com\/wp-content\/uploads\/2021\/09\/WhatsApp-Image-2021-09-03-at-6.47.17-PM-1.jpeg 1280w\" sizes=\"auto, (max-width: 300px) 100vw, 300px\" \/>\u00a0 \u00a0 \u00a0\u00a0 <img loading=\"lazy\" decoding=\"async\" class=\"alignnone size-medium wp-image-2430\" src=\"https:\/\/ovelanalista.com\/wp-content\/uploads\/2021\/09\/WhatsApp-Image-2021-09-03-at-6.47.17-PM-2-300x200.jpeg\" alt=\"\" width=\"300\" height=\"200\" srcset=\"https:\/\/ovelanalista.com\/wp-content\/uploads\/2021\/09\/WhatsApp-Image-2021-09-03-at-6.47.17-PM-2-300x200.jpeg 300w, https:\/\/ovelanalista.com\/wp-content\/uploads\/2021\/09\/WhatsApp-Image-2021-09-03-at-6.47.17-PM-2-1024x682.jpeg 1024w, https:\/\/ovelanalista.com\/wp-content\/uploads\/2021\/09\/WhatsApp-Image-2021-09-03-at-6.47.17-PM-2-768x511.jpeg 768w, https:\/\/ovelanalista.com\/wp-content\/uploads\/2021\/09\/WhatsApp-Image-2021-09-03-at-6.47.17-PM-2-400x266.jpeg 400w, https:\/\/ovelanalista.com\/wp-content\/uploads\/2021\/09\/WhatsApp-Image-2021-09-03-at-6.47.17-PM-2-750x499.jpeg 750w, https:\/\/ovelanalista.com\/wp-content\/uploads\/2021\/09\/WhatsApp-Image-2021-09-03-at-6.47.17-PM-2-1140x759.jpeg 1140w, https:\/\/ovelanalista.com\/wp-content\/uploads\/2021\/09\/WhatsApp-Image-2021-09-03-at-6.47.17-PM-2.jpeg 1280w\" sizes=\"auto, (max-width: 300px) 100vw, 300px\" \/><\/p>\n","protected":false},"excerpt":{"rendered":"<p>El gobernador electo particip\u00f3 como comentarista en la presentaci\u00f3n del libro Historia de la regi\u00f3n de El Fuerte, de la Dra. Azalia L\u00f3pez Gonz\u00e1lez Culiac\u00e1n, Sinaloa, viernes 3 de septiembre. Al participar como comentarista en la presentaci\u00f3n del libro Historia de la regi\u00f3n de El Fuerte (Desde el siglo XVII hasta 1990), de la Dra. Azalia L\u00f3pez Gonz\u00e1lez, el gobernador electo refrend\u00f3 que fomentar\u00e1 la obra intangible que representan la cultura y el conocimiento, asumidos como tarea por la comunidad acad\u00e9mica. Quien a partir del 1 de noviembre gobernar\u00e1 Sinaloa, particip\u00f3 junto con el historiador Samuel Ojeda Gast\u00e9lum en un [&hellip;]<\/p>\n","protected":false},"author":2,"featured_media":2432,"comment_status":"open","ping_status":"open","sticky":false,"template":"","format":"standard","meta":{"_jetpack_newsletter_access":"","_jetpack_dont_email_post_to_subs":false,"_jetpack_newsletter_tier_id":0,"_jetpack_memberships_contains_paywalled_content":false,"_jetpack_feature_clip_id":0,"_jetpack_memberships_contains_paid_content":false,"footnotes":"","jetpack_publicize_message":"","jetpack_publicize_feature_enabled":true,"jetpack_social_post_already_shared":false,"jetpack_social_options":{"image_generator_settings":{"template":"highway","default_image_id":0,"font":"","enabled":false},"version":2},"jetpack_post_was_ever_published":false},"categories":[90],"tags":[],"class_list":["post-2429","post","type-post","status-publish","format-standard","has-post-thumbnail","hentry","category-estatal","post--single"],"jetpack_publicize_connections":[],"jetpack_featured_media_url":"https:\/\/ovelanalista.com\/wp-content\/uploads\/2021\/09\/WhatsApp-Image-2021-09-03-at-6.47.17-PM.jpeg","jetpack_sharing_enabled":true,"_links":{"self":[{"href":"https:\/\/ovelanalista.com\/index.php?rest_route=\/wp\/v2\/posts\/2429","targetHints":{"allow":["GET"]}}],"collection":[{"href":"https:\/\/ovelanalista.com\/index.php?rest_route=\/wp\/v2\/posts"}],"about":[{"href":"https:\/\/ovelanalista.com\/index.php?rest_route=\/wp\/v2\/types\/post"}],"author":[{"embeddable":true,"href":"https:\/\/ovelanalista.com\/index.php?rest_route=\/wp\/v2\/users\/2"}],"replies":[{"embeddable":true,"href":"https:\/\/ovelanalista.com\/index.php?rest_route=%2Fwp%2Fv2%2Fcomments&post=2429"}],"version-history":[{"count":1,"href":"https:\/\/ovelanalista.com\/index.php?rest_route=\/wp\/v2\/posts\/2429\/revisions"}],"predecessor-version":[{"id":2435,"href":"https:\/\/ovelanalista.com\/index.php?rest_route=\/wp\/v2\/posts\/2429\/revisions\/2435"}],"wp:featuredmedia":[{"embeddable":true,"href":"https:\/\/ovelanalista.com\/index.php?rest_route=\/wp\/v2\/media\/2432"}],"wp:attachment":[{"href":"https:\/\/ovelanalista.com\/index.php?rest_route=%2Fwp%2Fv2%2Fmedia&parent=2429"}],"wp:term":[{"taxonomy":"category","embeddable":true,"href":"https:\/\/ovelanalista.com\/index.php?rest_route=%2Fwp%2Fv2%2Fcategories&post=2429"},{"taxonomy":"post_tag","embeddable":true,"href":"https:\/\/ovelanalista.com\/index.php?rest_route=%2Fwp%2Fv2%2Ftags&post=2429"}],"curies":[{"name":"wp","href":"https:\/\/api.w.org\/{rel}","templated":true}]}}