{"id":2439,"date":"2021-09-04T10:48:55","date_gmt":"2021-09-04T16:48:55","guid":{"rendered":"https:\/\/ovelanalista.com\/?p=2439"},"modified":"2021-09-04T10:49:50","modified_gmt":"2021-09-04T16:49:50","slug":"de-nuevo-pronostican-lluvias-para-sinaloa-de-hasta-75-mm","status":"publish","type":"post","link":"https:\/\/ovelanalista.com\/?p=2439","title":{"rendered":"De nuevo, pronostican lluvias para Sinaloa de hasta 75 mm"},"content":{"rendered":"<p>El Servicio Meteorol\u00f3gico Nacional pronostica para Sinaloa lluvias fuertes con lluvias puntuales muy fuertes, de 50 a 75 mm.<\/p>\n<p>Hoy Culiac\u00e1n amanece con cielos cubiertos con chubascos tormentosos esta ma\u00f1ana, con temperaturas alrededor de 24\u00b0C.<\/p>\n<p>Por la tarde, estiman cielos nubosos con chubascos tormentosos y con temperaturas en torno a los 27\u00b0C. Durante la noche, habr\u00e1 cielos nubosos con lluvias d\u00e9biles con temperaturas cercanas a los 24\u00b0C. Vientos del Sureste a lo largo del d\u00eda, con una velocidad media de 7 km\/h.<\/p>\n<p>Para el Pac\u00edfico Norte se estima cielo nublado durante el d\u00eda con lluvias puntuales fuertes en Sonora y muy fuertes en Sinaloa, acompa\u00f1adas de descargas el\u00e9ctricas y probable ca\u00edda de granizo en la regi\u00f3n. Ambiente templado por la ma\u00f1ana y c\u00e1lido por la tarde, con temperaturas muy calurosas en el noroeste de Sonora. Viento de direcci\u00f3n variable de 15 a 30 km\/h.<\/p>\n","protected":false},"excerpt":{"rendered":"<p>El Servicio Meteorol\u00f3gico Nacional pronostica para Sinaloa lluvias fuertes con lluvias puntuales muy fuertes, de 50 a 75 mm. Hoy Culiac\u00e1n amanece con cielos cubiertos con chubascos tormentosos esta ma\u00f1ana, con temperaturas alrededor de 24\u00b0C. Por la tarde, estiman cielos nubosos con chubascos tormentosos y con temperaturas en torno a los 27\u00b0C. Durante la noche, habr\u00e1 cielos nubosos con lluvias d\u00e9biles con temperaturas cercanas a los 24\u00b0C. Vientos del Sureste a lo largo del d\u00eda, con una velocidad media de 7 km\/h. Para el Pac\u00edfico Norte se estima cielo nublado durante el d\u00eda con lluvias puntuales fuertes en Sonora y [&hellip;]<\/p>\n","protected":false},"author":3,"featured_media":2441,"comment_status":"open","ping_status":"open","sticky":false,"template":"","format":"standard","meta":{"_jetpack_newsletter_access":"","_jetpack_dont_email_post_to_subs":false,"_jetpack_newsletter_tier_id":0,"_jetpack_memberships_contains_paywalled_content":false,"_jetpack_feature_clip_id":0,"_jetpack_memberships_contains_paid_content":false,"footnotes":"","jetpack_publicize_message":"","jetpack_publicize_feature_enabled":true,"jetpack_social_post_already_shared":false,"jetpack_social_options":{"image_generator_settings":{"template":"highway","default_image_id":0,"font":"","enabled":false},"version":2},"jetpack_post_was_ever_published":false},"categories":[90],"tags":[],"class_list":["post-2439","post","type-post","status-publish","format-standard","has-post-thumbnail","hentry","category-estatal","post--single"],"jetpack_publicize_connections":[],"jetpack_featured_media_url":"https:\/\/ovelanalista.com\/wp-content\/uploads\/2021\/09\/lluvias.jpg","jetpack_sharing_enabled":true,"_links":{"self":[{"href":"https:\/\/ovelanalista.com\/index.php?rest_route=\/wp\/v2\/posts\/2439","targetHints":{"allow":["GET"]}}],"collection":[{"href":"https:\/\/ovelanalista.com\/index.php?rest_route=\/wp\/v2\/posts"}],"about":[{"href":"https:\/\/ovelanalista.com\/index.php?rest_route=\/wp\/v2\/types\/post"}],"author":[{"embeddable":true,"href":"https:\/\/ovelanalista.com\/index.php?rest_route=\/wp\/v2\/users\/3"}],"replies":[{"embeddable":true,"href":"https:\/\/ovelanalista.com\/index.php?rest_route=%2Fwp%2Fv2%2Fcomments&post=2439"}],"version-history":[{"count":2,"href":"https:\/\/ovelanalista.com\/index.php?rest_route=\/wp\/v2\/posts\/2439\/revisions"}],"predecessor-version":[{"id":2443,"href":"https:\/\/ovelanalista.com\/index.php?rest_route=\/wp\/v2\/posts\/2439\/revisions\/2443"}],"wp:featuredmedia":[{"embeddable":true,"href":"https:\/\/ovelanalista.com\/index.php?rest_route=\/wp\/v2\/media\/2441"}],"wp:attachment":[{"href":"https:\/\/ovelanalista.com\/index.php?rest_route=%2Fwp%2Fv2%2Fmedia&parent=2439"}],"wp:term":[{"taxonomy":"category","embeddable":true,"href":"https:\/\/ovelanalista.com\/index.php?rest_route=%2Fwp%2Fv2%2Fcategories&post=2439"},{"taxonomy":"post_tag","embeddable":true,"href":"https:\/\/ovelanalista.com\/index.php?rest_route=%2Fwp%2Fv2%2Ftags&post=2439"}],"curies":[{"name":"wp","href":"https:\/\/api.w.org\/{rel}","templated":true}]}}