{"id":2445,"date":"2021-09-05T17:47:24","date_gmt":"2021-09-05T23:47:24","guid":{"rendered":"https:\/\/ovelanalista.com\/?p=2445"},"modified":"2021-09-04T12:06:35","modified_gmt":"2021-09-04T18:06:35","slug":"con-su-propia-dosis-cuba-empieza-vacunacion-pediatrica-contra-el-covid","status":"publish","type":"post","link":"https:\/\/ovelanalista.com\/?p=2445","title":{"rendered":"Con su propia dosis, Cuba empieza vacunaci\u00f3n pedi\u00e1trica contra el Covid"},"content":{"rendered":"<p>El Centro para el Control Estatal de Medicamentos, Equipos y Dispositivos M\u00e9dicos (Cecmed) de Cuba anunci\u00f3 la autorizaci\u00f3n de uso en emergencia para inocular a la poblaci\u00f3n pedi\u00e1trica de la isla con la vacuna Soberana 02, creada por sus cient\u00edficos.<\/p>\n<p>La directora de la autoridad reguladora cubana Cecmed, Olga Lidia Jacobo, explic\u00f3 a la televisi\u00f3n estatal que para aprobar la aplicaci\u00f3n de Soberana 02 en ni\u00f1os y adolescentes se sigui\u00f3 un proceso \u201cmuy riguroso\u201d de evaluaci\u00f3n de esa f\u00f3rmula elaborada por el estatal Instituto Finlay de Vacunas (IFV).<\/p>\n<p>Tras la evaluaci\u00f3n realizada por el Cecmed de la vacuna demostr\u00f3 que tiene un \u201cperfil adecuado\u201d y la \u201cinmunogenicidad\u201d requerida para su aplicaci\u00f3n en la poblaci\u00f3n pedi\u00e1trica, precis\u00f3 la especialista.<\/p>\n<p>\u201cSe cuenta con una s\u00f3lida informaci\u00f3n sobre su uso en esta poblaci\u00f3n y representa un momento hist\u00f3rico en nuestro pa\u00eds\u201d, a\u00f1adi\u00f3 Jacobo.<\/p>\n<p>Soberana 02 es una vacuna conjugada de subunidad que combina el ant\u00edgeno del virus y el toxoide tet\u00e1nico para estimular la respuesta del sistema inmune.<\/p>\n<p>El Instituto Finlay de Vacunas ha realizado el ensayo cl\u00ednico \u201cSoberana Pediatr\u00eda\u201d con 350 ni\u00f1os de La Habana de entre 3 y 18 a\u00f1os de edad.<\/p>\n<p>En esa prueba el esquema incluy\u00f3 dos dosis de Soberana 02 en intervalo de 28 d\u00edas m\u00e1s una de Soberana Plus en el d\u00eda 56 y demostr\u00f3 un 91.2 por ciento de eficacia contra la enfermedad sintom\u00e1tica en su an\u00e1lisis de la fase III, seg\u00fan la instituci\u00f3n cient\u00edfica.<\/p>\n<p>El pasado 20 de agosto, el Cecmed autoriz\u00f3 el uso en emergencia de Soberana 02 y Soberana Plus, dise\u00f1ada como refuerzo a la inmunidad natural o inducida por otras vacunas, lo que permiti\u00f3 que se convirtieran en vacunas contra el coronavirus, al igual que Abdala, y con ellas son tres las vacunas desarrolladas y aprobadas cubanas que cuentan con la autorizaci\u00f3n de uso de emergencia.<\/p>\n<p>Cuba comenz\u00f3 este viernes a vacunar a su poblaci\u00f3n pedi\u00e1trica (de 2 a 18 a\u00f1os) con sus f\u00f3rmulas propias contra el coronavirus, un paso previo a la reanudaci\u00f3n el pr\u00f3ximo lunes 6 del curso escolar 2020-2021 de forma virtual.<\/p>\n<p>&nbsp;<\/p>\n<p>&nbsp;<\/p>\n<p>(Con informaci\u00f3n de L\u00f3pez D\u00f3riga Digital)<\/p>\n","protected":false},"excerpt":{"rendered":"<p>El Centro para el Control Estatal de Medicamentos, Equipos y Dispositivos M\u00e9dicos (Cecmed) de Cuba anunci\u00f3 la autorizaci\u00f3n de uso en emergencia para inocular a la poblaci\u00f3n pedi\u00e1trica de la isla con la vacuna Soberana 02, creada por sus cient\u00edficos. La directora de la autoridad reguladora cubana Cecmed, Olga Lidia Jacobo, explic\u00f3 a la televisi\u00f3n estatal que para aprobar la aplicaci\u00f3n de Soberana 02 en ni\u00f1os y adolescentes se sigui\u00f3 un proceso \u201cmuy riguroso\u201d de evaluaci\u00f3n de esa f\u00f3rmula elaborada por el estatal Instituto Finlay de Vacunas (IFV). Tras la evaluaci\u00f3n realizada por el Cecmed de la vacuna demostr\u00f3 que [&hellip;]<\/p>\n","protected":false},"author":3,"featured_media":2444,"comment_status":"open","ping_status":"open","sticky":false,"template":"","format":"standard","meta":{"_jetpack_newsletter_access":"","_jetpack_dont_email_post_to_subs":false,"_jetpack_newsletter_tier_id":0,"_jetpack_memberships_contains_paywalled_content":false,"_jetpack_feature_clip_id":0,"_jetpack_memberships_contains_paid_content":false,"footnotes":"","jetpack_publicize_message":"","jetpack_publicize_feature_enabled":true,"jetpack_social_post_already_shared":false,"jetpack_social_options":{"image_generator_settings":{"template":"highway","default_image_id":0,"font":"","enabled":false},"version":2},"jetpack_post_was_ever_published":false},"categories":[89,72],"tags":[],"class_list":["post-2445","post","type-post","status-publish","format-standard","has-post-thumbnail","hentry","category-internacional","category-portada","post--single"],"jetpack_publicize_connections":[],"jetpack_featured_media_url":"https:\/\/ovelanalista.com\/wp-content\/uploads\/2021\/09\/1620891011_975829_1620891133_noticia_normal_recorte1.jpg","jetpack_sharing_enabled":true,"_links":{"self":[{"href":"https:\/\/ovelanalista.com\/index.php?rest_route=\/wp\/v2\/posts\/2445","targetHints":{"allow":["GET"]}}],"collection":[{"href":"https:\/\/ovelanalista.com\/index.php?rest_route=\/wp\/v2\/posts"}],"about":[{"href":"https:\/\/ovelanalista.com\/index.php?rest_route=\/wp\/v2\/types\/post"}],"author":[{"embeddable":true,"href":"https:\/\/ovelanalista.com\/index.php?rest_route=\/wp\/v2\/users\/3"}],"replies":[{"embeddable":true,"href":"https:\/\/ovelanalista.com\/index.php?rest_route=%2Fwp%2Fv2%2Fcomments&post=2445"}],"version-history":[{"count":1,"href":"https:\/\/ovelanalista.com\/index.php?rest_route=\/wp\/v2\/posts\/2445\/revisions"}],"predecessor-version":[{"id":2446,"href":"https:\/\/ovelanalista.com\/index.php?rest_route=\/wp\/v2\/posts\/2445\/revisions\/2446"}],"wp:featuredmedia":[{"embeddable":true,"href":"https:\/\/ovelanalista.com\/index.php?rest_route=\/wp\/v2\/media\/2444"}],"wp:attachment":[{"href":"https:\/\/ovelanalista.com\/index.php?rest_route=%2Fwp%2Fv2%2Fmedia&parent=2445"}],"wp:term":[{"taxonomy":"category","embeddable":true,"href":"https:\/\/ovelanalista.com\/index.php?rest_route=%2Fwp%2Fv2%2Fcategories&post=2445"},{"taxonomy":"post_tag","embeddable":true,"href":"https:\/\/ovelanalista.com\/index.php?rest_route=%2Fwp%2Fv2%2Ftags&post=2445"}],"curies":[{"name":"wp","href":"https:\/\/api.w.org\/{rel}","templated":true}]}}