{"id":2448,"date":"2021-09-05T16:16:07","date_gmt":"2021-09-05T22:16:07","guid":{"rendered":"https:\/\/ovelanalista.com\/?p=2448"},"modified":"2021-09-04T12:06:04","modified_gmt":"2021-09-04T18:06:04","slug":"talibanes-con-gases-y-tiros-dispersan-a-mujeres-afganas-que-se-encontraban-protestando","status":"publish","type":"post","link":"https:\/\/ovelanalista.com\/?p=2448","title":{"rendered":"Talibanes con gases y tiros dispersan a mujeres afganas que se encontraban protestando"},"content":{"rendered":"<p>Mujeres afganas salieron por segunda coacci\u00f3n a las calles de Kabul para protestar exigiendo sus derechos y ser tomadas en cuenta en decisiones futuras del pa\u00eds, sin embargo lejos de ser escuchadas los talibanes dispararon con gas lacrim\u00f3geno y disparos al aire para dispersarlas.<\/p>\n<p>Las mujeres efectuaban una marcha desde el Ministerio de Relaciones Exteriores hacia las puertas del Palacio Presidencial cuando fueron detenidas por los talibanes.<\/p>\n<p>&#8220;La protesta de hoy estuvo en l\u00ednea con la protesta de ayer para pedir a los talibanes que le den a las mujeres una participaci\u00f3n significativa en todos los aspectos de la vida, incluida la toma de decisiones y la pol\u00edtica&#8221;, explic\u00f3 Samira Khairkhwa, otra de las organizadoras de las protestas en la capital afgana.<\/p>\n<p>Una de las manifestantes informo que una de sus compa\u00f1eras sufri\u00f3 un un golpe en la cabeza durante las manifestaciones de este s\u00e1bado.<\/p>\n<p>&#8220;La protesta de hoy estuvo en l\u00ednea con la protesta de ayer para pedir a los talibanes que le den a las mujeres una participaci\u00f3n significativa en todos los aspectos de la vida, incluida la toma de decisiones y la pol\u00edtica&#8221;, explic\u00f3 Samira Khairkhwa, otra de las organizadoras de las protestas en la capital afgana.<\/p>\n<p>La activista resalto que no pararan las protestas &#8220;hasta que los talibanes acepten nuestras demandas, no nos quedaremos calladas ni nos encerraremos en las casas&#8221;.<\/p>\n<p>El vocero talib\u00e1n, Bilal Karimi, dijo ayer que &#8220;todos los afganos, incluidas las mujeres, gozar\u00e1n de sus derechos en el futuro gobierno, pero el nivel de participaci\u00f3n de las mujeres en la pol\u00edtica es algo que se decidir\u00e1 y quedar\u00e1 claro una vez que se forme el nuevo gobierno&#8221;.<\/p>\n<p>Las afganas defienden que se encuentran preparadas y que en los \u00faltimos 20 a\u00f1os han alcanzado grandes logros en temas de derecho y educaci\u00f3n, por lo tanto est\u00e1n listas para trabajar de\u00a0 ministras, directoras y en otros puestos gubernamentales.<\/p>\n<p><iframe loading=\"lazy\" title=\"No Comment | Con el rostro descubierto y en tacones, las afganas protestan en Kabul\" width=\"1200\" height=\"675\" src=\"https:\/\/www.youtube.com\/embed\/aNP00ZNT8I4?feature=oembed\" frameborder=\"0\" allow=\"accelerometer; autoplay; clipboard-write; encrypted-media; gyroscope; picture-in-picture\" allowfullscreen><\/iframe><\/p>\n","protected":false},"excerpt":{"rendered":"<p>Mujeres afganas salieron por segunda coacci\u00f3n a las calles de Kabul para protestar exigiendo sus derechos y ser tomadas en cuenta en decisiones futuras del pa\u00eds, sin embargo lejos de ser escuchadas los talibanes dispararon con gas lacrim\u00f3geno y disparos al aire para dispersarlas. Las mujeres efectuaban una marcha desde el Ministerio de Relaciones Exteriores hacia las puertas del Palacio Presidencial cuando fueron detenidas por los talibanes. &#8220;La protesta de hoy estuvo en l\u00ednea con la protesta de ayer para pedir a los talibanes que le den a las mujeres una participaci\u00f3n significativa en todos los aspectos de la vida, [&hellip;]<\/p>\n","protected":false},"author":3,"featured_media":2449,"comment_status":"open","ping_status":"open","sticky":false,"template":"","format":"standard","meta":{"_jetpack_newsletter_access":"","_jetpack_dont_email_post_to_subs":false,"_jetpack_newsletter_tier_id":0,"_jetpack_memberships_contains_paywalled_content":false,"_jetpack_feature_clip_id":0,"_jetpack_memberships_contains_paid_content":false,"footnotes":"","jetpack_publicize_message":"","jetpack_publicize_feature_enabled":true,"jetpack_social_post_already_shared":false,"jetpack_social_options":{"image_generator_settings":{"template":"highway","default_image_id":0,"font":"","enabled":false},"version":2},"jetpack_post_was_ever_published":false},"categories":[75,72],"tags":[],"class_list":["post-2448","post","type-post","status-publish","format-standard","has-post-thumbnail","hentry","category-nacional","category-portada","post--single"],"jetpack_publicize_connections":[],"jetpack_featured_media_url":"https:\/\/ovelanalista.com\/wp-content\/uploads\/2021\/09\/descarga-3.jpg","jetpack_sharing_enabled":true,"_links":{"self":[{"href":"https:\/\/ovelanalista.com\/index.php?rest_route=\/wp\/v2\/posts\/2448","targetHints":{"allow":["GET"]}}],"collection":[{"href":"https:\/\/ovelanalista.com\/index.php?rest_route=\/wp\/v2\/posts"}],"about":[{"href":"https:\/\/ovelanalista.com\/index.php?rest_route=\/wp\/v2\/types\/post"}],"author":[{"embeddable":true,"href":"https:\/\/ovelanalista.com\/index.php?rest_route=\/wp\/v2\/users\/3"}],"replies":[{"embeddable":true,"href":"https:\/\/ovelanalista.com\/index.php?rest_route=%2Fwp%2Fv2%2Fcomments&post=2448"}],"version-history":[{"count":1,"href":"https:\/\/ovelanalista.com\/index.php?rest_route=\/wp\/v2\/posts\/2448\/revisions"}],"predecessor-version":[{"id":2450,"href":"https:\/\/ovelanalista.com\/index.php?rest_route=\/wp\/v2\/posts\/2448\/revisions\/2450"}],"wp:featuredmedia":[{"embeddable":true,"href":"https:\/\/ovelanalista.com\/index.php?rest_route=\/wp\/v2\/media\/2449"}],"wp:attachment":[{"href":"https:\/\/ovelanalista.com\/index.php?rest_route=%2Fwp%2Fv2%2Fmedia&parent=2448"}],"wp:term":[{"taxonomy":"category","embeddable":true,"href":"https:\/\/ovelanalista.com\/index.php?rest_route=%2Fwp%2Fv2%2Fcategories&post=2448"},{"taxonomy":"post_tag","embeddable":true,"href":"https:\/\/ovelanalista.com\/index.php?rest_route=%2Fwp%2Fv2%2Ftags&post=2448"}],"curies":[{"name":"wp","href":"https:\/\/api.w.org\/{rel}","templated":true}]}}