{"id":2470,"date":"2021-09-04T18:15:09","date_gmt":"2021-09-05T00:15:09","guid":{"rendered":"https:\/\/ovelanalista.com\/?p=2470"},"modified":"2021-09-04T12:20:37","modified_gmt":"2021-09-04T18:20:37","slug":"avance-de-numero-de-casos-de-covid-en-tamaulipas","status":"publish","type":"post","link":"https:\/\/ovelanalista.com\/?p=2470","title":{"rendered":"Avance de numero de casos de covid en Tamaulipas"},"content":{"rendered":"<p>CIFRAS OFICIALES<\/p>\n<p>La Secretar\u00eda de Salud en Tamaulipas report\u00f3 en su informe diario sobre el avance de la pandemia en la entidad un total de 522 nuevos contagios positivos de coronavirus y la muerte de 15 personas.\u00a0 Hasta este jueves, el nuevo balance de la pandemia es de 79 mil 373 positivos y 5 mil 948 muertes asociadas al covid-19.<\/p>\n<blockquote class=\"twitter-tweet\" data-width=\"550\" data-dnt=\"true\">\n<p lang=\"es\" dir=\"ltr\">Reporte <a href=\"https:\/\/twitter.com\/hashtag\/COVID19?src=hash&amp;ref_src=twsrc%5Etfw\">#COVID19<\/a> en <a href=\"https:\/\/twitter.com\/hashtag\/Tamaulipas?src=hash&amp;ref_src=twsrc%5Etfw\">#Tamaulipas<\/a> \ud83d\udcca\ud83e\udda0\ud83d\udd2c<\/p>\n<p>\ud83d\udd34 79,373 positivos.<br \/>\ud83d\udd35 68,743 recuperados.<br \/>\u26ab 5,943 defunciones.<a href=\"https:\/\/twitter.com\/hashtag\/Ent%C3%A9rate?src=hash&amp;ref_src=twsrc%5Etfw\">#Ent\u00e9rate<\/a> aqu\u00ed \u2b07\ufe0f<a href=\"https:\/\/t.co\/41xHEhXdTm\">https:\/\/t.co\/41xHEhXdTm<\/a><a href=\"https:\/\/twitter.com\/hashtag\/NoTeConf%C3%ADes?src=hash&amp;ref_src=twsrc%5Etfw\">#NoTeConf\u00edes<\/a> <a href=\"https:\/\/twitter.com\/hashtag\/UsaCubrebocas?src=hash&amp;ref_src=twsrc%5Etfw\">#UsaCubrebocas<\/a> <a href=\"https:\/\/twitter.com\/hashtag\/Cu%C3%ADdateT%C3%BA?src=hash&amp;ref_src=twsrc%5Etfw\">#Cu\u00eddateT\u00fa<\/a> <a href=\"https:\/\/twitter.com\/hashtag\/CuidaALosTuyos?src=hash&amp;ref_src=twsrc%5Etfw\">#CuidaALosTuyos<\/a> <a href=\"https:\/\/twitter.com\/hashtag\/JuntosPodemos?src=hash&amp;ref_src=twsrc%5Etfw\">#JuntosPodemos<\/a> <a href=\"https:\/\/twitter.com\/hashtag\/VacacionesSeguras?src=hash&amp;ref_src=twsrc%5Etfw\">#VacacionesSeguras<\/a> <a href=\"https:\/\/t.co\/8JQbymVpG3\">pic.twitter.com\/8JQbymVpG3<\/a><\/p>\n<p>&mdash; Secretar\u00eda de Salud (@TamaulipasSalud) <a href=\"https:\/\/twitter.com\/TamaulipasSalud\/status\/1433969608919339008?ref_src=twsrc%5Etfw\">September 4, 2021<\/a><\/p><\/blockquote>\n<p><script async src=\"https:\/\/platform.twitter.com\/widgets.js\" charset=\"utf-8\"><\/script><\/p>\n","protected":false},"excerpt":{"rendered":"<p>CIFRAS OFICIALES La Secretar\u00eda de Salud en Tamaulipas report\u00f3 en su informe diario sobre el avance de la pandemia en la entidad un total de 522 nuevos contagios positivos de coronavirus y la muerte de 15 personas.\u00a0 Hasta este jueves, el nuevo balance de la pandemia es de 79 mil 373 positivos y 5 mil 948 muertes asociadas al covid-19. Reporte #COVID19 en #Tamaulipas \ud83d\udcca\ud83e\udda0\ud83d\udd2c \ud83d\udd34 79,373 positivos.\ud83d\udd35 68,743 recuperados.\u26ab 5,943 defunciones.#Ent\u00e9rate aqu\u00ed \u2b07\ufe0fhttps:\/\/t.co\/41xHEhXdTm#NoTeConf\u00edes #UsaCubrebocas #Cu\u00eddateT\u00fa #CuidaALosTuyos #JuntosPodemos #VacacionesSeguras pic.twitter.com\/8JQbymVpG3 &mdash; Secretar\u00eda de Salud (@TamaulipasSalud) September 4, 2021<\/p>\n","protected":false},"author":3,"featured_media":0,"comment_status":"open","ping_status":"open","sticky":false,"template":"","format":"standard","meta":{"_jetpack_newsletter_access":"","_jetpack_dont_email_post_to_subs":false,"_jetpack_newsletter_tier_id":0,"_jetpack_memberships_contains_paywalled_content":false,"_jetpack_feature_clip_id":0,"_jetpack_memberships_contains_paid_content":false,"footnotes":"","jetpack_publicize_message":"","jetpack_publicize_feature_enabled":true,"jetpack_social_post_already_shared":false,"jetpack_social_options":{"image_generator_settings":{"template":"highway","default_image_id":0,"font":"","enabled":false},"version":2},"jetpack_post_was_ever_published":false},"categories":[75],"tags":[],"class_list":["post-2470","post","type-post","status-publish","format-standard","hentry","category-nacional","post--single"],"jetpack_publicize_connections":[],"jetpack_featured_media_url":"","jetpack_sharing_enabled":true,"_links":{"self":[{"href":"https:\/\/ovelanalista.com\/index.php?rest_route=\/wp\/v2\/posts\/2470","targetHints":{"allow":["GET"]}}],"collection":[{"href":"https:\/\/ovelanalista.com\/index.php?rest_route=\/wp\/v2\/posts"}],"about":[{"href":"https:\/\/ovelanalista.com\/index.php?rest_route=\/wp\/v2\/types\/post"}],"author":[{"embeddable":true,"href":"https:\/\/ovelanalista.com\/index.php?rest_route=\/wp\/v2\/users\/3"}],"replies":[{"embeddable":true,"href":"https:\/\/ovelanalista.com\/index.php?rest_route=%2Fwp%2Fv2%2Fcomments&post=2470"}],"version-history":[{"count":1,"href":"https:\/\/ovelanalista.com\/index.php?rest_route=\/wp\/v2\/posts\/2470\/revisions"}],"predecessor-version":[{"id":2471,"href":"https:\/\/ovelanalista.com\/index.php?rest_route=\/wp\/v2\/posts\/2470\/revisions\/2471"}],"wp:attachment":[{"href":"https:\/\/ovelanalista.com\/index.php?rest_route=%2Fwp%2Fv2%2Fmedia&parent=2470"}],"wp:term":[{"taxonomy":"category","embeddable":true,"href":"https:\/\/ovelanalista.com\/index.php?rest_route=%2Fwp%2Fv2%2Fcategories&post=2470"},{"taxonomy":"post_tag","embeddable":true,"href":"https:\/\/ovelanalista.com\/index.php?rest_route=%2Fwp%2Fv2%2Ftags&post=2470"}],"curies":[{"name":"wp","href":"https:\/\/api.w.org\/{rel}","templated":true}]}}