{"id":2490,"date":"2021-09-06T09:22:42","date_gmt":"2021-09-06T15:22:42","guid":{"rendered":"https:\/\/ovelanalista.com\/?p=2490"},"modified":"2021-09-06T09:22:42","modified_gmt":"2021-09-06T15:22:42","slug":"construimos-11-de-las-12-lineas-del-metro-pri","status":"publish","type":"post","link":"https:\/\/ovelanalista.com\/?p=2490","title":{"rendered":"CONSTRUIMOS 11 DE LAS 12 L\u00cdNEAS DEL METRO: PRI"},"content":{"rendered":"<p>Rub\u00e9n Moreira asever\u00f3 que el Metro, naci\u00f3 de una gran visi\u00f3n, esa que el tricolor ha demostrado siempre tener, cuando de labrar futuro se trata.<br \/>\n\u2022 Alejandro Moreno destac\u00f3 que el partido siempre ha estado presente para el desarrollo de infraestructura f\u00edsica de calidad y de gran calado.<\/p>\n<p>Alejandro Moreno, Presidente del Comit\u00e9 Ejecutivo Nacional (CEN) y diputado federal, Rub\u00e9n Moreira, Coordinador del Grupo Parlamentario (GPPRI) en la C\u00e1mara de Diputados, e Israel Betanzos, dirigente del Comit\u00e9 Directivo Estatal (CDE) del Partido Revolucionario Institucional (PRI), afirmaron que la obra civil m\u00e1s grande de la historia de M\u00e9xico, construida por gobiernos de este instituto pol\u00edtico es el Sistema de Transporte Colectivo (STC) Metro, de la Ciudad de M\u00e9xico.<\/p>\n<p>Al participar en el 52 Aniversario del inicio de actividades del transporte capitalino y la presentaci\u00f3n del libro \u201cMetropolitano. El Metro de la Ciudad de M\u00e9xico\u201d, del escritor Agust\u00edn Dany, organizado por la Secretaria de Gesti\u00f3n Social del CEN, Lorena Pi\u00f1\u00f3n, el dirigente nacional afirm\u00f3 que todo lo que han construido los gobiernos del partido durante d\u00e9cadas, ha sido fundamental para el progreso y desarrollo del pa\u00eds y record\u00f3 que fueron \u00e9stos los que impulsaron 11 de las 12 l\u00edneas del Metro.<\/p>\n<p>En la explanada de la sede nacional priista, Alejandro Moreno destac\u00f3 que el partido siempre ha estado presente para el desarrollo de infraestructura f\u00edsica de calidad y de gran calado. Expuso que esta conmemoraci\u00f3n es una buena oportunidad para recordar la huella que ha dejado el PRI en la historia de M\u00e9xico y, de manera muy concreta, en la capital.<\/p>\n<p>En su oportunidad, Rub\u00e9n Moreira asever\u00f3 que la Ciudad de M\u00e9xico es una de las grandes urbes del mundo gracias a su Metro, ya que naci\u00f3 de una gran visi\u00f3n, \u201cesa que el PRI ha demostrado siempre tener, cuando de labrar futuro se trata\u201d. Indiscutiblemente, recalc\u00f3, los gobiernos priistas han sabido planear y ejecutar con la mejor calidad la infraestructura que hoy hace a M\u00e9xico una gran econom\u00eda a nivel mundial.<\/p>\n<p>El coordinador parlamentario se comprometi\u00f3 a llevar a la C\u00e1mara de diputados los temas de movilidad, bajo el consejo de los dirigentes sindicales, as\u00ed como reunirse con los concejales y diputados del tricolor en la capital, para formar propuestas para el presupuesto destinado al STC, con el prop\u00f3sito de darle mantenimiento, e impulsar su crecimiento para que llegue a otros lugares de la ciudad.<\/p>\n<p>En tanto, la diputada federal Lorena Pi\u00f1\u00f3n subray\u00f3 que siguiendo los lineamientos de Alejandro Moreno, el tricolor es por excelencia el cauce de las causas sociales, recuperando su rostro social, por lo que refrend\u00f3 el compromiso del PRI con la movilidad sustentable y su impulso en la plataforma legislativa para su fortalecimiento.<\/p>\n<p>Por su parte, Israel Betanzos consider\u00f3 que el Metro mexicano est\u00e1 a la altura de los sistemas de transporte colectivo del mundo y para que siga ocupando ese sitio, el Revolucionario Institucional lo impulsar\u00e1 \u201cdesde su fortaleza que es la unidad, etiquetando los recursos de su Presupuesto, sin tintes partidistas\u201d.<\/p>\n<p>En tanto, Homero Zavala Zavala, fundador y dirigente del Sindicato Mexicano de Trabajadores del Sistema de Transporte Colectivo Metro (SMTSTCM), destac\u00f3 las carencias materiales y econ\u00f3micas de dichos trabajadores. \u201cNo tenemos servicio m\u00e9dico de calidad, no se da mantenimiento al Metro y hay un subejercicio en su presupuesto, por lo que no tenemos nada que festejar\u201d, puntualiz\u00f3.<\/p>\n<p>Los dirigentes priistas entregaron reconocimientos a la se\u00f1ora Juana Cisneros, una de las primeras taquilleras del Metro y a los hijos del fot\u00f3grafo Daniel Arellano, quien document\u00f3 con sus im\u00e1genes la construcci\u00f3n de este transporte.<\/p>\n<p>Al evento, asistieron miembros del CEN, diputados federales y los alcaldes electos de Tlalpan y Magdalena Contreras, Alfa Gonz\u00e1lez y Luis Gerardo Quijano, concejales capitalinos y presidentes municipales de la zona conurbada a donde llega este transporte, as\u00ed como locatarios de mercados p\u00fablicos.<\/p>\n<p><img loading=\"lazy\" decoding=\"async\" class=\"size-medium wp-image-2493 alignleft\" src=\"https:\/\/ovelanalista.com\/wp-content\/uploads\/2021\/09\/WhatsApp-Image-2021-09-04-at-3.50.37-PM-2-300x200.jpeg\" alt=\"\" width=\"300\" height=\"200\" srcset=\"https:\/\/ovelanalista.com\/wp-content\/uploads\/2021\/09\/WhatsApp-Image-2021-09-04-at-3.50.37-PM-2-300x200.jpeg 300w, https:\/\/ovelanalista.com\/wp-content\/uploads\/2021\/09\/WhatsApp-Image-2021-09-04-at-3.50.37-PM-2-1024x682.jpeg 1024w, https:\/\/ovelanalista.com\/wp-content\/uploads\/2021\/09\/WhatsApp-Image-2021-09-04-at-3.50.37-PM-2-768x512.jpeg 768w, https:\/\/ovelanalista.com\/wp-content\/uploads\/2021\/09\/WhatsApp-Image-2021-09-04-at-3.50.37-PM-2-400x267.jpeg 400w, https:\/\/ovelanalista.com\/wp-content\/uploads\/2021\/09\/WhatsApp-Image-2021-09-04-at-3.50.37-PM-2-750x500.jpeg 750w, https:\/\/ovelanalista.com\/wp-content\/uploads\/2021\/09\/WhatsApp-Image-2021-09-04-at-3.50.37-PM-2-1140x760.jpeg 1140w, https:\/\/ovelanalista.com\/wp-content\/uploads\/2021\/09\/WhatsApp-Image-2021-09-04-at-3.50.37-PM-2.jpeg 1280w\" sizes=\"auto, (max-width: 300px) 100vw, 300px\" \/> \u00a0 \u00a0<img loading=\"lazy\" decoding=\"async\" class=\"size-medium wp-image-2492 alignnone\" style=\"font-size: 19.4286px;\" src=\"https:\/\/ovelanalista.com\/wp-content\/uploads\/2021\/09\/WhatsApp-Image-2021-09-04-at-3.50.37-PM-3-300x200.jpeg\" alt=\"\" width=\"300\" height=\"200\" srcset=\"https:\/\/ovelanalista.com\/wp-content\/uploads\/2021\/09\/WhatsApp-Image-2021-09-04-at-3.50.37-PM-3-300x200.jpeg 300w, https:\/\/ovelanalista.com\/wp-content\/uploads\/2021\/09\/WhatsApp-Image-2021-09-04-at-3.50.37-PM-3-768x512.jpeg 768w, https:\/\/ovelanalista.com\/wp-content\/uploads\/2021\/09\/WhatsApp-Image-2021-09-04-at-3.50.37-PM-3-400x267.jpeg 400w, https:\/\/ovelanalista.com\/wp-content\/uploads\/2021\/09\/WhatsApp-Image-2021-09-04-at-3.50.37-PM-3-750x500.jpeg 750w, https:\/\/ovelanalista.com\/wp-content\/uploads\/2021\/09\/WhatsApp-Image-2021-09-04-at-3.50.37-PM-3.jpeg 1024w\" sizes=\"auto, (max-width: 300px) 100vw, 300px\" \/><img loading=\"lazy\" decoding=\"async\" class=\"size-medium wp-image-2491 aligncenter\" src=\"https:\/\/ovelanalista.com\/wp-content\/uploads\/2021\/09\/WhatsApp-Image-2021-09-04-at-3.50.37-PM-300x200.jpeg\" alt=\"\" width=\"300\" height=\"200\" srcset=\"https:\/\/ovelanalista.com\/wp-content\/uploads\/2021\/09\/WhatsApp-Image-2021-09-04-at-3.50.37-PM-300x200.jpeg 300w, https:\/\/ovelanalista.com\/wp-content\/uploads\/2021\/09\/WhatsApp-Image-2021-09-04-at-3.50.37-PM-768x512.jpeg 768w, https:\/\/ovelanalista.com\/wp-content\/uploads\/2021\/09\/WhatsApp-Image-2021-09-04-at-3.50.37-PM-400x267.jpeg 400w, https:\/\/ovelanalista.com\/wp-content\/uploads\/2021\/09\/WhatsApp-Image-2021-09-04-at-3.50.37-PM-750x500.jpeg 750w, https:\/\/ovelanalista.com\/wp-content\/uploads\/2021\/09\/WhatsApp-Image-2021-09-04-at-3.50.37-PM.jpeg 1024w\" sizes=\"auto, (max-width: 300px) 100vw, 300px\" \/><\/p>\n","protected":false},"excerpt":{"rendered":"<p>Rub\u00e9n Moreira asever\u00f3 que el Metro, naci\u00f3 de una gran visi\u00f3n, esa que el tricolor ha demostrado siempre tener, cuando de labrar futuro se trata. \u2022 Alejandro Moreno destac\u00f3 que el partido siempre ha estado presente para el desarrollo de infraestructura f\u00edsica de calidad y de gran calado. Alejandro Moreno, Presidente del Comit\u00e9 Ejecutivo Nacional (CEN) y diputado federal, Rub\u00e9n Moreira, Coordinador del Grupo Parlamentario (GPPRI) en la C\u00e1mara de Diputados, e Israel Betanzos, dirigente del Comit\u00e9 Directivo Estatal (CDE) del Partido Revolucionario Institucional (PRI), afirmaron que la obra civil m\u00e1s grande de la historia de M\u00e9xico, construida por gobiernos [&hellip;]<\/p>\n","protected":false},"author":2,"featured_media":2494,"comment_status":"open","ping_status":"open","sticky":false,"template":"","format":"standard","meta":{"_jetpack_newsletter_access":"","_jetpack_dont_email_post_to_subs":false,"_jetpack_newsletter_tier_id":0,"_jetpack_memberships_contains_paywalled_content":false,"_jetpack_feature_clip_id":0,"_jetpack_memberships_contains_paid_content":false,"footnotes":"","jetpack_publicize_message":"","jetpack_publicize_feature_enabled":true,"jetpack_social_post_already_shared":false,"jetpack_social_options":{"image_generator_settings":{"template":"highway","default_image_id":0,"font":"","enabled":false},"version":2},"jetpack_post_was_ever_published":false},"categories":[75],"tags":[],"class_list":["post-2490","post","type-post","status-publish","format-standard","has-post-thumbnail","hentry","category-nacional","post--single"],"jetpack_publicize_connections":[],"jetpack_featured_media_url":"https:\/\/ovelanalista.com\/wp-content\/uploads\/2021\/09\/WhatsApp-Image-2021-09-04-at-3.50.37-PM-1.jpeg","jetpack_sharing_enabled":true,"_links":{"self":[{"href":"https:\/\/ovelanalista.com\/index.php?rest_route=\/wp\/v2\/posts\/2490","targetHints":{"allow":["GET"]}}],"collection":[{"href":"https:\/\/ovelanalista.com\/index.php?rest_route=\/wp\/v2\/posts"}],"about":[{"href":"https:\/\/ovelanalista.com\/index.php?rest_route=\/wp\/v2\/types\/post"}],"author":[{"embeddable":true,"href":"https:\/\/ovelanalista.com\/index.php?rest_route=\/wp\/v2\/users\/2"}],"replies":[{"embeddable":true,"href":"https:\/\/ovelanalista.com\/index.php?rest_route=%2Fwp%2Fv2%2Fcomments&post=2490"}],"version-history":[{"count":1,"href":"https:\/\/ovelanalista.com\/index.php?rest_route=\/wp\/v2\/posts\/2490\/revisions"}],"predecessor-version":[{"id":2495,"href":"https:\/\/ovelanalista.com\/index.php?rest_route=\/wp\/v2\/posts\/2490\/revisions\/2495"}],"wp:featuredmedia":[{"embeddable":true,"href":"https:\/\/ovelanalista.com\/index.php?rest_route=\/wp\/v2\/media\/2494"}],"wp:attachment":[{"href":"https:\/\/ovelanalista.com\/index.php?rest_route=%2Fwp%2Fv2%2Fmedia&parent=2490"}],"wp:term":[{"taxonomy":"category","embeddable":true,"href":"https:\/\/ovelanalista.com\/index.php?rest_route=%2Fwp%2Fv2%2Fcategories&post=2490"},{"taxonomy":"post_tag","embeddable":true,"href":"https:\/\/ovelanalista.com\/index.php?rest_route=%2Fwp%2Fv2%2Ftags&post=2490"}],"curies":[{"name":"wp","href":"https:\/\/api.w.org\/{rel}","templated":true}]}}