{"id":2521,"date":"2021-09-06T14:31:02","date_gmt":"2021-09-06T20:31:02","guid":{"rendered":"https:\/\/ovelanalista.com\/?p=2521"},"modified":"2021-09-06T14:31:02","modified_gmt":"2021-09-06T20:31:02","slug":"el-sistema-dif-ahome-da-bienvenida-a-georgina-borquez","status":"publish","type":"post","link":"https:\/\/ovelanalista.com\/?p=2521","title":{"rendered":"El Sistema DIF-Ahome da bienvenida a Georgina B\u00f3rquez"},"content":{"rendered":"<p>La Presidenta de dicha instituci\u00f3n, quien fue acompa\u00f1ada del Presidente Municipal Sustituto de Ahome, Juan Francisco Fierro Gaxiola, se puso al tanto de las diversas actividades que se realizan\u2026<\/p>\n<p>Los Mochis, Ahome, Sinaloa, a 6 de Septiembre del 2021.- Personal del Sistema para el Desarrollo Integral de la Familia DIF Ahome, se reuni\u00f3 la ma\u00f1ana de este lunes para darle la bienvenida a la se\u00f1ora Georgina B\u00f3rquez Solano, Presidenta de dicha instituci\u00f3n, donde le estuvieron presentando cada una de las actividades que ah\u00ed se realizan.<br \/>\nGeorgina B\u00f3rquez, quien fue acompa\u00f1ada de su esposo el Presidente Municipal de Ahome, Juan Francisco Fierro Gaxiola, se dijo contenta y agradecida por la oportunidad que le dieron de trabajar para beneficio del pueblo ahomense.<br \/>\n\u201cMe ha tocado conocer \u00e1reas que no conoc\u00eda, y de verdad me tiene impresionada, tanto las \u00e1reas como el Sistema DIF-Ahome, todo lo que conlleva \u00e9sta instituci\u00f3n tan importante\u201d, expres\u00f3 B\u00f3rquez Solano.<br \/>\nPor su parte el alcalde Juan Fierro se dijo contento de que la mujer que lo acompa\u00f1a en la vida tambi\u00e9n lo est\u00e9 acompa\u00f1ando en su trabajo, destacando que su esposa asumir\u00e1 esa responsabilidad y la sacar\u00e1 adelante con el equipo que conforma DIF Ahome.<br \/>\n\u201cLa verdad muy contento, nos damos cuenta el gran trabajo que se est\u00e1 haciendo en el Sistema DIF-Ahome, y esto nos pone un reto para seguirlo llevando a cabo como se ha estado llevando, es un reto muy grande pero nos gustan los retos, y estoy seguro que mi esposa va asumir la responsabilidad y va sacar adelante con el equipo que conforma DIF Ahome\u201d, manifest\u00f3 Fierro Gaxiola.<br \/>\nDurante el encuentro estuvieron presentes los coordinadores de las diversas \u00e1reas que conforman la instituci\u00f3n, quienes presentaron las actividades que se han estado realizando durante la presente administraci\u00f3n, as\u00ed como los programas que se encuentran realizando.<br \/>\nAl finalizar la presentaci\u00f3n, la Presidencia de DIF Ahome dio un recorrido por cada una de las \u00e1reas de la noble instituci\u00f3n.<\/p>\n<p><img loading=\"lazy\" decoding=\"async\" class=\"alignnone size-medium wp-image-2525\" src=\"https:\/\/ovelanalista.com\/wp-content\/uploads\/2021\/09\/WhatsApp-Image-2021-09-06-at-2.17.07-PM-300x200.jpeg\" alt=\"\" width=\"300\" height=\"200\" srcset=\"https:\/\/ovelanalista.com\/wp-content\/uploads\/2021\/09\/WhatsApp-Image-2021-09-06-at-2.17.07-PM-300x200.jpeg 300w, https:\/\/ovelanalista.com\/wp-content\/uploads\/2021\/09\/WhatsApp-Image-2021-09-06-at-2.17.07-PM-1024x683.jpeg 1024w, https:\/\/ovelanalista.com\/wp-content\/uploads\/2021\/09\/WhatsApp-Image-2021-09-06-at-2.17.07-PM-768x512.jpeg 768w, https:\/\/ovelanalista.com\/wp-content\/uploads\/2021\/09\/WhatsApp-Image-2021-09-06-at-2.17.07-PM-400x267.jpeg 400w, https:\/\/ovelanalista.com\/wp-content\/uploads\/2021\/09\/WhatsApp-Image-2021-09-06-at-2.17.07-PM-750x500.jpeg 750w, https:\/\/ovelanalista.com\/wp-content\/uploads\/2021\/09\/WhatsApp-Image-2021-09-06-at-2.17.07-PM-1140x761.jpeg 1140w, https:\/\/ovelanalista.com\/wp-content\/uploads\/2021\/09\/WhatsApp-Image-2021-09-06-at-2.17.07-PM.jpeg 1280w\" sizes=\"auto, (max-width: 300px) 100vw, 300px\" \/> <img loading=\"lazy\" decoding=\"async\" class=\"alignnone size-medium wp-image-2523\" src=\"https:\/\/ovelanalista.com\/wp-content\/uploads\/2021\/09\/WhatsApp-Image-2021-09-06-at-2.17.08-PM-2-300x200.jpeg\" alt=\"\" width=\"300\" height=\"200\" srcset=\"https:\/\/ovelanalista.com\/wp-content\/uploads\/2021\/09\/WhatsApp-Image-2021-09-06-at-2.17.08-PM-2-300x200.jpeg 300w, https:\/\/ovelanalista.com\/wp-content\/uploads\/2021\/09\/WhatsApp-Image-2021-09-06-at-2.17.08-PM-2-1024x683.jpeg 1024w, https:\/\/ovelanalista.com\/wp-content\/uploads\/2021\/09\/WhatsApp-Image-2021-09-06-at-2.17.08-PM-2-768x512.jpeg 768w, https:\/\/ovelanalista.com\/wp-content\/uploads\/2021\/09\/WhatsApp-Image-2021-09-06-at-2.17.08-PM-2-400x267.jpeg 400w, https:\/\/ovelanalista.com\/wp-content\/uploads\/2021\/09\/WhatsApp-Image-2021-09-06-at-2.17.08-PM-2-750x500.jpeg 750w, https:\/\/ovelanalista.com\/wp-content\/uploads\/2021\/09\/WhatsApp-Image-2021-09-06-at-2.17.08-PM-2-1140x761.jpeg 1140w, https:\/\/ovelanalista.com\/wp-content\/uploads\/2021\/09\/WhatsApp-Image-2021-09-06-at-2.17.08-PM-2.jpeg 1280w\" sizes=\"auto, (max-width: 300px) 100vw, 300px\" \/> <img loading=\"lazy\" decoding=\"async\" class=\"size-medium wp-image-2522 aligncenter\" src=\"https:\/\/ovelanalista.com\/wp-content\/uploads\/2021\/09\/WhatsApp-Image-2021-09-06-at-2.17.08-PM-300x200.jpeg\" alt=\"\" width=\"300\" height=\"200\" srcset=\"https:\/\/ovelanalista.com\/wp-content\/uploads\/2021\/09\/WhatsApp-Image-2021-09-06-at-2.17.08-PM-300x200.jpeg 300w, https:\/\/ovelanalista.com\/wp-content\/uploads\/2021\/09\/WhatsApp-Image-2021-09-06-at-2.17.08-PM-1024x683.jpeg 1024w, https:\/\/ovelanalista.com\/wp-content\/uploads\/2021\/09\/WhatsApp-Image-2021-09-06-at-2.17.08-PM-768x512.jpeg 768w, https:\/\/ovelanalista.com\/wp-content\/uploads\/2021\/09\/WhatsApp-Image-2021-09-06-at-2.17.08-PM-400x267.jpeg 400w, https:\/\/ovelanalista.com\/wp-content\/uploads\/2021\/09\/WhatsApp-Image-2021-09-06-at-2.17.08-PM-750x500.jpeg 750w, https:\/\/ovelanalista.com\/wp-content\/uploads\/2021\/09\/WhatsApp-Image-2021-09-06-at-2.17.08-PM-1140x761.jpeg 1140w, https:\/\/ovelanalista.com\/wp-content\/uploads\/2021\/09\/WhatsApp-Image-2021-09-06-at-2.17.08-PM.jpeg 1280w\" sizes=\"auto, (max-width: 300px) 100vw, 300px\" \/><\/p>\n","protected":false},"excerpt":{"rendered":"<p>La Presidenta de dicha instituci\u00f3n, quien fue acompa\u00f1ada del Presidente Municipal Sustituto de Ahome, Juan Francisco Fierro Gaxiola, se puso al tanto de las diversas actividades que se realizan\u2026 Los Mochis, Ahome, Sinaloa, a 6 de Septiembre del 2021.- Personal del Sistema para el Desarrollo Integral de la Familia DIF Ahome, se reuni\u00f3 la ma\u00f1ana de este lunes para darle la bienvenida a la se\u00f1ora Georgina B\u00f3rquez Solano, Presidenta de dicha instituci\u00f3n, donde le estuvieron presentando cada una de las actividades que ah\u00ed se realizan. Georgina B\u00f3rquez, quien fue acompa\u00f1ada de su esposo el Presidente Municipal de Ahome, Juan Francisco [&hellip;]<\/p>\n","protected":false},"author":2,"featured_media":2524,"comment_status":"open","ping_status":"open","sticky":false,"template":"","format":"standard","meta":{"_jetpack_newsletter_access":"","_jetpack_dont_email_post_to_subs":false,"_jetpack_newsletter_tier_id":0,"_jetpack_memberships_contains_paywalled_content":false,"_jetpack_feature_clip_id":0,"_jetpack_memberships_contains_paid_content":false,"footnotes":"","jetpack_publicize_message":"","jetpack_publicize_feature_enabled":true,"jetpack_social_post_already_shared":false,"jetpack_social_options":{"image_generator_settings":{"template":"highway","default_image_id":0,"font":"","enabled":false},"version":2},"jetpack_post_was_ever_published":false},"categories":[72,85],"tags":[],"class_list":["post-2521","post","type-post","status-publish","format-standard","has-post-thumbnail","hentry","category-portada","category-sinaloa-norte","post--single"],"jetpack_publicize_connections":[],"jetpack_featured_media_url":"https:\/\/ovelanalista.com\/wp-content\/uploads\/2021\/09\/WhatsApp-Image-2021-09-06-at-2.17.08-PM-1.jpeg","jetpack_sharing_enabled":true,"_links":{"self":[{"href":"https:\/\/ovelanalista.com\/index.php?rest_route=\/wp\/v2\/posts\/2521","targetHints":{"allow":["GET"]}}],"collection":[{"href":"https:\/\/ovelanalista.com\/index.php?rest_route=\/wp\/v2\/posts"}],"about":[{"href":"https:\/\/ovelanalista.com\/index.php?rest_route=\/wp\/v2\/types\/post"}],"author":[{"embeddable":true,"href":"https:\/\/ovelanalista.com\/index.php?rest_route=\/wp\/v2\/users\/2"}],"replies":[{"embeddable":true,"href":"https:\/\/ovelanalista.com\/index.php?rest_route=%2Fwp%2Fv2%2Fcomments&post=2521"}],"version-history":[{"count":1,"href":"https:\/\/ovelanalista.com\/index.php?rest_route=\/wp\/v2\/posts\/2521\/revisions"}],"predecessor-version":[{"id":2526,"href":"https:\/\/ovelanalista.com\/index.php?rest_route=\/wp\/v2\/posts\/2521\/revisions\/2526"}],"wp:featuredmedia":[{"embeddable":true,"href":"https:\/\/ovelanalista.com\/index.php?rest_route=\/wp\/v2\/media\/2524"}],"wp:attachment":[{"href":"https:\/\/ovelanalista.com\/index.php?rest_route=%2Fwp%2Fv2%2Fmedia&parent=2521"}],"wp:term":[{"taxonomy":"category","embeddable":true,"href":"https:\/\/ovelanalista.com\/index.php?rest_route=%2Fwp%2Fv2%2Fcategories&post=2521"},{"taxonomy":"post_tag","embeddable":true,"href":"https:\/\/ovelanalista.com\/index.php?rest_route=%2Fwp%2Fv2%2Ftags&post=2521"}],"curies":[{"name":"wp","href":"https:\/\/api.w.org\/{rel}","templated":true}]}}