{"id":25326,"date":"2022-03-18T11:34:52","date_gmt":"2022-03-18T18:34:52","guid":{"rendered":"https:\/\/ovelanalista.com\/?p=25326"},"modified":"2022-03-18T11:34:52","modified_gmt":"2022-03-18T18:34:52","slug":"conciencia-pura","status":"publish","type":"post","link":"https:\/\/ovelanalista.com\/?p=25326","title":{"rendered":"Conciencia pura"},"content":{"rendered":"<p data-version=\"1\">\n<p style=\"font-weight: 100;\">\u00a0 Entre Veredas Marco Antonio Liz\u00e1rraga \u201cLa democracia es una creencia pat\u00e9tica en la sabidur\u00eda colectiva de la ignorancia individual\u201d, &#8230;<\/p>\n<p>\u00a0<a href=\"https:\/\/www.entreveredas.com.mx\/2022\/03\/ni-fu-ni-fa.html\">Ni fu ni fa<\/a><\/p>\n<p><a href=\"https:\/\/www.entreveredas.com.mx\/2022\/03\/nimiedades.html\">Nimiedades<\/a><\/p>\n<p><a href=\"https:\/\/www.entreveredas.com.mx\/2022\/03\/viento-en-popa.html\">Viento en popa<\/a><\/p>\n<p>&nbsp;<\/p>\n<p style=\"font-weight: 100;\">\nEntre Veredas<\/p>\n<p>Marco Antonio Liz\u00e1rraga<\/p>\n<p>\u201cLa democracia es una creencia pat\u00e9tica en la sabidur\u00eda colectiva de la ignorancia individual\u201d, Henry-Louis Mencken<\/p>\n<p>LLEGADA<\/p>\n<p>Este jueves llegaron a los Consejos Distritales la papeler\u00eda que se usar\u00e1 para la jornada del plebiscito nacional de la Revocaci\u00f3n de Mandato, donde personal del Instituto Nacional Electoral las puso bajo resguardo.<\/p>\n<p>El tema del ejercicio democr\u00e1tico que ha sido duramente cuestionado por la sociedad y a pesar de los recortes presupuestales este se realizar\u00e1 solo en un 50 por ciento, por lo que los resultados electorales sean vinculantes.<\/p>\n<p>Es decir, que pese a todos los esfuerzos y los recursos que se gastar\u00e1n este ejercicio de la revocaci\u00f3n de mandato en el pa\u00eds no tendr\u00eda los efectos legales para lo que se hab\u00eda destinado, las cosas se tornar\u00e1n de manera incorrecta.<\/p>\n<p>En el caso de Sinaloa se ha visto un sinn\u00famero de acciones por parte de los morenistas en todo el estado, tanto que las fuerzas opositoras como de Movimiento Ciudadano y el Partido Acci\u00f3n Nacional.<\/p>\n<p>La guerra ha sido constante pues el mismo presidente de M\u00e9xico Andr\u00e9s Manuel L\u00f3pez Obrador tanto que public\u00f3 en el Diario Oficial de la Federaci\u00f3n (DOF) el reci\u00e9n avalado decreto que permite a los funcionarios promover la revocaci\u00f3n de mandato sin que sea considerado como propaganda gubernamental.<\/p>\n<p>El decreto entrar\u00e1 en vigor este viernes 18 de marzo y dar\u00e1 la posibilidad al mandatario federal y a los legisladores del Movimiento Regeneraci\u00f3n Nacional (Morena) de promocionar el proceso de revocaci\u00f3n de mandato, previsto para el pr\u00f3ximo 10 de abril.<\/p>\n<p>Ante esto consejero presidente del Instituto Nacional Electoral Lorenzo C\u00f3rdova, alert\u00f3 sobre quienes hacen \u201ctrampa\u201d, cometen fraude a la ley y pretenden enga\u00f1ar a la poblaci\u00f3n y a las autoridades en el marco de la revocaci\u00f3n de mandato.<\/p>\n<p>El mismo C\u00f3rdova anunci\u00f3 y lo cito textual: \u201cla competencia electoral quien viola la ley erosiona las bases de la convivencia democr\u00e1tica, vulnera el arreglo pol\u00edtico en el que se sustenta la democracia, y, en consecuencia, no s\u00f3lo hace trampa, comete fraude a las leyes y ahuyenta a las y los electores de las urnas\u201d.<\/p>\n<p>La consulta ciudadana de Revocaci\u00f3n de Mandato ha desgastado mucho la relaci\u00f3n pol\u00edtica entre el presidente L\u00f3pez Obrador y las instituciones, acciones como las que han ocurrido ponen de lado todo, menos\u00a0los intereses.<\/p>\n<p>S\u00f3lo me queda preguntar, si la consulta ciudadana fuera un rotundo No al presidente, \u00bfla aceptar\u00eda? Claro que no porque no es vinculante, y si fuera el Si no pasar\u00eda nada porque el protesto para dejar el cargo hasta octubre de 2024.<\/p>\n<p>Es decir que toda acci\u00f3n y recursos que se est\u00e1n gastando en este proceso no es m\u00e1s que eso una p\u00e9rdida de tiempo y un gasto, que s\u00f3lo al final va a quedar como un ejercicio egoc\u00e9ntrico de algo que ya sabemos. Que todo el pa\u00eds quiere que L\u00f3pez Obrador siga.<\/p>\n<p>En suma la revocaci\u00f3n de mandato es para el presidente la forma de mostrar m\u00fasculo pol\u00edtico-electoral, es decir, hacer manifiesto que Morena y sus aliados a\u00fan tienen capacidad para movilizar a millones de personas.<\/p>\n<p>No por el hecho de que est\u00e9 realmente en juego la permanencia de Andr\u00e9s Manuel L\u00f3pez Obrador en su cargo la verdad, se trata es de la capacidad de Morena y sus aliados para llevar electores a las urnas.<\/p>\n<p>Desde que se promovi\u00f3 la legislaci\u00f3n respecto a este tema, la visi\u00f3n de L\u00f3pez Obrador fue usar el mecanismo para fortalecerse y lo encontr\u00f3 de esta forma, si no vean a las huestes morenistas como andan.<\/p>\n<p>As\u00ed las cosas.<\/p>\n<p style=\"font-weight: 100;\">PRIMER PASO<\/p>\n<p style=\"font-weight: 100;\">En Ahome, el alcalde Gerardo Vargas Landeros dio el primero paso para que en su municipio se comiencen a dar los indicios de que la voz de los ind\u00edgenas del norte de Sinaloa\u00a0\u00a0\u00a0\u00a0\u00a0\u00a0\u00a0\u00a0\u00a0 sea escuchada por las autoridades.<\/p>\n<p style=\"font-weight: 100;\">Es por esta raz\u00f3n que se realiz\u00f3 un encuentro con las Comisiones Unidas de Desarrollo Econ\u00f3mico y de Asuntos Ind\u00edgenas, as\u00ed como con diputados locales integrantes en el Congreso de Sinaloa de esta comisi\u00f3n.<\/p>\n<p style=\"font-weight: 100;\">En esta reuni\u00f3n estuvieron presentes los diputados C\u00e9sar Ismael Alarc\u00f3n, Viridiana Camacho Mill\u00e1n, Cecilia Covarrubias Gonz\u00e1lez y Elizabeth Ch\u00eda.<\/p>\n<p style=\"font-weight: 100;\">Luis Javier de La Rocha Zazueta, presidente de la Comisi\u00f3n de Desarrollo Econ\u00f3mico indic\u00f3 que la comisi\u00f3n acudir\u00e1 a todos los rincones de Sinaloa para conocer las necesidades de la poblaci\u00f3n ind\u00edgena.<\/p>\n<p style=\"font-weight: 100;\">En este encuentro, el diputado Mart\u00edn Vega \u00c1lvarez Presidente de la Comisi\u00f3n de Comunidades y Asuntos Ind\u00edgenas manifest\u00f3, que las comunidades ind\u00edgenas van m\u00e1s all\u00e1 de su cultura, porque existe potencial por lo que se debe de analizar como explotarlo para alcanzar su mejor desarrollo.<\/p>\n<p style=\"font-weight: 100;\">El alcalde Gerardo Vargas Landeros manifest\u00f3 que el desarrollo de\u00a0 las comunidades ind\u00edgenas\u00a0 est\u00e1 en su agenda del gobierno que encabeza, y para muestra, las primeras acciones se realizaron en campos pesqueros ind\u00edgenas como L\u00e1zaro C\u00e1rdenas, Paredones, Bacorehuis y El Colorado<\/p>\n<p style=\"font-weight: 100;\">El primer paso ya est\u00e1 dado, esperaremos ver que es lo que ocurre ahora, y cuales fueron los lineamientos<\/p>\n<p style=\"font-weight: 100;\">ENFOQUE<\/p>\n<p style=\"font-weight: 100;\">Es evidente, este periodo de gesti\u00f3n de la alcaldesa de Elota, Ana Karen Val Medina dejar\u00e1 una huella\u00a0 interesante en la vida de sus gobernados pues se ver\u00e1 como despu\u00e9s de varias d\u00e9cadas de hegemon\u00eda pol\u00edtica ahora si se ve el inter\u00e9s de los ciudadanos aplicados en las gestiones sociales del gobierno.<\/p>\n<p style=\"font-weight: 100;\">Apenas ayer coment\u00e1bamos que despu\u00e9s de cuatro meses, ciento veinte d\u00edas, la alcaldesa rompi\u00f3 con una petici\u00f3n de varios lustros en Elota, que era tener su propia subestaci\u00f3n, el no tenerla no permit\u00eda siquiera pensar en ampliar la oferta a empresas, por lo que una vez terminada comenzar\u00e1 el desarrollo de su municipio.<\/p>\n<p style=\"font-weight: 100;\">Es evidente, que la actitud y la forma de trabajar, gobiernan en Elota, se han desarrollado pol\u00edticas p\u00fablicas que se perciben en el municipio, pero sobre todo que se ha desarrollado un municipio con alto inter\u00e9s social.<\/p>\n<p style=\"font-weight: 100;\">Y eso se ve, Val Medina ayer junto con la visita del gobernador de Sinaloa, Rub\u00e9n Rocha Moya a Elota, se comprometi\u00f3 a impulsar el deporte, y hay que recordar algo, una virtud que tiene la alcaldesa es que no es pol\u00edtica, en el amplio sentido, es una ciudadana que gobierna y se esmera por empe\u00f1ar y cumplir su palabra.<\/p>\n<p style=\"font-weight: 100;\">Esto apenas comienza.<\/p>\n<p style=\"font-weight: 100;\">CONFLICTO<\/p>\n<p style=\"font-weight: 100;\">En tres ocasiones en las \u00faltimas semanas, el gobernador Rub\u00e9n Rocha y la Secretar\u00eda de Educaci\u00f3n P\u00fablica y Cultura, Graciela Dom\u00ednguez Nava, han sostenido reuniones con la dirigencia sindical encabezada por su secretario general, profesor Genaro Torrecillas.<\/p>\n<p style=\"font-weight: 100;\">El lunes pasado, 14 de marzo, se recibi\u00f3 el pliego de demandas de la secci\u00f3n 27 del SNTE en el oficio 065-SG dirigido al gobernador de Sinaloa, Rub\u00e9n Rocha Moya, y con atenci\u00f3n a la SEPyC, donde se enumeran una serie de temas que plantea el SNTE 27 que requieren de la revisi\u00f3n entre las partes.<\/p>\n<p style=\"font-weight: 100;\">La respuesta girada por SEPyC \u00a0en el oficio DS-132, con fecha del 15 de marzo, manifest\u00f3 que es de mayor inter\u00e9s sostener reuniones en lo inmediato con la dirigencia sindical para tratar de manera puntual cualquier planteamiento y juntos buscar su soluci\u00f3n.<\/p>\n<p style=\"font-weight: 100;\">El conflicto sindical sigue en pie, la secci\u00f3n 27 del SNTE ha dado muestra de que el conflicto interno que vive es m\u00e1s bien pol\u00edtico, que buscar el beneficio de los trabajadores y con ello afecta a los alumnos que ahora regresan a clases presenciales en Sinaloa con el sem\u00e1foro en verde tras varios meses de ausencia.<\/p>\n<p style=\"font-weight: 100;\">Ahora esta secci\u00f3n de maestros federales anuncia la toma de edificios y protestas en planteles con lo que se afectar\u00e1 seriamente el desempe\u00f1o escolar. La lucha por el di\u00e1logo sigue, ya veremos en que para todo esto.<\/p>\n<p style=\"font-weight: 100;\"><a href=\"mailto:mlizarraga1@entreveredas.com.mx\">mlizarraga1@entreveredas.com.mx<\/a><\/p>\n<p style=\"font-weight: 100;\">Facebook, Instagram y Twitter: PeriodistaMarco<\/p>\n<p>&nbsp;<\/p>\n<p>&nbsp;<\/p>\n<p style=\"font-weight: 100;\">\n<p style=\"font-weight: 100;\">\n","protected":false},"excerpt":{"rendered":"<p>\u00a0 Entre Veredas Marco Antonio Liz\u00e1rraga \u201cLa democracia es una creencia pat\u00e9tica en la sabidur\u00eda colectiva de la ignorancia individual\u201d, &#8230; \u00a0Ni fu ni fa Nimiedades Viento en popa &nbsp; Entre Veredas Marco Antonio Liz\u00e1rraga \u201cLa democracia es una creencia pat\u00e9tica en la sabidur\u00eda colectiva de la ignorancia individual\u201d, Henry-Louis Mencken LLEGADA Este jueves llegaron a los Consejos Distritales la papeler\u00eda que se usar\u00e1 para la jornada del plebiscito nacional de la Revocaci\u00f3n de Mandato, donde personal del Instituto Nacional Electoral las puso bajo resguardo. El tema del ejercicio democr\u00e1tico que ha sido duramente cuestionado por la sociedad y a [&hellip;]<\/p>\n","protected":false},"author":3,"featured_media":4106,"comment_status":"open","ping_status":"open","sticky":false,"template":"","format":"standard","meta":{"_jetpack_newsletter_access":"","_jetpack_dont_email_post_to_subs":false,"_jetpack_newsletter_tier_id":0,"_jetpack_memberships_contains_paywalled_content":false,"_jetpack_feature_clip_id":0,"_jetpack_memberships_contains_paid_content":false,"footnotes":"","jetpack_publicize_message":"","jetpack_publicize_feature_enabled":true,"jetpack_social_post_already_shared":true,"jetpack_social_options":{"image_generator_settings":{"template":"highway","default_image_id":0,"font":"","enabled":false},"version":2},"jetpack_post_was_ever_published":false},"categories":[79],"tags":[],"class_list":["post-25326","post","type-post","status-publish","format-standard","has-post-thumbnail","hentry","category-columnistas-nacionales","post--single"],"jetpack_publicize_connections":[],"jetpack_featured_media_url":"https:\/\/ovelanalista.com\/wp-content\/uploads\/2021\/10\/entre-veredas-columna.jpg","jetpack_sharing_enabled":true,"_links":{"self":[{"href":"https:\/\/ovelanalista.com\/index.php?rest_route=\/wp\/v2\/posts\/25326","targetHints":{"allow":["GET"]}}],"collection":[{"href":"https:\/\/ovelanalista.com\/index.php?rest_route=\/wp\/v2\/posts"}],"about":[{"href":"https:\/\/ovelanalista.com\/index.php?rest_route=\/wp\/v2\/types\/post"}],"author":[{"embeddable":true,"href":"https:\/\/ovelanalista.com\/index.php?rest_route=\/wp\/v2\/users\/3"}],"replies":[{"embeddable":true,"href":"https:\/\/ovelanalista.com\/index.php?rest_route=%2Fwp%2Fv2%2Fcomments&post=25326"}],"version-history":[{"count":1,"href":"https:\/\/ovelanalista.com\/index.php?rest_route=\/wp\/v2\/posts\/25326\/revisions"}],"predecessor-version":[{"id":25327,"href":"https:\/\/ovelanalista.com\/index.php?rest_route=\/wp\/v2\/posts\/25326\/revisions\/25327"}],"wp:featuredmedia":[{"embeddable":true,"href":"https:\/\/ovelanalista.com\/index.php?rest_route=\/wp\/v2\/media\/4106"}],"wp:attachment":[{"href":"https:\/\/ovelanalista.com\/index.php?rest_route=%2Fwp%2Fv2%2Fmedia&parent=25326"}],"wp:term":[{"taxonomy":"category","embeddable":true,"href":"https:\/\/ovelanalista.com\/index.php?rest_route=%2Fwp%2Fv2%2Fcategories&post=25326"},{"taxonomy":"post_tag","embeddable":true,"href":"https:\/\/ovelanalista.com\/index.php?rest_route=%2Fwp%2Fv2%2Ftags&post=25326"}],"curies":[{"name":"wp","href":"https:\/\/api.w.org\/{rel}","templated":true}]}}