{"id":2551,"date":"2021-09-07T10:13:18","date_gmt":"2021-09-07T16:13:18","guid":{"rendered":"https:\/\/ovelanalista.com\/?p=2551"},"modified":"2021-09-07T10:13:18","modified_gmt":"2021-09-07T16:13:18","slug":"es-identificado-joven-asesinado-en-brecha-de-la-costerita","status":"publish","type":"post","link":"https:\/\/ovelanalista.com\/?p=2551","title":{"rendered":"Es identificado joven asesinado en brecha de La Costerita"},"content":{"rendered":"<p>Culiac\u00e1n, Sin.- El joven asesinado a golpes la noche del s\u00e1bado pasado en un camino de terracer\u00eda que comunica de la M\u00e9xico 15 hacia Alturas del Sur se llamaba Edmundo, ten\u00eda 27 a\u00f1os y viv\u00eda en la sindicatura de Costa Rica.<\/p>\n<p>Un reporte an\u00f3nimo recibido en el 9-1-1 a las 23:30 horas de ese d\u00eda indicaba que el cad\u00e1ver de un hombre de aspecto joven se encontraba en una brecha que comienza del cruce de la M\u00e9xico 15 y el libramiento sur Benito Ju\u00e1rez.<\/p>\n<p>Elementos preventivos se dirigieron al lugar, encontrando al occiso. Peritos y agentes investigadores trabajaron en el lugar del hallazgo del cuerpo para despu\u00e9s trasladarlo al anfiteatro, donde permaneci\u00f3 algunas horas hasta que familiares lo reclamaron ante la autoridad investigadora.<\/p>\n","protected":false},"excerpt":{"rendered":"<p>Culiac\u00e1n, Sin.- El joven asesinado a golpes la noche del s\u00e1bado pasado en un camino de terracer\u00eda que comunica de la M\u00e9xico 15 hacia Alturas del Sur se llamaba Edmundo, ten\u00eda 27 a\u00f1os y viv\u00eda en la sindicatura de Costa Rica. Un reporte an\u00f3nimo recibido en el 9-1-1 a las 23:30 horas de ese d\u00eda indicaba que el cad\u00e1ver de un hombre de aspecto joven se encontraba en una brecha que comienza del cruce de la M\u00e9xico 15 y el libramiento sur Benito Ju\u00e1rez. Elementos preventivos se dirigieron al lugar, encontrando al occiso. Peritos y agentes investigadores trabajaron en el [&hellip;]<\/p>\n","protected":false},"author":3,"featured_media":2552,"comment_status":"open","ping_status":"open","sticky":false,"template":"","format":"standard","meta":{"_jetpack_newsletter_access":"","_jetpack_dont_email_post_to_subs":false,"_jetpack_newsletter_tier_id":0,"_jetpack_memberships_contains_paywalled_content":false,"_jetpack_feature_clip_id":0,"_jetpack_memberships_contains_paid_content":false,"footnotes":"","jetpack_publicize_message":"","jetpack_publicize_feature_enabled":true,"jetpack_social_post_already_shared":false,"jetpack_social_options":{"image_generator_settings":{"template":"highway","default_image_id":0,"font":"","enabled":false},"version":2},"jetpack_post_was_ever_published":false},"categories":[90,72],"tags":[],"class_list":["post-2551","post","type-post","status-publish","format-standard","has-post-thumbnail","hentry","category-estatal","category-portada","post--single"],"jetpack_publicize_connections":[],"jetpack_featured_media_url":"https:\/\/ovelanalista.com\/wp-content\/uploads\/2021\/09\/WhatsApp-Image-2021-09-07-at-7.54.28-AM-660x330-1.jpeg","jetpack_sharing_enabled":true,"_links":{"self":[{"href":"https:\/\/ovelanalista.com\/index.php?rest_route=\/wp\/v2\/posts\/2551","targetHints":{"allow":["GET"]}}],"collection":[{"href":"https:\/\/ovelanalista.com\/index.php?rest_route=\/wp\/v2\/posts"}],"about":[{"href":"https:\/\/ovelanalista.com\/index.php?rest_route=\/wp\/v2\/types\/post"}],"author":[{"embeddable":true,"href":"https:\/\/ovelanalista.com\/index.php?rest_route=\/wp\/v2\/users\/3"}],"replies":[{"embeddable":true,"href":"https:\/\/ovelanalista.com\/index.php?rest_route=%2Fwp%2Fv2%2Fcomments&post=2551"}],"version-history":[{"count":1,"href":"https:\/\/ovelanalista.com\/index.php?rest_route=\/wp\/v2\/posts\/2551\/revisions"}],"predecessor-version":[{"id":2553,"href":"https:\/\/ovelanalista.com\/index.php?rest_route=\/wp\/v2\/posts\/2551\/revisions\/2553"}],"wp:featuredmedia":[{"embeddable":true,"href":"https:\/\/ovelanalista.com\/index.php?rest_route=\/wp\/v2\/media\/2552"}],"wp:attachment":[{"href":"https:\/\/ovelanalista.com\/index.php?rest_route=%2Fwp%2Fv2%2Fmedia&parent=2551"}],"wp:term":[{"taxonomy":"category","embeddable":true,"href":"https:\/\/ovelanalista.com\/index.php?rest_route=%2Fwp%2Fv2%2Fcategories&post=2551"},{"taxonomy":"post_tag","embeddable":true,"href":"https:\/\/ovelanalista.com\/index.php?rest_route=%2Fwp%2Fv2%2Ftags&post=2551"}],"curies":[{"name":"wp","href":"https:\/\/api.w.org\/{rel}","templated":true}]}}