{"id":2554,"date":"2021-09-07T10:56:02","date_gmt":"2021-09-07T16:56:02","guid":{"rendered":"https:\/\/ovelanalista.com\/?p=2554"},"modified":"2021-09-07T10:56:02","modified_gmt":"2021-09-07T16:56:02","slug":"en-la-primer-semana-de-regreso-a-clases-ya-van-39-escuelas-cerradas-por-covid-19","status":"publish","type":"post","link":"https:\/\/ovelanalista.com\/?p=2554","title":{"rendered":"En la primer semana de regreso a clases ya van 39 escuelas cerradas por COVID-19"},"content":{"rendered":"<p>39 escuelas fueron cerradas temporalmente en la primer semana de regreso a clases presenciales por covid-19, suman un total de 88 casos registrados por contagio en las aulas.<\/p>\n<p>El porcentaje de las instituciones educativas por contagio de covid es del 0.06%.<\/p>\n<p>Inform\u00f3 este martes <b>Delfina G\u00f3mez \u00c1lvarez<\/b>, titular de la Secretar\u00eda de Educaci\u00f3n P\u00fablica. \u201cHemos detectado 88 casos (de coronavirus) de escuelas, lo que representar\u00eda en lo que se refiere al porcentaje de escuelas en las que se han detectado casos COVID al 0.06 por ciento. Sin embargo, cabe hacer la aclaraci\u00f3n que de estas 88 escuelas,\u00a0<b>solamente 39 escuelas han cerrado de manera temporal<\/b>, cada quince d\u00edas, seg\u00fan lo que se considera como recomendaci\u00f3n, por lo tanto ser\u00eda un 0.03 por ciento lo que se ha cerrado. Eso nos da un buen indicio de que todo lo que se est\u00e1 haciendo en este esfuerzo est\u00e1 bien\u201d.<\/p>\n<blockquote class=\"twitter-tweet\" data-width=\"550\" data-dnt=\"true\">\n<p lang=\"es\" dir=\"ltr\">En 88 escuelas del pa\u00eds se han detectado casos de COVID-19 y solamente 39 han cerrado de manera temporal, detall\u00f3 Delfina G\u00f3mez, titular de <a href=\"https:\/\/twitter.com\/SEP_mx?ref_src=twsrc%5Etfw\">@SEP_mx<\/a>, en la &#39;ma\u00f1anera&#39;. <a href=\"https:\/\/t.co\/743OrawGJM\">pic.twitter.com\/743OrawGJM<\/a><\/p>\n<p>&mdash; El Financiero TV (@ElFinancieroTv) <a href=\"https:\/\/twitter.com\/ElFinancieroTv\/status\/1435218502000918547?ref_src=twsrc%5Etfw\">September 7, 2021<\/a><\/p><\/blockquote>\n<p><script async src=\"https:\/\/platform.twitter.com\/widgets.js\" charset=\"utf-8\"><\/script><\/p>\n<p>Ante comienzo del ciclo escolar, la titular de la SEP inst\u00f3 a las y los padres de familia a inscribir a sus hijos aun cuando decidan no enviar al menor a la escuela. Esto responde a identificar si hay deserci\u00f3n escolar.<\/p>\n","protected":false},"excerpt":{"rendered":"<p>39 escuelas fueron cerradas temporalmente en la primer semana de regreso a clases presenciales por covid-19, suman un total de 88 casos registrados por contagio en las aulas. El porcentaje de las instituciones educativas por contagio de covid es del 0.06%. Inform\u00f3 este martes Delfina G\u00f3mez \u00c1lvarez, titular de la Secretar\u00eda de Educaci\u00f3n P\u00fablica. \u201cHemos detectado 88 casos (de coronavirus) de escuelas, lo que representar\u00eda en lo que se refiere al porcentaje de escuelas en las que se han detectado casos COVID al 0.06 por ciento. Sin embargo, cabe hacer la aclaraci\u00f3n que de estas 88 escuelas,\u00a0solamente 39 escuelas han [&hellip;]<\/p>\n","protected":false},"author":3,"featured_media":2556,"comment_status":"open","ping_status":"open","sticky":false,"template":"","format":"standard","meta":{"_jetpack_newsletter_access":"","_jetpack_dont_email_post_to_subs":false,"_jetpack_newsletter_tier_id":0,"_jetpack_memberships_contains_paywalled_content":false,"_jetpack_feature_clip_id":0,"_jetpack_memberships_contains_paid_content":false,"footnotes":"","jetpack_publicize_message":"","jetpack_publicize_feature_enabled":true,"jetpack_social_post_already_shared":false,"jetpack_social_options":{"image_generator_settings":{"template":"highway","default_image_id":0,"font":"","enabled":false},"version":2},"jetpack_post_was_ever_published":false},"categories":[75,72,1],"tags":[],"class_list":["post-2554","post","type-post","status-publish","format-standard","has-post-thumbnail","hentry","category-nacional","category-portada","category-uncategorized","post--single"],"jetpack_publicize_connections":[],"jetpack_featured_media_url":"https:\/\/ovelanalista.com\/wp-content\/uploads\/2021\/09\/images.jpg","jetpack_sharing_enabled":true,"_links":{"self":[{"href":"https:\/\/ovelanalista.com\/index.php?rest_route=\/wp\/v2\/posts\/2554","targetHints":{"allow":["GET"]}}],"collection":[{"href":"https:\/\/ovelanalista.com\/index.php?rest_route=\/wp\/v2\/posts"}],"about":[{"href":"https:\/\/ovelanalista.com\/index.php?rest_route=\/wp\/v2\/types\/post"}],"author":[{"embeddable":true,"href":"https:\/\/ovelanalista.com\/index.php?rest_route=\/wp\/v2\/users\/3"}],"replies":[{"embeddable":true,"href":"https:\/\/ovelanalista.com\/index.php?rest_route=%2Fwp%2Fv2%2Fcomments&post=2554"}],"version-history":[{"count":3,"href":"https:\/\/ovelanalista.com\/index.php?rest_route=\/wp\/v2\/posts\/2554\/revisions"}],"predecessor-version":[{"id":2558,"href":"https:\/\/ovelanalista.com\/index.php?rest_route=\/wp\/v2\/posts\/2554\/revisions\/2558"}],"wp:featuredmedia":[{"embeddable":true,"href":"https:\/\/ovelanalista.com\/index.php?rest_route=\/wp\/v2\/media\/2556"}],"wp:attachment":[{"href":"https:\/\/ovelanalista.com\/index.php?rest_route=%2Fwp%2Fv2%2Fmedia&parent=2554"}],"wp:term":[{"taxonomy":"category","embeddable":true,"href":"https:\/\/ovelanalista.com\/index.php?rest_route=%2Fwp%2Fv2%2Fcategories&post=2554"},{"taxonomy":"post_tag","embeddable":true,"href":"https:\/\/ovelanalista.com\/index.php?rest_route=%2Fwp%2Fv2%2Ftags&post=2554"}],"curies":[{"name":"wp","href":"https:\/\/api.w.org\/{rel}","templated":true}]}}