{"id":2559,"date":"2021-09-07T11:29:03","date_gmt":"2021-09-07T17:29:03","guid":{"rendered":"https:\/\/ovelanalista.com\/?p=2559"},"modified":"2021-09-07T11:29:03","modified_gmt":"2021-09-07T17:29:03","slug":"el-20-de-septiembre-sera-el-regreso-a-clases-presenciales-en-la-unam-preve-secretario-general","status":"publish","type":"post","link":"https:\/\/ovelanalista.com\/?p=2559","title":{"rendered":"El 20 de septiembre ser\u00e1 el regreso a clases presenciales en la UNAM, prev\u00e9 secretario general"},"content":{"rendered":"<p>El regreso a clases presenciales\u00a0 ser\u00e1 este 20 de septiembre del 2021 en la Universidad Nacional Aut\u00f3noma de M\u00e9xico (UNAM), dijo este martes Leonardo Lomel\u00ed, secretario general de la m\u00e1xima casa de estudios.<\/p>\n<p>En cada escuela y facultad de la UNAM los consejos t\u00e9cnicos van a ser los que determinen que alumnos ser\u00e1n convocados.<\/p>\n<p>\u201cLa idea es que esto sea 10 d\u00edas despu\u00e9s (de la entrada en vigor del sem\u00e1foro amarillo) y en efecto ser\u00eda\u00a0a partir del 20 de septiembre\u00a0cuando empezar\u00edamos a ver este regreso gradual\u201d, dijo en entrevista con<i>\u00a0Grupo F\u00f3rmula.<\/i><\/p>\n<p>\u201cLa idea es que en este regreso\u00a0no se exceda en ning\u00fan momento el 30 por ciento\u00a0de la capacidad de los espacios que se van a habilitar para estas clases\u201d, agreg\u00f3.<\/p>\n<p>El secretario general aclar\u00f3 que el regreso a clases presenciales por ahora\u00a0no incluir\u00e1 a los bachilleratos de la UNAM\u00a0debido a que todav\u00eda no se encuentran vacunados contra COVID.<\/p>\n<p>Lomel\u00ed dijo que una vez que se pase a sem\u00e1foro verde el aforo ira incrementando de manera gradual.<\/p>\n","protected":false},"excerpt":{"rendered":"<p>El regreso a clases presenciales\u00a0 ser\u00e1 este 20 de septiembre del 2021 en la Universidad Nacional Aut\u00f3noma de M\u00e9xico (UNAM), dijo este martes Leonardo Lomel\u00ed, secretario general de la m\u00e1xima casa de estudios. En cada escuela y facultad de la UNAM los consejos t\u00e9cnicos van a ser los que determinen que alumnos ser\u00e1n convocados. \u201cLa idea es que esto sea 10 d\u00edas despu\u00e9s (de la entrada en vigor del sem\u00e1foro amarillo) y en efecto ser\u00eda\u00a0a partir del 20 de septiembre\u00a0cuando empezar\u00edamos a ver este regreso gradual\u201d, dijo en entrevista con\u00a0Grupo F\u00f3rmula. \u201cLa idea es que en este regreso\u00a0no se exceda [&hellip;]<\/p>\n","protected":false},"author":3,"featured_media":2560,"comment_status":"open","ping_status":"open","sticky":false,"template":"","format":"standard","meta":{"_jetpack_newsletter_access":"","_jetpack_dont_email_post_to_subs":false,"_jetpack_newsletter_tier_id":0,"_jetpack_memberships_contains_paywalled_content":false,"_jetpack_feature_clip_id":0,"_jetpack_memberships_contains_paid_content":false,"footnotes":"","jetpack_publicize_message":"","jetpack_publicize_feature_enabled":true,"jetpack_social_post_already_shared":false,"jetpack_social_options":{"image_generator_settings":{"template":"highway","default_image_id":0,"font":"","enabled":false},"version":2},"jetpack_post_was_ever_published":false},"categories":[75],"tags":[],"class_list":["post-2559","post","type-post","status-publish","format-standard","has-post-thumbnail","hentry","category-nacional","post--single"],"jetpack_publicize_connections":[],"jetpack_featured_media_url":"https:\/\/ovelanalista.com\/wp-content\/uploads\/2021\/09\/descarga-4.jpg","jetpack_sharing_enabled":true,"_links":{"self":[{"href":"https:\/\/ovelanalista.com\/index.php?rest_route=\/wp\/v2\/posts\/2559","targetHints":{"allow":["GET"]}}],"collection":[{"href":"https:\/\/ovelanalista.com\/index.php?rest_route=\/wp\/v2\/posts"}],"about":[{"href":"https:\/\/ovelanalista.com\/index.php?rest_route=\/wp\/v2\/types\/post"}],"author":[{"embeddable":true,"href":"https:\/\/ovelanalista.com\/index.php?rest_route=\/wp\/v2\/users\/3"}],"replies":[{"embeddable":true,"href":"https:\/\/ovelanalista.com\/index.php?rest_route=%2Fwp%2Fv2%2Fcomments&post=2559"}],"version-history":[{"count":1,"href":"https:\/\/ovelanalista.com\/index.php?rest_route=\/wp\/v2\/posts\/2559\/revisions"}],"predecessor-version":[{"id":2561,"href":"https:\/\/ovelanalista.com\/index.php?rest_route=\/wp\/v2\/posts\/2559\/revisions\/2561"}],"wp:featuredmedia":[{"embeddable":true,"href":"https:\/\/ovelanalista.com\/index.php?rest_route=\/wp\/v2\/media\/2560"}],"wp:attachment":[{"href":"https:\/\/ovelanalista.com\/index.php?rest_route=%2Fwp%2Fv2%2Fmedia&parent=2559"}],"wp:term":[{"taxonomy":"category","embeddable":true,"href":"https:\/\/ovelanalista.com\/index.php?rest_route=%2Fwp%2Fv2%2Fcategories&post=2559"},{"taxonomy":"post_tag","embeddable":true,"href":"https:\/\/ovelanalista.com\/index.php?rest_route=%2Fwp%2Fv2%2Ftags&post=2559"}],"curies":[{"name":"wp","href":"https:\/\/api.w.org\/{rel}","templated":true}]}}