{"id":2565,"date":"2021-09-07T13:33:57","date_gmt":"2021-09-07T19:33:57","guid":{"rendered":"https:\/\/ovelanalista.com\/?p=2565"},"modified":"2021-09-07T11:45:22","modified_gmt":"2021-09-07T17:45:22","slug":"vacunar-a-menor-significa-quitar-dosis-a-persona-con-riesgo-lopez-gatell","status":"publish","type":"post","link":"https:\/\/ovelanalista.com\/?p=2565","title":{"rendered":"\u201cVacunar a menor significa quitar dosis a persona con riesgo\u201d: L\u00f3pez-Gatell"},"content":{"rendered":"<p>CIUDAD DE M\u00c9XICO.-\u00a0El subsecretario de Prevenci\u00f3n y Promoci\u00f3n de la Salud, Hugo L\u00f3pez-Gatell asegur\u00f3 que el vacunar a un menor de edad que recurre a un amparo significar\u00eda quitarle la dosis a una persona con mayor riesgo ante el Covid-19.<\/p>\n<p><strong>\u201cSi consideramos a la edad no hay raz\u00f3n para saltarse. Desde luego nos parece completamente leg\u00edtimo que cada familia, que cada persona quiera ser la primera en ser vacunada\u2026 pero no hay que perder de vista que por cada dosis que, por acci\u00f3n judicial, por estas sentencias de amparo, se desviara hacia a un ni\u00f1o y ni\u00f1a cuyo riesgo es considerablemente menor, se le est\u00e1 quitando la oportunidad a una persona que tiene un riesgo mayor, por eso la salud p\u00fablica piensa en las poblaciones, porque se piensa en la equidad\u201d,<\/strong> dijo en la conferencia ma\u00f1anera.<\/p>\n<p><strong>\u201cLa SCJN desde febrero de 2019 estableci\u00f3 una tesis de jurisprudencia en donde formalmente reconoce el derecho de la protecci\u00f3n de la salud en el sentido colectivo del sentido individual, y considera la importancia del derecho colectivo como precedente al derecho individual\u201d,<\/strong> explic\u00f3.<\/p>\n<p>Durante la conferencia de prensa del presidente Andr\u00e9s Manuel L\u00f3pez Obrador, el funcionario de la Ssa expres\u00f3 que los jueces en sus argumentos para soportar su sentencias existen elementos de confusi\u00f3n muy importantes de los aspectos t\u00e9cnicos de la salud.<\/p>\n<p><strong>\u201cLa vacunaci\u00f3n contra el Covid no tiene como prop\u00f3sito la protecci\u00f3n individual, sino la protecci\u00f3n poblacional. Esto es dif\u00edcil de entender, como un mecanismo que se aplica a una persona tiene un prop\u00f3sito colectivo, pero la gran mayor\u00eda de las acciones de salud p\u00fablica son as\u00ed\u2026 porque lo que se busca es el bien colectivo\u201d.<\/strong><\/p>\n<p>Record\u00f3 que hasta hoy la OMS, la OPS y agencias de pa\u00edses europeos y de Estados Unidos mantienen la posici\u00f3n de que es importante llevar el orden de prevenci\u00f3n de las personas de mayor edad hacia las personas de menor edad.<\/p>\n<p><strong>\u201cPorque la evidencia cient\u00edfica es consistente de que el riesgo principal de tener Covid grave, hospitalizaci\u00f3n, intubaci\u00f3n y muerte est\u00e1 en las personas de mayor edad. Hay una escala donde el riesgo va disminuyendo progresivamente para edades menores\u201d.<\/strong><\/p>\n<p>El presidente Andr\u00e9s Manuel L\u00f3pez Obrador dijo que enviar\u00e1n un informe al Poder Judicial donde se expliquen las caracter\u00edsticas de las vacunas o lo que significa vacunar a menores para que los jueces tengan m\u00e1s elementos al momento de resolver sus amparos.<\/p>\n<p><strong>\u201cNo se limita el derecho q he tienen los ciudadanos a ampararse y nosotros tenemos que cumplir, pero estamos percibiendo que los jueces no tienen todos los elementos para actuar\u201d.<\/strong><\/p>\n","protected":false},"excerpt":{"rendered":"<p>CIUDAD DE M\u00c9XICO.-\u00a0El subsecretario de Prevenci\u00f3n y Promoci\u00f3n de la Salud, Hugo L\u00f3pez-Gatell asegur\u00f3 que el vacunar a un menor de edad que recurre a un amparo significar\u00eda quitarle la dosis a una persona con mayor riesgo ante el Covid-19. \u201cSi consideramos a la edad no hay raz\u00f3n para saltarse. Desde luego nos parece completamente leg\u00edtimo que cada familia, que cada persona quiera ser la primera en ser vacunada\u2026 pero no hay que perder de vista que por cada dosis que, por acci\u00f3n judicial, por estas sentencias de amparo, se desviara hacia a un ni\u00f1o y ni\u00f1a cuyo riesgo es [&hellip;]<\/p>\n","protected":false},"author":3,"featured_media":2566,"comment_status":"open","ping_status":"open","sticky":false,"template":"","format":"standard","meta":{"_jetpack_newsletter_access":"","_jetpack_dont_email_post_to_subs":false,"_jetpack_newsletter_tier_id":0,"_jetpack_memberships_contains_paywalled_content":false,"_jetpack_feature_clip_id":0,"_jetpack_memberships_contains_paid_content":false,"footnotes":"","jetpack_publicize_message":"","jetpack_publicize_feature_enabled":true,"jetpack_social_post_already_shared":false,"jetpack_social_options":{"image_generator_settings":{"template":"highway","default_image_id":0,"font":"","enabled":false},"version":2},"jetpack_post_was_ever_published":false},"categories":[1],"tags":[],"class_list":["post-2565","post","type-post","status-publish","format-standard","has-post-thumbnail","hentry","category-uncategorized","post--single"],"jetpack_publicize_connections":[],"jetpack_featured_media_url":"https:\/\/ovelanalista.com\/wp-content\/uploads\/2021\/09\/imagenes-estepais-VargasGatell-Agosto.jpg","jetpack_sharing_enabled":true,"_links":{"self":[{"href":"https:\/\/ovelanalista.com\/index.php?rest_route=\/wp\/v2\/posts\/2565","targetHints":{"allow":["GET"]}}],"collection":[{"href":"https:\/\/ovelanalista.com\/index.php?rest_route=\/wp\/v2\/posts"}],"about":[{"href":"https:\/\/ovelanalista.com\/index.php?rest_route=\/wp\/v2\/types\/post"}],"author":[{"embeddable":true,"href":"https:\/\/ovelanalista.com\/index.php?rest_route=\/wp\/v2\/users\/3"}],"replies":[{"embeddable":true,"href":"https:\/\/ovelanalista.com\/index.php?rest_route=%2Fwp%2Fv2%2Fcomments&post=2565"}],"version-history":[{"count":1,"href":"https:\/\/ovelanalista.com\/index.php?rest_route=\/wp\/v2\/posts\/2565\/revisions"}],"predecessor-version":[{"id":2567,"href":"https:\/\/ovelanalista.com\/index.php?rest_route=\/wp\/v2\/posts\/2565\/revisions\/2567"}],"wp:featuredmedia":[{"embeddable":true,"href":"https:\/\/ovelanalista.com\/index.php?rest_route=\/wp\/v2\/media\/2566"}],"wp:attachment":[{"href":"https:\/\/ovelanalista.com\/index.php?rest_route=%2Fwp%2Fv2%2Fmedia&parent=2565"}],"wp:term":[{"taxonomy":"category","embeddable":true,"href":"https:\/\/ovelanalista.com\/index.php?rest_route=%2Fwp%2Fv2%2Fcategories&post=2565"},{"taxonomy":"post_tag","embeddable":true,"href":"https:\/\/ovelanalista.com\/index.php?rest_route=%2Fwp%2Fv2%2Ftags&post=2565"}],"curies":[{"name":"wp","href":"https:\/\/api.w.org\/{rel}","templated":true}]}}