{"id":26192,"date":"2022-03-24T10:55:53","date_gmt":"2022-03-24T17:55:53","guid":{"rendered":"https:\/\/ovelanalista.com\/?p=26192"},"modified":"2022-03-24T09:56:19","modified_gmt":"2022-03-24T16:56:19","slug":"asegura-amlo-que-se-mantiene-la-politica-de-maiceo-a-intelectuales-y-periodistas","status":"publish","type":"post","link":"https:\/\/ovelanalista.com\/?p=26192","title":{"rendered":"Asegura AMLO que se mantiene la pol\u00edtica de \u201cmaiceo\u201d a intelectuales y periodistas"},"content":{"rendered":"<p>Asegura AMLO que se mantiene la pol\u00edtica de \u201cmaiceo\u201d a intelectuales y periodistas El\u00a0<a tabindex=\"0\" href=\"https:\/\/www.eluniversal.com.mx\/nacion\/la-mananera-de-amlo-24-de-marzo-minuto-minuto-0\" target=\"_blank\" rel=\"noopener\" data-id=\"104\" data-m=\"{&quot;i&quot;:104,&quot;p&quot;:101,&quot;n&quot;:&quot;partnerLink&quot;,&quot;y&quot;:24,&quot;o&quot;:3}\"><strong>presidente Andr\u00e9s Manuel L\u00f3pez Obrador\u00a0<\/strong><\/a>asegur\u00f3 que se mantiene la\u00a0<strong>pol\u00edtica\u00a0<\/strong>instrumentada desde el porfiriato de\u00a0<strong>maiceo<\/strong>\u00a0a i<strong>ntelectuales, periodistas<\/strong>\u00a0y\u00a0<strong>medios<\/strong>, s\u00f3lo que ahora quienes maicean son las<strong>\u00a0c\u00fapulas econ\u00f3micas desplazadas<\/strong>\u00a0y los\u00a0<strong>pol\u00edticos corruptos\u00a0<\/strong>que se sent\u00edan los due\u00f1os de M\u00e9xico.<\/p>\n<p>Durante la conferencia ma\u00f1anera reiter\u00f3 sus criticas en contra de los que denomina sus adversarios que dijo antes recib\u00edan mucho dinero porque eran maiceados con presupuesto p\u00fablico y hoy est\u00e1n enojados porque ya no reciben nada.<\/p>\n<p>Indic\u00f3 que es bueno el debate, la confrontaci\u00f3n pol\u00edtica que dijo debe ser respetuosa \u201cy ya lo he dicho muchas veces, hac\u00eda mucho da\u00f1o a la\u00a0<strong>simulaci\u00f3n del r\u00e9gimen de corrupci\u00f3n<\/strong>\u00a0y de privilegios que se hab\u00eda impuesto y como protecci\u00f3n todo este mecanismo, un andamiaje de protecci\u00f3n para<strong>\u00a0legitimar sus corruptelas<\/strong>\u201d para favorecer a intelectuales y medios de comunicaci\u00f3n\u201d.<\/p>\n<p>Reiter\u00f3 el caso del\u00a0<strong>Fobaproa<\/strong>\u00a0aprobado por los mismos actuales conservadores que se unieron para \u201clegalizar un robo, un atraco porque convirtieron las deudas privadas de unos cuantos en deuda p\u00fablica\u201d.<\/p>\n<p>Dijo que esa operaci\u00f3n pues fue a todas luces un atraco a los mexicanos y los medios de informaci\u00f3n guardaron silencio o aplaudieron esa decisi\u00f3n.<\/p>\n<p>&nbsp;<\/p>\n<p>Con informaci\u00f3n de El Universal<\/p>\n","protected":false},"excerpt":{"rendered":"<p>Asegura AMLO que se mantiene la pol\u00edtica de \u201cmaiceo\u201d a intelectuales y periodistas El\u00a0presidente Andr\u00e9s Manuel L\u00f3pez Obrador\u00a0asegur\u00f3 que se mantiene la\u00a0pol\u00edtica\u00a0instrumentada desde el porfiriato de\u00a0maiceo\u00a0a intelectuales, periodistas\u00a0y\u00a0medios, s\u00f3lo que ahora quienes maicean son las\u00a0c\u00fapulas econ\u00f3micas desplazadas\u00a0y los\u00a0pol\u00edticos corruptos\u00a0que se sent\u00edan los due\u00f1os de M\u00e9xico. Durante la conferencia ma\u00f1anera reiter\u00f3 sus criticas en contra de los que denomina sus adversarios que dijo antes recib\u00edan mucho dinero porque eran maiceados con presupuesto p\u00fablico y hoy est\u00e1n enojados porque ya no reciben nada. Indic\u00f3 que es bueno el debate, la confrontaci\u00f3n pol\u00edtica que dijo debe ser respetuosa \u201cy ya lo he dicho [&hellip;]<\/p>\n","protected":false},"author":3,"featured_media":16607,"comment_status":"open","ping_status":"open","sticky":false,"template":"","format":"standard","meta":{"_jetpack_newsletter_access":"","_jetpack_dont_email_post_to_subs":false,"_jetpack_newsletter_tier_id":0,"_jetpack_memberships_contains_paywalled_content":false,"_jetpack_feature_clip_id":0,"_jetpack_memberships_contains_paid_content":false,"footnotes":"","jetpack_publicize_message":"","jetpack_publicize_feature_enabled":true,"jetpack_social_post_already_shared":true,"jetpack_social_options":{"image_generator_settings":{"template":"highway","default_image_id":0,"font":"","enabled":false},"version":2},"jetpack_post_was_ever_published":false},"categories":[75,72],"tags":[],"class_list":["post-26192","post","type-post","status-publish","format-standard","has-post-thumbnail","hentry","category-nacional","category-portada","post--single"],"jetpack_publicize_connections":[],"jetpack_featured_media_url":"https:\/\/ovelanalista.com\/wp-content\/uploads\/2022\/01\/AASS5Wc.jpeg","jetpack_sharing_enabled":true,"_links":{"self":[{"href":"https:\/\/ovelanalista.com\/index.php?rest_route=\/wp\/v2\/posts\/26192","targetHints":{"allow":["GET"]}}],"collection":[{"href":"https:\/\/ovelanalista.com\/index.php?rest_route=\/wp\/v2\/posts"}],"about":[{"href":"https:\/\/ovelanalista.com\/index.php?rest_route=\/wp\/v2\/types\/post"}],"author":[{"embeddable":true,"href":"https:\/\/ovelanalista.com\/index.php?rest_route=\/wp\/v2\/users\/3"}],"replies":[{"embeddable":true,"href":"https:\/\/ovelanalista.com\/index.php?rest_route=%2Fwp%2Fv2%2Fcomments&post=26192"}],"version-history":[{"count":1,"href":"https:\/\/ovelanalista.com\/index.php?rest_route=\/wp\/v2\/posts\/26192\/revisions"}],"predecessor-version":[{"id":26193,"href":"https:\/\/ovelanalista.com\/index.php?rest_route=\/wp\/v2\/posts\/26192\/revisions\/26193"}],"wp:featuredmedia":[{"embeddable":true,"href":"https:\/\/ovelanalista.com\/index.php?rest_route=\/wp\/v2\/media\/16607"}],"wp:attachment":[{"href":"https:\/\/ovelanalista.com\/index.php?rest_route=%2Fwp%2Fv2%2Fmedia&parent=26192"}],"wp:term":[{"taxonomy":"category","embeddable":true,"href":"https:\/\/ovelanalista.com\/index.php?rest_route=%2Fwp%2Fv2%2Fcategories&post=26192"},{"taxonomy":"post_tag","embeddable":true,"href":"https:\/\/ovelanalista.com\/index.php?rest_route=%2Fwp%2Fv2%2Ftags&post=26192"}],"curies":[{"name":"wp","href":"https:\/\/api.w.org\/{rel}","templated":true}]}}