{"id":26199,"date":"2022-03-24T11:15:12","date_gmt":"2022-03-24T18:15:12","guid":{"rendered":"https:\/\/ovelanalista.com\/?p=26199"},"modified":"2022-03-24T10:00:25","modified_gmt":"2022-03-24T17:00:25","slug":"busca-sandra-cuevas-acuerdo-reparatorio-con-policias-que-la-acusan-de-robo-abuso-de-autoridad-y-discriminacion","status":"publish","type":"post","link":"https:\/\/ovelanalista.com\/?p=26199","title":{"rendered":"Busca Sandra Cuevas acuerdo reparatorio con polic\u00edas que la acusan de robo, abuso de autoridad y discriminaci\u00f3n"},"content":{"rendered":"<p>Busca Sandra Cuevas\u00a0acuerdo reparatorio con polic\u00edas que la acusan de robo, abuso de autoridad y discriminaci\u00f3n La alcaldesa, actualmente suspendida de sus funciones\u00a0<a tabindex=\"0\" href=\"https:\/\/www.eluniversal.com.mx\/metropoli\" target=\"_blank\" rel=\"noopener\" data-id=\"103\" data-m=\"{&quot;i&quot;:103,&quot;p&quot;:101,&quot;n&quot;:&quot;partnerLink&quot;,&quot;y&quot;:24,&quot;o&quot;:2}\"><strong>Sandra Cuevas<\/strong><\/a>, busca llegar a un acuerdo reparatorio con los 4 polic\u00edas que la acusan de robo, abuso de autoridad y discriminaci\u00f3n y as\u00ed, poder seguir afrenta de la\u00a0<strong>alcald\u00eda Cuauht\u00e9moc<\/strong>.<\/p>\n<p>De igual manera la defensa de la funcionaria dio a conocer que ayer por la noche, el Tribunal Superior de Justicia Local le dio acceso a las im\u00e1genes de la \u00faltima audiencia solicitada, por lo que tambi\u00e9n ya tramitan el amparo federal.<\/p>\n<p>Se espera que a m\u00e1s tardar al medio d\u00eda, se defina la situaci\u00f3n jur\u00eddica de\u00a0<strong>Sandra Cuevas<\/strong>, pues se determinar\u00e1 si sigue bajo proceso o una vez reparado el da\u00f1o, puede seguir al frente de la alcald\u00eda.<\/p>\n<p>&nbsp;<\/p>\n<p>Con informaci\u00f3n de El Universal<\/p>\n","protected":false},"excerpt":{"rendered":"<p>Busca Sandra Cuevas\u00a0acuerdo reparatorio con polic\u00edas que la acusan de robo, abuso de autoridad y discriminaci\u00f3n La alcaldesa, actualmente suspendida de sus funciones\u00a0Sandra Cuevas, busca llegar a un acuerdo reparatorio con los 4 polic\u00edas que la acusan de robo, abuso de autoridad y discriminaci\u00f3n y as\u00ed, poder seguir afrenta de la\u00a0alcald\u00eda Cuauht\u00e9moc. De igual manera la defensa de la funcionaria dio a conocer que ayer por la noche, el Tribunal Superior de Justicia Local le dio acceso a las im\u00e1genes de la \u00faltima audiencia solicitada, por lo que tambi\u00e9n ya tramitan el amparo federal. Se espera que a m\u00e1s tardar [&hellip;]<\/p>\n","protected":false},"author":3,"featured_media":26200,"comment_status":"open","ping_status":"open","sticky":false,"template":"","format":"standard","meta":{"_jetpack_newsletter_access":"","_jetpack_dont_email_post_to_subs":false,"_jetpack_newsletter_tier_id":0,"_jetpack_memberships_contains_paywalled_content":false,"_jetpack_feature_clip_id":0,"_jetpack_memberships_contains_paid_content":false,"footnotes":"","jetpack_publicize_message":"","jetpack_publicize_feature_enabled":true,"jetpack_social_post_already_shared":true,"jetpack_social_options":{"image_generator_settings":{"template":"highway","default_image_id":0,"font":"","enabled":false},"version":2},"jetpack_post_was_ever_published":false},"categories":[75,72],"tags":[],"class_list":["post-26199","post","type-post","status-publish","format-standard","has-post-thumbnail","hentry","category-nacional","category-portada","post--single"],"jetpack_publicize_connections":[],"jetpack_featured_media_url":"https:\/\/ovelanalista.com\/wp-content\/uploads\/2022\/03\/SANDRA-CUEVAS-3.jpeg","jetpack_sharing_enabled":true,"_links":{"self":[{"href":"https:\/\/ovelanalista.com\/index.php?rest_route=\/wp\/v2\/posts\/26199","targetHints":{"allow":["GET"]}}],"collection":[{"href":"https:\/\/ovelanalista.com\/index.php?rest_route=\/wp\/v2\/posts"}],"about":[{"href":"https:\/\/ovelanalista.com\/index.php?rest_route=\/wp\/v2\/types\/post"}],"author":[{"embeddable":true,"href":"https:\/\/ovelanalista.com\/index.php?rest_route=\/wp\/v2\/users\/3"}],"replies":[{"embeddable":true,"href":"https:\/\/ovelanalista.com\/index.php?rest_route=%2Fwp%2Fv2%2Fcomments&post=26199"}],"version-history":[{"count":1,"href":"https:\/\/ovelanalista.com\/index.php?rest_route=\/wp\/v2\/posts\/26199\/revisions"}],"predecessor-version":[{"id":26201,"href":"https:\/\/ovelanalista.com\/index.php?rest_route=\/wp\/v2\/posts\/26199\/revisions\/26201"}],"wp:featuredmedia":[{"embeddable":true,"href":"https:\/\/ovelanalista.com\/index.php?rest_route=\/wp\/v2\/media\/26200"}],"wp:attachment":[{"href":"https:\/\/ovelanalista.com\/index.php?rest_route=%2Fwp%2Fv2%2Fmedia&parent=26199"}],"wp:term":[{"taxonomy":"category","embeddable":true,"href":"https:\/\/ovelanalista.com\/index.php?rest_route=%2Fwp%2Fv2%2Fcategories&post=26199"},{"taxonomy":"post_tag","embeddable":true,"href":"https:\/\/ovelanalista.com\/index.php?rest_route=%2Fwp%2Fv2%2Ftags&post=26199"}],"curies":[{"name":"wp","href":"https:\/\/api.w.org\/{rel}","templated":true}]}}