{"id":26202,"date":"2022-03-24T11:35:59","date_gmt":"2022-03-24T18:35:59","guid":{"rendered":"https:\/\/ovelanalista.com\/?p=26202"},"modified":"2022-03-24T10:02:32","modified_gmt":"2022-03-24T17:02:32","slug":"ine-da-a-lopez-obrador-3-horas-para-borrar-mananera-y-ceremonia-desde-el-aifa","status":"publish","type":"post","link":"https:\/\/ovelanalista.com\/?p=26202","title":{"rendered":"INE da a L\u00f3pez Obrador 3 horas para borrar ma\u00f1anera y ceremonia desde el AIFA"},"content":{"rendered":"<p>La Comisi\u00f3n de Quejas y Denuncias del Instituto Nacional Electoral (INE) le dio tres horas al presidente Andr\u00e9s Manuel L\u00f3pez Obrador para borrar de internet la conferencia ma\u00f1anera y la ceremonia de inauguraci\u00f3n del Aeropuerto Internacional Felipe \u00c1ngeles (AIFA) el pasado 21 de marzo.<\/p>\n<p>En espec\u00edfico, el INE pidi\u00f3 al mandatario federal y al coordinador general de Comunicaci\u00f3n Social del gobierno federal eliminar los archivos de audio, audiovisuales y versiones estenogr\u00e1ficas de la conferencia matutina del pasado 21 de marzo.<\/p>\n<p>Sin especificar que hubo un segundo evento desde al AIFA, los consejeros indicaron que la Presidencia tambi\u00e9n puede modificar los archivos para que sean suprimidas las manifestaciones de Claudia Sheinbaum, jefa de gobierno de la Ciudad de M\u00e9xico; Alfredo del Mazo, gobernador del Estado de M\u00e9xico; Luis Cresencio Sandoval, secretario de la Defensa Nacional; Ricardo Vallejo, comandante del Agrupamiento de Ingenieros, e Isidoro Pastor, director general del AIFA.<\/p>\n<p>Todas estas intervenciones se dieron en la ceremonia de entrega del nuevo aeropuerto y no en la conferencia ma\u00f1anera de L\u00f3pez Obrador, pero el INE no hizo la distinci\u00f3n.<\/p>\n<p><strong><em>Lee tambi\u00e9n:\u00a0<a tabindex=\"0\" href=\"https:\/\/www.forbes.com.mx\/ine-obliga-a-sheinbaum-bajar-publicaciones-de-redes-sociales-ella-impugnara\/\" target=\"_blank\" rel=\"noopener\" data-id=\"105\" data-m=\"{&quot;i&quot;:105,&quot;p&quot;:102,&quot;n&quot;:&quot;partnerLink&quot;,&quot;y&quot;:24,&quot;o&quot;:3}\">INE obliga a Sheinbaum bajar publicaciones de redes sociales; ella impugnar\u00e1<\/a><\/em><\/strong><\/p>\n<p>Lo anterior, porque se estim\u00f3 que durante el evento \u2014visible en el portal del gobierno de M\u00e9xico\u2014 difunde actividades gubernamentales, vinculadas a los logros y acciones del gobierno, como lo es la apertura y funcionamiento del AIFA, al destacar la cobertura, inversi\u00f3n y beneficios que dicha obra conlleva, lo que constituye propaganda gubernamental en periodo prohibido, porque en dos semanas se realizar\u00e1 el proceso de revocaci\u00f3n de mandato.<\/p>\n<p>El consejero Ciro Murayama coment\u00f3 que la prohibici\u00f3n de no promocionar actos de gobierno en veda electoral es para evitar que el presidente use obras p\u00fablicas, financiadas con recursos p\u00fablicos, para beneficiarse.<\/p>\n<p>\u201cEs la promoci\u00f3n de una obra, la inauguraci\u00f3n. \u00bfQuiere eso decir que nuestro marco constitucional impide que los gobierno realicen acciones, obras en beneficio de la poblaci\u00f3n? De ninguna manera. El legislador cuando incorpor\u00f3 esta restricci\u00f3n en las campa\u00f1as electorales, lo que quiso evitar es que en temporada de elecciones la obra p\u00fablica favoreciera a alg\u00fan actor pol\u00edtico en particular, al que est\u00e1 en gobierno\u201d, dijo Murayama.<\/p>\n<p>A su vez, la consejera Claudia Zavala se\u00f1al\u00f3 que las expresiones en la inauguraci\u00f3n del AIFA caen dentro de propaganda gubernamental, lo cual est\u00e1 prohibido desde el 4 de febrero, con la emisi\u00f3n de la convocatoria para la consulta de revocaci\u00f3n de mandato, hasta el 10 de abril, cuando se realice este ejercicio.<\/p>\n<p>Adem\u00e1s, la Comisi\u00f3n le pidi\u00f3 al mandatario abstenerse de emitir comentarios realizados con actividades y logros de gobierno y conducirse con apego a la ley.<\/p>\n<p>&nbsp;<\/p>\n<p>Con informaci\u00f3n de Forbes<\/p>\n","protected":false},"excerpt":{"rendered":"<p>La Comisi\u00f3n de Quejas y Denuncias del Instituto Nacional Electoral (INE) le dio tres horas al presidente Andr\u00e9s Manuel L\u00f3pez Obrador para borrar de internet la conferencia ma\u00f1anera y la ceremonia de inauguraci\u00f3n del Aeropuerto Internacional Felipe \u00c1ngeles (AIFA) el pasado 21 de marzo. En espec\u00edfico, el INE pidi\u00f3 al mandatario federal y al coordinador general de Comunicaci\u00f3n Social del gobierno federal eliminar los archivos de audio, audiovisuales y versiones estenogr\u00e1ficas de la conferencia matutina del pasado 21 de marzo. Sin especificar que hubo un segundo evento desde al AIFA, los consejeros indicaron que la Presidencia tambi\u00e9n puede modificar los [&hellip;]<\/p>\n","protected":false},"author":3,"featured_media":26203,"comment_status":"open","ping_status":"open","sticky":false,"template":"","format":"standard","meta":{"_jetpack_newsletter_access":"","_jetpack_dont_email_post_to_subs":false,"_jetpack_newsletter_tier_id":0,"_jetpack_memberships_contains_paywalled_content":false,"_jetpack_feature_clip_id":0,"_jetpack_memberships_contains_paid_content":false,"footnotes":"","jetpack_publicize_message":"","jetpack_publicize_feature_enabled":true,"jetpack_social_post_already_shared":true,"jetpack_social_options":{"image_generator_settings":{"template":"highway","default_image_id":0,"font":"","enabled":false},"version":2},"jetpack_post_was_ever_published":false},"categories":[75,72],"tags":[],"class_list":["post-26202","post","type-post","status-publish","format-standard","has-post-thumbnail","hentry","category-nacional","category-portada","post--single"],"jetpack_publicize_connections":[],"jetpack_featured_media_url":"https:\/\/ovelanalista.com\/wp-content\/uploads\/2022\/03\/ANDRES-MANUEL-3.jpeg","jetpack_sharing_enabled":true,"_links":{"self":[{"href":"https:\/\/ovelanalista.com\/index.php?rest_route=\/wp\/v2\/posts\/26202","targetHints":{"allow":["GET"]}}],"collection":[{"href":"https:\/\/ovelanalista.com\/index.php?rest_route=\/wp\/v2\/posts"}],"about":[{"href":"https:\/\/ovelanalista.com\/index.php?rest_route=\/wp\/v2\/types\/post"}],"author":[{"embeddable":true,"href":"https:\/\/ovelanalista.com\/index.php?rest_route=\/wp\/v2\/users\/3"}],"replies":[{"embeddable":true,"href":"https:\/\/ovelanalista.com\/index.php?rest_route=%2Fwp%2Fv2%2Fcomments&post=26202"}],"version-history":[{"count":1,"href":"https:\/\/ovelanalista.com\/index.php?rest_route=\/wp\/v2\/posts\/26202\/revisions"}],"predecessor-version":[{"id":26204,"href":"https:\/\/ovelanalista.com\/index.php?rest_route=\/wp\/v2\/posts\/26202\/revisions\/26204"}],"wp:featuredmedia":[{"embeddable":true,"href":"https:\/\/ovelanalista.com\/index.php?rest_route=\/wp\/v2\/media\/26203"}],"wp:attachment":[{"href":"https:\/\/ovelanalista.com\/index.php?rest_route=%2Fwp%2Fv2%2Fmedia&parent=26202"}],"wp:term":[{"taxonomy":"category","embeddable":true,"href":"https:\/\/ovelanalista.com\/index.php?rest_route=%2Fwp%2Fv2%2Fcategories&post=26202"},{"taxonomy":"post_tag","embeddable":true,"href":"https:\/\/ovelanalista.com\/index.php?rest_route=%2Fwp%2Fv2%2Ftags&post=26202"}],"curies":[{"name":"wp","href":"https:\/\/api.w.org\/{rel}","templated":true}]}}