{"id":26205,"date":"2022-03-24T11:45:48","date_gmt":"2022-03-24T18:45:48","guid":{"rendered":"https:\/\/ovelanalista.com\/?p=26205"},"modified":"2022-03-24T10:03:53","modified_gmt":"2022-03-24T17:03:53","slug":"diputados-de-morena-buscan-votar-reforma-electrica-en-semana-santa","status":"publish","type":"post","link":"https:\/\/ovelanalista.com\/?p=26205","title":{"rendered":"Diputados de Morena buscan votar reforma el\u00e9ctrica en Semana Santa"},"content":{"rendered":"<p>Morena propondr\u00e1 ma\u00f1ana un calendario para el an\u00e1lisis, discusi\u00f3n y votaci\u00f3n de la reforma el\u00e9ctrica que envi\u00f3 el presidente Andr\u00e9s Manuel L\u00f3pez a la C\u00e1mara de Diputados, la cual podr\u00eda tener modificaciones para alcanzar la votaci\u00f3n necesaria, y plantea es que sea votada el 13 de abril, en Semana Santa.<\/p>\n<p>El coordinador de Morena de San L\u00e1zaro, Ignacio Mier, explic\u00f3 que la propuesta que se presentar\u00e1 ma\u00f1ana en las juntas directivas de las comisiones de Puntos Constitucionales y de Energ\u00eda es que la discusi\u00f3n de la reforma sea la semana del 11 de abril.<\/p>\n<p>El calendario que propondr\u00e1 Morena se\u00f1ala que el trabajo en las comisiones ser\u00e1 del 25 de marzo al 6 de abril, el 7 de abril se circular\u00e1 el proyecto de dictaminaci\u00f3n, el 11 ser\u00e1 discutido y el 12, votado. Ello para que el 13 de abril sea votado en el Pleno de la C\u00e1mara de Diputados y el 14 de abril sea enviado al Senado.<\/p>\n<p>\u201c(En) Morena establecimos una propuesta de que es nuestro inter\u00e9s en que este semestre, que de la semana que va del 11 al 17 (se procese la reforma); de manera que ah\u00ed podamos definir, con el di\u00e1logo, persuasi\u00f3n, argumentaci\u00f3n y propuestas por escrito, un dictamen de consenso que tenga la mayor\u00eda\u201d, dijo Mier.<\/p>\n<p>Adem\u00e1s, asegur\u00f3 que est\u00e1n construyendo la negociaci\u00f3n para lograr lo votos necesarios, pues es indispensable que dos terceras partes de los diputados que asistan a la sesi\u00f3n voten a favor; es decir, que si llegan 500, 334 legisladores deben dar su aval.<\/p>\n<p>El diputado morenista Manuel Rodr\u00edguez Gonz\u00e1lez, presidente de la Comisi\u00f3n de Energ\u00eda, mencion\u00f3 que ma\u00f1ana a las 9:00 se reunir\u00e1 la comisi\u00f3n que encabeza con la de Puntos Constitucionales y ah\u00ed presentar\u00e1n la propuesta para que la reforma salga este semestre.<\/p>\n<p>Por separado, el presidente de la Mesa Directiva de la C\u00e1mara, Sergio Guti\u00e9rrez Luna, coment\u00f3 que Morena esta abierto a modificar la iniciativa del presidente L\u00f3pez Obrador.<\/p>\n<p>\u201cLa voluntad es sacarlo; evidentemente, por supuesto, queremos sacarlo en este periodo\u201d, dijo el diputado por Morena.<\/p>\n<p>&nbsp;<\/p>\n<p>Con informaci\u00f3n de Forbes<\/p>\n","protected":false},"excerpt":{"rendered":"<p>Morena propondr\u00e1 ma\u00f1ana un calendario para el an\u00e1lisis, discusi\u00f3n y votaci\u00f3n de la reforma el\u00e9ctrica que envi\u00f3 el presidente Andr\u00e9s Manuel L\u00f3pez a la C\u00e1mara de Diputados, la cual podr\u00eda tener modificaciones para alcanzar la votaci\u00f3n necesaria, y plantea es que sea votada el 13 de abril, en Semana Santa. El coordinador de Morena de San L\u00e1zaro, Ignacio Mier, explic\u00f3 que la propuesta que se presentar\u00e1 ma\u00f1ana en las juntas directivas de las comisiones de Puntos Constitucionales y de Energ\u00eda es que la discusi\u00f3n de la reforma sea la semana del 11 de abril. El calendario que propondr\u00e1 Morena se\u00f1ala [&hellip;]<\/p>\n","protected":false},"author":3,"featured_media":26206,"comment_status":"open","ping_status":"open","sticky":false,"template":"","format":"standard","meta":{"_jetpack_newsletter_access":"","_jetpack_dont_email_post_to_subs":false,"_jetpack_newsletter_tier_id":0,"_jetpack_memberships_contains_paywalled_content":false,"_jetpack_feature_clip_id":0,"_jetpack_memberships_contains_paid_content":false,"footnotes":"","jetpack_publicize_message":"","jetpack_publicize_feature_enabled":true,"jetpack_social_post_already_shared":true,"jetpack_social_options":{"image_generator_settings":{"template":"highway","default_image_id":0,"font":"","enabled":false},"version":2},"jetpack_post_was_ever_published":false},"categories":[75,72],"tags":[],"class_list":["post-26205","post","type-post","status-publish","format-standard","has-post-thumbnail","hentry","category-nacional","category-portada","post--single"],"jetpack_publicize_connections":[],"jetpack_featured_media_url":"https:\/\/ovelanalista.com\/wp-content\/uploads\/2022\/03\/diputados_morena.jpeg","jetpack_sharing_enabled":true,"_links":{"self":[{"href":"https:\/\/ovelanalista.com\/index.php?rest_route=\/wp\/v2\/posts\/26205","targetHints":{"allow":["GET"]}}],"collection":[{"href":"https:\/\/ovelanalista.com\/index.php?rest_route=\/wp\/v2\/posts"}],"about":[{"href":"https:\/\/ovelanalista.com\/index.php?rest_route=\/wp\/v2\/types\/post"}],"author":[{"embeddable":true,"href":"https:\/\/ovelanalista.com\/index.php?rest_route=\/wp\/v2\/users\/3"}],"replies":[{"embeddable":true,"href":"https:\/\/ovelanalista.com\/index.php?rest_route=%2Fwp%2Fv2%2Fcomments&post=26205"}],"version-history":[{"count":1,"href":"https:\/\/ovelanalista.com\/index.php?rest_route=\/wp\/v2\/posts\/26205\/revisions"}],"predecessor-version":[{"id":26207,"href":"https:\/\/ovelanalista.com\/index.php?rest_route=\/wp\/v2\/posts\/26205\/revisions\/26207"}],"wp:featuredmedia":[{"embeddable":true,"href":"https:\/\/ovelanalista.com\/index.php?rest_route=\/wp\/v2\/media\/26206"}],"wp:attachment":[{"href":"https:\/\/ovelanalista.com\/index.php?rest_route=%2Fwp%2Fv2%2Fmedia&parent=26205"}],"wp:term":[{"taxonomy":"category","embeddable":true,"href":"https:\/\/ovelanalista.com\/index.php?rest_route=%2Fwp%2Fv2%2Fcategories&post=26205"},{"taxonomy":"post_tag","embeddable":true,"href":"https:\/\/ovelanalista.com\/index.php?rest_route=%2Fwp%2Fv2%2Ftags&post=26205"}],"curies":[{"name":"wp","href":"https:\/\/api.w.org\/{rel}","templated":true}]}}