{"id":26208,"date":"2022-03-24T11:55:01","date_gmt":"2022-03-24T18:55:01","guid":{"rendered":"https:\/\/ovelanalista.com\/?p=26208"},"modified":"2022-03-24T10:05:36","modified_gmt":"2022-03-24T17:05:36","slug":"agentes-del-mp-denunciados-por-gertz-manero-por-cerrar-el-caso-de-su-hermano-buscaran-ser-indemnizados","status":"publish","type":"post","link":"https:\/\/ovelanalista.com\/?p=26208","title":{"rendered":"Agentes del MP denunciados por Gertz Manero por cerrar el caso de su hermano buscar\u00e1n ser indemnizados"},"content":{"rendered":"<p>Los agentes del Ministerio P\u00fablico que fueron denunciados por el fiscal general de la Rep\u00fablica, Alejandro Gertz Manero, por presuntamente haber incurrido en negligencias al indagar el caso de la muerte de su hermano, y que terminaron perdiendo su trabajo y siendo perseguidos penalmente, buscar\u00e1n \u2014tras la votaci\u00f3n de la Suprema Corte del 28 de marzo,\u00a0<a tabindex=\"0\" href=\"https:\/\/www.animalpolitico.com\/2022\/03\/proyectos-corte-alejandra-cuevas-laura-moran\/\" target=\"_blank\" rel=\"noopener\" data-id=\"105\" data-m=\"{&quot;i&quot;:105,&quot;p&quot;:102,&quot;n&quot;:&quot;partnerLink&quot;,&quot;y&quot;:24,&quot;o&quot;:3}\">respecto de Alejandra Cuevas y Laura Mor\u00e1n<\/a>\u2014 que la carpeta de investigaci\u00f3n iniciada en su contra se cierre y, adem\u00e1s, demandar\u00e1n una reparaci\u00f3n del da\u00f1o por lo que consideran que fueron acusaciones sin fundamento legal.<\/p>\n<p>Se trata de los agentes del Ministerio P\u00fablico Jos\u00e9 Luis \u201cN\u201d y Jorge Octavio \u201cN\u201d, quienes, en mayo de 2016, fueron denunciados por el delito de \u201cdenegaci\u00f3n de justicia\u201d, por supuestamente haber hecho \u201cdiligencias parciales\u201d encaminadas a no investigar la muerte de Federico Gertz Manero sino, por el contrario, a librar de culpabilidad a Laura Mor\u00e1n Serv\u00edn, su pareja, a la que el hoy fiscal general ya acusaba del homicidio de su hermano.<\/p>\n<p><a tabindex=\"0\" href=\"https:\/\/www.animalpolitico.com\/2021\/07\/agentes-mp-denunciados-gertz-manero-ilegal-juez\/\" target=\"_blank\" rel=\"noopener\" data-id=\"106\" data-m=\"{&quot;i&quot;:106,&quot;p&quot;:102,&quot;n&quot;:&quot;partnerLink&quot;,&quot;y&quot;:24,&quot;o&quot;:4}\">Gertz Manero se\u00f1al\u00f3 que ambos MP rechazaron practicar algunas diligencias que \u00e9l solicit\u00f3 como parte denunciante<\/a>\u00a0\u2014por ejemplo, realizar pruebas periciales en medicina legal y qu\u00edmica, as\u00ed como recabar los testimonios de los m\u00e9dicos y enfermeros que atendieron a su hermano\u2014, am\u00e9n de que propusieron cerrar el caso al considerar que la muerte de Federico Gertz Manero fue por causas naturales.<\/p>\n<p>Por a\u00f1os, dicha acusaci\u00f3n no prosper\u00f3. Pero en 2019, cuando Alejandro Gertz Manero ya hab\u00eda asumido su puesto como titular de la FGR, la Fiscal\u00eda General de la Ciudad de M\u00e9xico, encabezada por Ernestina Godoy, reabri\u00f3 el caso, lo envi\u00f3 a una unidad de asuntos especiales y, en dos meses, decidi\u00f3 que dichos agentes s\u00ed hab\u00edan cometido un delito. Por ello, pidi\u00f3 una orden de aprehensi\u00f3n en su contra, que fue concedida por un juez de la capital.<\/p>\n<p>El a\u00f1o pasado, un juez federal ampar\u00f3 a dichos agentes tras considerar que el caso ten\u00eda m\u00faltiples errores, carec\u00eda de los fundamentos m\u00ednimos para considerar que existi\u00f3 un delito y era arteramente violatorio de los derechos humanos de los dos exfuncionarios.<\/p>\n<p><i>Animal Pol\u00edtico<\/i>\u00a0contact\u00f3 a la direcci\u00f3n de Comunicaci\u00f3n Social de la FGJCDMX para solicitarle un posicionamiento respecto de la posibilidad de que la decisi\u00f3n de la Suprema Corte de la Naci\u00f3n (SCJN) pudiera invalidar la investigaci\u00f3n contra los agentes del MP. La instancia respondi\u00f3 que en el transcurso de este jueves emitir\u00e1 un posicionamiento.<\/p>\n<p>El abogado Irving Regino, representante legal de Jorge Octavio \u201cN\u201d, afirma que la averiguaci\u00f3n previa (recibe ese nombre porque fue iniciada en el sistema penal anterior) se encuentra vigente pero \u201ccongelada\u201d, sin que la fiscal\u00eda capitalina aclare si continuar\u00e1 realizando diligencias de investigaci\u00f3n contra su cliente, lo que lo deja en una indefensi\u00f3n jur\u00eddica. Regino tambi\u00e9n fue representante legal de Jos\u00e9 Luis \u201cN\u201d, hasta que este decidi\u00f3 recientemente cambiar de defensa.<\/p>\n<p>\u201cActualmente\u00a0<b>la<\/b>\u00a0<b>investigaci\u00f3n se encuentra suspendida, no tenemos conocimiento de que se est\u00e9n haciendo actos de investigaci\u00f3n<\/b>\u00a0respecto de mi representado (Jorge Octavio \u2018N\u2019) y del otro imputado (Jos\u00e9 Luis \u2018N\u2019). Pr\u00e1cticamente lleva dos a\u00f1os detenida esa investigaci\u00f3n sin que haya una determinaci\u00f3n o una justificante. Si el proyecto (de la SCJN) sale a favor, ser\u00eda una cuesti\u00f3n que podr\u00edamos nosotros argumentar: primero, solicitar que se determine esa investigaci\u00f3n y, luego, optar por alg\u00fan mecanismo para que se les retribuya (a los imputados) todo lo que perdieron por estas acusaciones\u201d, sostiene el litigante en entrevista.<\/p>\n<p>\u201cEntonces, se tendr\u00eda que hacer ahora una\u00a0<b>investigaci\u00f3n en contra de las propias autoridades, e incluso emprender acciones civiles para demandarles todo lo que les vino a perjudicar (a los acusados)<\/b>, porque ellos llevaban una vida que se tuvo que interrumpir por estas cuestiones que se les atribuyeron en su momento\u201d.<\/p>\n<p>El abogado se\u00f1ala que una de las principales contradicciones de la acusaci\u00f3n de Alejandro Gertz Manero en contra de los exfuncionarios es que\u00a0<b>obvia el hecho de que ellos, en su calidad de agentes del MP, gozan de autonom\u00eda de decisi\u00f3n<\/b>\u00a0para investigar y determinar el ejercicio o no de una acci\u00f3n penal, como fue en el caso de la indagatoria de la muerte de Federico Gertz Manero.<\/p>\n<p>El litigante agrega que el Primer Tribunal Colegiado de Distrito orden\u00f3 a la jueza penal que emiti\u00f3 las \u00f3rdenes de aprehensi\u00f3n\u00a0<b>acreditar por qu\u00e9 raz\u00f3n el no ejercicio de la acci\u00f3n penal se trat\u00f3 de una negligencia y no de un acto previsto en las atribuciones de los funcionarios<\/b>, como es el caso.<\/p>\n<p>\u201cLo que nosotros buscamos es el no ejercicio de la acci\u00f3n penal, es decir, que la investigaci\u00f3n se acabe porque no hay elementos para continuar con la misma\u201d, explica Regino. \u201cY esto viene de un criterio de un Tribunal Colegiado, que es el que le instruy\u00f3 a la jueza penal que emiti\u00f3 las \u00f3rdenes de aprehensi\u00f3n que ten\u00edan que recabarse ciertos datos\u00a0para poder acreditar, en la figura anterior, lo que se le llamaba el \u2018cuerpo del delito\u2019 y la probable responsabilidad; ten\u00eda que acreditarse por qu\u00e9 el actuar de ellos no fue apegado a la ley, porque decretar la terminaci\u00f3n de la investigaci\u00f3n no fue ilegal, y cu\u00e1l es la separaci\u00f3n entre la autonom\u00eda del MP y este actuar negligente\u201d.<\/p>\n<p>\u201cEs una cuesti\u00f3n que la fiscal\u00eda no pudo y no podr\u00e1 sostener jam\u00e1s\u201d, asegura el abogado. \u201c<b>Tendr\u00eda que partirse de una base<\/b>\u00a0<b>en donde ese actuar no estuviera previsto por la norma y, sin embargo, s\u00ed est\u00e1 previsto<\/b>. Eso es lo que buscamos: que nos diga ya la fiscal\u00eda \u2018no puedo continuar la investigaci\u00f3n porque no tengo m\u00e1s elementos y el asunto lo concluyo en este instante\u2019, o que nos informe qu\u00e9 m\u00e1s va a hacer, porque no puede tener una investigaci\u00f3n abierta tanto tiempo sin saber qu\u00e9 van a hacer, porque eso es una incertidumbre del gobernado\u201d.<\/p>\n<p>Regino recuerda que el Primer Tribunal Colegiado de Distrito concedi\u00f3 por mayor\u00eda un amparo para efectos, ordenando que se hicieran arreglos a la investigaci\u00f3n. No obstante, precisa, uno de los magistrados emiti\u00f3 un voto concurrente en el que propuso que el amparo fuese liso y llano, partiendo de que el fallecimiento de Federico Gertz Manero obedeci\u00f3 a causas naturales, perspectiva que la SCJN podr\u00eda validar el pr\u00f3ximo lunes.<\/p>\n<p>El abogado considera que el caso contra los agentes del MP se trat\u00f3 de un uso pol\u00edtico de las instituciones de procuraci\u00f3n de justicia, no solo de parte del fiscal Gertz, sino tambi\u00e9n de Ernestina Godoy, pues, seg\u00fan Regino, ella agiliz\u00f3 el expediente pocos d\u00edas despu\u00e9s de asumir el cargo de fiscal capitalina.<\/p>\n<p>\u201cEs una cuesti\u00f3n meramente pol\u00edtica donde se buscan los intereses particulares del ahora fiscal general de la Rep\u00fablica, quien ha estado apoyado en todo momento por la fiscal de la CDMX\u201d, acusa.<\/p>\n<p>\u201cEl proceso (contra los agentes del MP) tendr\u00eda que culminar; independiente de ello, se tendr\u00e1n que tomar las acciones pertinentes contra las autoridades, porque\u00a0<b>es un atropello a los derechos humanos de ellos y de los gobernados. \u00bfCu\u00e1l es la imagen p\u00fablica que proyecta el titular de una instituci\u00f3n tan importante como la FGR y la Fiscal\u00eda General de Justicia de la CDMX<\/b> por haberse prestado a llevar a cabo todos estos (atropellos)?\u201d, cuestiona.<\/p>\n<p>&nbsp;<\/p>\n<p><span style=\"font-size: 1.21429rem;\">Con informaci\u00f3n de Animal Pol\u00edtico\u00a0<\/span><\/p>\n","protected":false},"excerpt":{"rendered":"<p>Los agentes del Ministerio P\u00fablico que fueron denunciados por el fiscal general de la Rep\u00fablica, Alejandro Gertz Manero, por presuntamente haber incurrido en negligencias al indagar el caso de la muerte de su hermano, y que terminaron perdiendo su trabajo y siendo perseguidos penalmente, buscar\u00e1n \u2014tras la votaci\u00f3n de la Suprema Corte del 28 de marzo,\u00a0respecto de Alejandra Cuevas y Laura Mor\u00e1n\u2014 que la carpeta de investigaci\u00f3n iniciada en su contra se cierre y, adem\u00e1s, demandar\u00e1n una reparaci\u00f3n del da\u00f1o por lo que consideran que fueron acusaciones sin fundamento legal. Se trata de los agentes del Ministerio P\u00fablico Jos\u00e9 Luis [&hellip;]<\/p>\n","protected":false},"author":3,"featured_media":26209,"comment_status":"open","ping_status":"open","sticky":false,"template":"","format":"standard","meta":{"_jetpack_newsletter_access":"","_jetpack_dont_email_post_to_subs":false,"_jetpack_newsletter_tier_id":0,"_jetpack_memberships_contains_paywalled_content":false,"_jetpack_feature_clip_id":0,"_jetpack_memberships_contains_paid_content":false,"footnotes":"","jetpack_publicize_message":"","jetpack_publicize_feature_enabled":true,"jetpack_social_post_already_shared":true,"jetpack_social_options":{"image_generator_settings":{"template":"highway","default_image_id":0,"font":"","enabled":false},"version":2},"jetpack_post_was_ever_published":false},"categories":[75,72],"tags":[],"class_list":["post-26208","post","type-post","status-publish","format-standard","has-post-thumbnail","hentry","category-nacional","category-portada","post--single"],"jetpack_publicize_connections":[],"jetpack_featured_media_url":"https:\/\/ovelanalista.com\/wp-content\/uploads\/2022\/03\/GERTZ-3.jpeg","jetpack_sharing_enabled":true,"_links":{"self":[{"href":"https:\/\/ovelanalista.com\/index.php?rest_route=\/wp\/v2\/posts\/26208","targetHints":{"allow":["GET"]}}],"collection":[{"href":"https:\/\/ovelanalista.com\/index.php?rest_route=\/wp\/v2\/posts"}],"about":[{"href":"https:\/\/ovelanalista.com\/index.php?rest_route=\/wp\/v2\/types\/post"}],"author":[{"embeddable":true,"href":"https:\/\/ovelanalista.com\/index.php?rest_route=\/wp\/v2\/users\/3"}],"replies":[{"embeddable":true,"href":"https:\/\/ovelanalista.com\/index.php?rest_route=%2Fwp%2Fv2%2Fcomments&post=26208"}],"version-history":[{"count":1,"href":"https:\/\/ovelanalista.com\/index.php?rest_route=\/wp\/v2\/posts\/26208\/revisions"}],"predecessor-version":[{"id":26210,"href":"https:\/\/ovelanalista.com\/index.php?rest_route=\/wp\/v2\/posts\/26208\/revisions\/26210"}],"wp:featuredmedia":[{"embeddable":true,"href":"https:\/\/ovelanalista.com\/index.php?rest_route=\/wp\/v2\/media\/26209"}],"wp:attachment":[{"href":"https:\/\/ovelanalista.com\/index.php?rest_route=%2Fwp%2Fv2%2Fmedia&parent=26208"}],"wp:term":[{"taxonomy":"category","embeddable":true,"href":"https:\/\/ovelanalista.com\/index.php?rest_route=%2Fwp%2Fv2%2Fcategories&post=26208"},{"taxonomy":"post_tag","embeddable":true,"href":"https:\/\/ovelanalista.com\/index.php?rest_route=%2Fwp%2Fv2%2Ftags&post=26208"}],"curies":[{"name":"wp","href":"https:\/\/api.w.org\/{rel}","templated":true}]}}