{"id":26214,"date":"2022-03-24T12:15:14","date_gmt":"2022-03-24T19:15:14","guid":{"rendered":"https:\/\/ovelanalista.com\/?p=26214"},"modified":"2022-03-24T10:08:50","modified_gmt":"2022-03-24T17:08:50","slug":"arde-mexico-reportan-33-incendios-forestales-activos","status":"publish","type":"post","link":"https:\/\/ovelanalista.com\/?p=26214","title":{"rendered":"Arde M\u00e9xico: reportan 33 incendios forestales activos"},"content":{"rendered":"<p>Actualmente M\u00e9xico registra\u00a0<strong><a tabindex=\"0\" href=\"https:\/\/www.excelsior.com.mx\/nacional\/sujeto-drogado-inicio-incendio-en-cerro-del-tepozteco-no-paraba-de-celebrar-dicen\/1505494\" target=\"_blank\" rel=\"noopener\" data-id=\"127\" data-m=\"{&quot;i&quot;:127,&quot;p&quot;:102,&quot;n&quot;:&quot;partnerLink&quot;,&quot;y&quot;:24,&quot;o&quot;:4}\">33 incendios forestales activos<\/a><\/strong>, de los cuales, las autoridades federales han puesto mayor a 10, que son los de mayor superficie afectada.<\/p>\n<p>Durante la conferencia matutina en Palacio Nacional, la titular de la Coordinaci\u00f3n Nacional de Protecci\u00f3n Civil (CNPC), Laura Vel\u00e1zquez Alz\u00faa, detall\u00f3 que el total de siniestros han afectado 4 mil 278 hect\u00e1reas.<\/p>\n<p>De acuerdo con el reporte de la funcionaria, los\u00a0<strong><a tabindex=\"0\" href=\"https:\/\/www.excelsior.com.mx\/nacional\/reportan-incendio-en-bosque-de-la-primavera-jalisco\/1505678\" target=\"_blank\" rel=\"noopener\" data-id=\"128\" data-m=\"{&quot;i&quot;:128,&quot;p&quot;:102,&quot;n&quot;:&quot;partnerLink&quot;,&quot;y&quot;:24,&quot;o&quot;:5}\">incendios forestales son atendidos por al menos mil 513 personas combatientes<\/a><\/strong>\u00a0que pertenecen a la Comisi\u00f3n Nacional Forestal, a la CNPC; a la Guardia Nacional, a las Secretar\u00edas de Marina y de la Defensa Nacional, entre otras instituciones.<\/p>\n<p>Vel\u00e1zquez Alz\u00faa detall\u00f3 que de los 33 incendios, hay 10 que son los de mayor superficie afectada y se distribuyen en 8 entidades, pero que ya son atendidos por las diversas autoridades.<\/p>\n<p>Explic\u00f3 que, por ejemplo, en lo que se refiere al incendio forestal en el\u00a0<strong><a tabindex=\"0\" href=\"https:\/\/www.excelsior.com.mx\/nacional\/controlan-al-60-incendio-forestal-en-el-tepozteco\/1505704\" target=\"_blank\" rel=\"noopener\" data-id=\"129\" data-m=\"{&quot;i&quot;:129,&quot;p&quot;:102,&quot;n&quot;:&quot;partnerLink&quot;,&quot;y&quot;:24,&quot;o&quot;:6}\">\u00e1rea natural protegida de Tepoztl\u00e1n, Morelos,<\/a><\/strong>\u00a0ocurrido el 22 de marzo, se llevan a cabo acciones control y liquidaci\u00f3n de las llamas.<\/p>\n<p>La funcionara detall\u00f3 que hasta ayer se reportaban 95 hect\u00e1reas afectadas y con control del siniestro de 60 por ciento y un 30 por ciento de liquidaci\u00f3n, gracias a la fuerza de trabajo de 541 brigadistas, 52 veh\u00edculos terrestres y 2 helic\u00f3pteros.<\/p>\n<blockquote><p>A las 11:00 horas habr\u00e1 otra reuni\u00f3n y se informar\u00e1 el avance en el transcurso de la noche. Se har\u00e1 un sobrevuelo de valoraci\u00f3n para conocer el avance del control del incendio y la liquidaci\u00f3n\u201d, agreg\u00f3<\/p><\/blockquote>\n<p>&nbsp;<\/p>\n<p>Con informaci\u00f3n de Excelsior<\/p>\n","protected":false},"excerpt":{"rendered":"<p>Actualmente M\u00e9xico registra\u00a033 incendios forestales activos, de los cuales, las autoridades federales han puesto mayor a 10, que son los de mayor superficie afectada. Durante la conferencia matutina en Palacio Nacional, la titular de la Coordinaci\u00f3n Nacional de Protecci\u00f3n Civil (CNPC), Laura Vel\u00e1zquez Alz\u00faa, detall\u00f3 que el total de siniestros han afectado 4 mil 278 hect\u00e1reas. De acuerdo con el reporte de la funcionaria, los\u00a0incendios forestales son atendidos por al menos mil 513 personas combatientes\u00a0que pertenecen a la Comisi\u00f3n Nacional Forestal, a la CNPC; a la Guardia Nacional, a las Secretar\u00edas de Marina y de la Defensa Nacional, entre otras [&hellip;]<\/p>\n","protected":false},"author":3,"featured_media":26215,"comment_status":"open","ping_status":"open","sticky":false,"template":"","format":"video","meta":{"_jetpack_newsletter_access":"","_jetpack_dont_email_post_to_subs":false,"_jetpack_newsletter_tier_id":0,"_jetpack_memberships_contains_paywalled_content":false,"_jetpack_feature_clip_id":0,"_jetpack_memberships_contains_paid_content":false,"footnotes":"","jetpack_publicize_message":"","jetpack_publicize_feature_enabled":true,"jetpack_social_post_already_shared":true,"jetpack_social_options":{"image_generator_settings":{"template":"highway","default_image_id":0,"font":"","enabled":false},"version":2},"jetpack_post_was_ever_published":false},"categories":[75,72],"tags":[],"class_list":["post-26214","post","type-post","status-publish","format-video","has-post-thumbnail","hentry","category-nacional","category-portada","post_format-post-format-video","post--single"],"jetpack_publicize_connections":[],"jetpack_featured_media_url":"https:\/\/ovelanalista.com\/wp-content\/uploads\/2022\/03\/insendios.jpeg","jetpack_sharing_enabled":true,"_links":{"self":[{"href":"https:\/\/ovelanalista.com\/index.php?rest_route=\/wp\/v2\/posts\/26214","targetHints":{"allow":["GET"]}}],"collection":[{"href":"https:\/\/ovelanalista.com\/index.php?rest_route=\/wp\/v2\/posts"}],"about":[{"href":"https:\/\/ovelanalista.com\/index.php?rest_route=\/wp\/v2\/types\/post"}],"author":[{"embeddable":true,"href":"https:\/\/ovelanalista.com\/index.php?rest_route=\/wp\/v2\/users\/3"}],"replies":[{"embeddable":true,"href":"https:\/\/ovelanalista.com\/index.php?rest_route=%2Fwp%2Fv2%2Fcomments&post=26214"}],"version-history":[{"count":1,"href":"https:\/\/ovelanalista.com\/index.php?rest_route=\/wp\/v2\/posts\/26214\/revisions"}],"predecessor-version":[{"id":26216,"href":"https:\/\/ovelanalista.com\/index.php?rest_route=\/wp\/v2\/posts\/26214\/revisions\/26216"}],"wp:featuredmedia":[{"embeddable":true,"href":"https:\/\/ovelanalista.com\/index.php?rest_route=\/wp\/v2\/media\/26215"}],"wp:attachment":[{"href":"https:\/\/ovelanalista.com\/index.php?rest_route=%2Fwp%2Fv2%2Fmedia&parent=26214"}],"wp:term":[{"taxonomy":"category","embeddable":true,"href":"https:\/\/ovelanalista.com\/index.php?rest_route=%2Fwp%2Fv2%2Fcategories&post=26214"},{"taxonomy":"post_tag","embeddable":true,"href":"https:\/\/ovelanalista.com\/index.php?rest_route=%2Fwp%2Fv2%2Ftags&post=26214"}],"curies":[{"name":"wp","href":"https:\/\/api.w.org\/{rel}","templated":true}]}}