{"id":26217,"date":"2022-03-24T12:25:02","date_gmt":"2022-03-24T19:25:02","guid":{"rendered":"https:\/\/ovelanalista.com\/?p=26217"},"modified":"2022-03-24T10:10:45","modified_gmt":"2022-03-24T17:10:45","slug":"tumban-a-lider-de-morena-en-congreso-de-tamaulipas","status":"publish","type":"post","link":"https:\/\/ovelanalista.com\/?p=26217","title":{"rendered":"Tumban a l\u00edder de Morena en Congreso de Tamaulipas"},"content":{"rendered":"<p>Luego de que la fracci\u00f3n del PAN le quit\u00f3 la presidencia de la Jucopo a Armando Zertuche Zuani, ahora sus correligionarios, a los que ha dividido y sumido en una fuerte crisis, lo relevaron como l\u00edder de la bancada de Morena en el Congreso del Estado y nombraron en el cargo a \u00darsula Patricia Salazar Mojica, sobrina del Presidente Andr\u00e9s Manuel L\u00f3pez Obrador.<\/p>\n<p>Salazar dej\u00f3 en el camino a otro sobrino de L\u00f3pez Obrador, el Diputado local Jos\u00e9 Bra\u00f1a Mojica y a Humberto Prieto Herrera, cercano de Zertuche, quienes disputaron el nombramiento.<\/p>\n<p>Su designaci\u00f3n se determin\u00f3 ayer tras reuni\u00f3n de 16 diputados de Morena y fue notificada este d\u00eda en estrados al Congreso del Estado.<\/p>\n<p>&#8220;El d\u00eda de ayer se hizo una reuni\u00f3n y se tom\u00f3 la decisi\u00f3n de relevar el cargo por una figura que est\u00e9 menos desgasta de que vaya a ser tambi\u00e9n menos enjuiciada en los pr\u00f3ximos d\u00edas&#8221;, indic\u00f3 Armando Zertuche.<\/p>\n<p>Durante la sesi\u00f3n p\u00fablica ordinaria de hoy en el punto de correspondencia el grupo parlamentario de Morena inform\u00f3 la designaci\u00f3n de su nueva coordinadora de bancada.<\/p>\n<p>&#8220;Escrito fechado el 23 de marzo del 2022 comunicando el acuerdo adoptado por este grupo parlamentario, mediante el cual se determin\u00f3 nombrar a la Diputada \u00darsula Patricia Salazar Mojica como nueva coordinadora del grupo parlamentario en sustituci\u00f3n Armando Zertuche Zuani&#8221;, dijeron.<\/p>\n<p>La salida de Zertuche como l\u00edder de la fracci\u00f3n se suma al primer descalabro que tuvo, luego de que el pasado 9 de marzo a poco m\u00e1s de cinco meses de asumir la Jucopo fue quitado por la mayor\u00eda que integraron el PAN, el apoyo de sus aliados del PRI y dos diputados de Morena.<\/p>\n<p>Lo anterior ante la renuncia de cuatro diputados a la bancada, dos de ellos de forma temporal, lo que provoc\u00f3 que Morena perdiera la mayor\u00eda.<\/p>\n<p>Ahora el morenista fue removido de la coordinaci\u00f3n de su bancada para evitar, afirm\u00f3, una mayor crisis y divisi\u00f3n al interior de Morena, de cara a las elecciones por la Gubernatura, cuyas campa\u00f1as inician en 10 d\u00edas.<\/p>\n<p>Sin embargo, no descart\u00f3 que pese a su salida de la coordinaci\u00f3n de la bancada, las diferencias entre los diputados y la crisis por la divisi\u00f3n de Morena continuar\u00e1n.<\/p>\n<p>&#8220;Bueno no podr\u00eda decirlo que lo resuelva del todo, yo siempre he defendido mucho la individualidad, he dicho que respeto mucho el posicionamiento de cada compa\u00f1ero&#8221;, subray\u00f3.<\/p>\n<p>Aunque dos de los cuatro legisladores locales disidentes acudieron a la reuni\u00f3n de Morena ayer, otros dos se ausentaron.<\/p>\n<p>&#8220;Los dos compa\u00f1eros que est\u00e1n como independientes no han manifestado todav\u00eda su posicionamiento al respecto, eso fue anoche entonces fue muy r\u00e1pido&#8221;, expres\u00f3.<\/p>\n<p>&nbsp;<\/p>\n<p>Con informaci\u00f3n de Reforma<\/p>\n","protected":false},"excerpt":{"rendered":"<p>Luego de que la fracci\u00f3n del PAN le quit\u00f3 la presidencia de la Jucopo a Armando Zertuche Zuani, ahora sus correligionarios, a los que ha dividido y sumido en una fuerte crisis, lo relevaron como l\u00edder de la bancada de Morena en el Congreso del Estado y nombraron en el cargo a \u00darsula Patricia Salazar Mojica, sobrina del Presidente Andr\u00e9s Manuel L\u00f3pez Obrador. Salazar dej\u00f3 en el camino a otro sobrino de L\u00f3pez Obrador, el Diputado local Jos\u00e9 Bra\u00f1a Mojica y a Humberto Prieto Herrera, cercano de Zertuche, quienes disputaron el nombramiento. Su designaci\u00f3n se determin\u00f3 ayer tras reuni\u00f3n de [&hellip;]<\/p>\n","protected":false},"author":3,"featured_media":26218,"comment_status":"open","ping_status":"open","sticky":false,"template":"","format":"standard","meta":{"_jetpack_newsletter_access":"","_jetpack_dont_email_post_to_subs":false,"_jetpack_newsletter_tier_id":0,"_jetpack_memberships_contains_paywalled_content":false,"_jetpack_feature_clip_id":0,"_jetpack_memberships_contains_paid_content":false,"footnotes":"","jetpack_publicize_message":"","jetpack_publicize_feature_enabled":true,"jetpack_social_post_already_shared":true,"jetpack_social_options":{"image_generator_settings":{"template":"highway","default_image_id":0,"font":"","enabled":false},"version":2},"jetpack_post_was_ever_published":false},"categories":[75,72],"tags":[],"class_list":["post-26217","post","type-post","status-publish","format-standard","has-post-thumbnail","hentry","category-nacional","category-portada","post--single"],"jetpack_publicize_connections":[],"jetpack_featured_media_url":"https:\/\/ovelanalista.com\/wp-content\/uploads\/2022\/03\/Armando-Zertuche-Zuani.jpeg","jetpack_sharing_enabled":true,"_links":{"self":[{"href":"https:\/\/ovelanalista.com\/index.php?rest_route=\/wp\/v2\/posts\/26217","targetHints":{"allow":["GET"]}}],"collection":[{"href":"https:\/\/ovelanalista.com\/index.php?rest_route=\/wp\/v2\/posts"}],"about":[{"href":"https:\/\/ovelanalista.com\/index.php?rest_route=\/wp\/v2\/types\/post"}],"author":[{"embeddable":true,"href":"https:\/\/ovelanalista.com\/index.php?rest_route=\/wp\/v2\/users\/3"}],"replies":[{"embeddable":true,"href":"https:\/\/ovelanalista.com\/index.php?rest_route=%2Fwp%2Fv2%2Fcomments&post=26217"}],"version-history":[{"count":1,"href":"https:\/\/ovelanalista.com\/index.php?rest_route=\/wp\/v2\/posts\/26217\/revisions"}],"predecessor-version":[{"id":26219,"href":"https:\/\/ovelanalista.com\/index.php?rest_route=\/wp\/v2\/posts\/26217\/revisions\/26219"}],"wp:featuredmedia":[{"embeddable":true,"href":"https:\/\/ovelanalista.com\/index.php?rest_route=\/wp\/v2\/media\/26218"}],"wp:attachment":[{"href":"https:\/\/ovelanalista.com\/index.php?rest_route=%2Fwp%2Fv2%2Fmedia&parent=26217"}],"wp:term":[{"taxonomy":"category","embeddable":true,"href":"https:\/\/ovelanalista.com\/index.php?rest_route=%2Fwp%2Fv2%2Fcategories&post=26217"},{"taxonomy":"post_tag","embeddable":true,"href":"https:\/\/ovelanalista.com\/index.php?rest_route=%2Fwp%2Fv2%2Ftags&post=26217"}],"curies":[{"name":"wp","href":"https:\/\/api.w.org\/{rel}","templated":true}]}}