{"id":26220,"date":"2022-03-24T12:35:36","date_gmt":"2022-03-24T19:35:36","guid":{"rendered":"https:\/\/ovelanalista.com\/?p=26220"},"modified":"2022-03-24T12:03:28","modified_gmt":"2022-03-24T19:03:28","slug":"sandra-cuevas-logra-acuerdo-reparatorio-con-policias-de-cdmx-dara-disculpa-publica","status":"publish","type":"post","link":"https:\/\/ovelanalista.com\/?p=26220","title":{"rendered":"Sandra Cuevas logra acuerdo reparatorio con polic\u00edas de CdMx; dar\u00e1 disculpa p\u00fablica"},"content":{"rendered":"<p>La\u00a0<a tabindex=\"0\" href=\"https:\/\/www.milenio.com\/temas\/fiscalia-general-de-cdmx\" target=\"_blank\" rel=\"noopener\" data-id=\"105\" data-m=\"{&quot;i&quot;:105,&quot;p&quot;:102,&quot;n&quot;:&quot;partnerLink&quot;,&quot;y&quot;:24,&quot;o&quot;:3}\">Fiscal\u00eda General de Justicia de la Ciudad de M\u00e9xico<\/a>\u00a0inform\u00f3 que se autoriz\u00f3 un\u00a0<strong>acuerdo reparatorio en el proceso penal\u00a0<\/strong>que se sigue en contra de\u00a0<a tabindex=\"0\" href=\"https:\/\/www.milenio.com\/temas\/sandra-cuevas\" target=\"_blank\" rel=\"noopener\" data-id=\"106\" data-m=\"{&quot;i&quot;:106,&quot;p&quot;:102,&quot;n&quot;:&quot;partnerLink&quot;,&quot;y&quot;:24,&quot;o&quot;:4}\">Sandra Cuevas<\/a>, alcaldesa de Cuauht\u00e9moc suspendida temporalmente del cargo, por\u00a0los delitos de abuso de autoridad, robo calificado y discriminaci\u00f3n hacia dos oficiales de la Secretar\u00eda de Seguridad Ciudadana (SSC).<\/p>\n<p>El vocero de la Fiscal\u00eda capitalina, Ulises Lara, detall\u00f3 que Sandra Cuevas acudi\u00f3 a una audiencia esta ma\u00f1ana en el reclusorio Norte, en la que\u00a0<strong>reconoci\u00f3 que la agresi\u00f3n ocurri\u00f3<\/strong>\u00a0tal y como lo describi\u00f3 el Ministerio P\u00fablico en la denuncia.<\/p>\n<p>Por ello, el\u00a0acuerdo consistir\u00e1 en el\u00a0<strong>pago de una radio de transmisi\u00f3n y un tel\u00e9fono celular<\/strong>, as\u00ed como una r<strong>eparaci\u00f3n econ\u00f3mica de 30 mil pesos<\/strong>\u00a0a ambas v\u00edctimas, que se deber\u00e1 entregar el 28 de marzo.<\/p>\n<div id=\"outstream_article\" data-id=\"104\" data-m=\"{&quot;i&quot;:104,&quot;p&quot;:102,&quot;n&quot;:&quot;article-inlineOutstreamAd&quot;,&quot;t&quot;:&quot;inlineOutstreamAd&quot;,&quot;o&quot;:2}\">\n<div id=\"inlineoutstreamcontainer\" class=\"inlineOutstreamContainer\">\n<div id=\"apn_display_container_kgasmb377o\" class=\"\"><\/div>\n<\/div>\n<\/div>\n<p>Mientras que por el delito de abuso de autoridad, se autoriz\u00f3 la suspensi\u00f3n del proceso y<strong>\u00a0deber\u00e1 ofrecer una disculpa p\u00fablica por su conducta<\/strong>,\u00a0antes de las 15:00 horas de hoy.<\/p>\n<p>Asimismo,\u00a0deber\u00e1\u00a0<strong>recibir tratamiento psicol\u00f3gico,\u00a0<\/strong><strong>orientadas al manejo de la ira y las emociones<\/strong>,\u00a0durante un periodo de seis meses\u00a0y tendr\u00e1 que abstenerse de molestar a las v\u00edctimas.<\/p>\n<p>La alcaldesa tambi\u00e9n deber\u00e1\u00a0<strong>abstenerse de realizar cualquier manifestaci\u00f3n u opini\u00f3n\u00a0<\/strong>por cualquier medio de difusi\u00f3n y redes sociales sobre el caso, las instituciones y mandos policiacos durante el proceso que se autoriza la suspensi\u00f3n, con excepci\u00f3n de la disculpa p\u00fablica que ofrecer\u00e1 hoy.<\/p>\n<p>Respecto a las<strong>\u00a0medidas cautelares<\/strong>\u00a0que se le impusieron a Sandra Cuevas, entre \u00e9stas la suspensi\u00f3n temporal de su cargo, el vocero de la Fiscal\u00eda indic\u00f3 que\u00a0<strong>ser\u00e1n cesadas una vez que se ofrezca la disculpa p\u00fablica.<\/strong><\/p>\n<blockquote><p>&#8220;Una vez que se informe el cumplimiento del ofrecimiento de la disculpa p\u00fablica, cesar\u00e1n los efectos de las medidas cautelares impuestas en la continuaci\u00f3n de la audiencia inicial&#8221;, dijo.<\/p><\/blockquote>\n<p>El 17 de marzo, la jueza Elma Maruri Carballo determin\u00f3 vincular a proceso a Sandra Cuevas y fij\u00f3 dos meses para el cierre de la investigaci\u00f3n complementaria y mantuvo vigentes las medidas cautelares de separaci\u00f3n temporal del cargo, presentaci\u00f3n peri\u00f3dica ante las autoridades, la restricci\u00f3n para salir del pa\u00eds, as\u00ed como no acercarse a las presuntas v\u00edctimas.<\/p>\n<p>&nbsp;<\/p>\n<p>Con informaci\u00f3n de Milenio<\/p>\n","protected":false},"excerpt":{"rendered":"<p>La\u00a0Fiscal\u00eda General de Justicia de la Ciudad de M\u00e9xico\u00a0inform\u00f3 que se autoriz\u00f3 un\u00a0acuerdo reparatorio en el proceso penal\u00a0que se sigue en contra de\u00a0Sandra Cuevas, alcaldesa de Cuauht\u00e9moc suspendida temporalmente del cargo, por\u00a0los delitos de abuso de autoridad, robo calificado y discriminaci\u00f3n hacia dos oficiales de la Secretar\u00eda de Seguridad Ciudadana (SSC). El vocero de la Fiscal\u00eda capitalina, Ulises Lara, detall\u00f3 que Sandra Cuevas acudi\u00f3 a una audiencia esta ma\u00f1ana en el reclusorio Norte, en la que\u00a0reconoci\u00f3 que la agresi\u00f3n ocurri\u00f3\u00a0tal y como lo describi\u00f3 el Ministerio P\u00fablico en la denuncia. Por ello, el\u00a0acuerdo consistir\u00e1 en el\u00a0pago de una radio de [&hellip;]<\/p>\n","protected":false},"author":3,"featured_media":25397,"comment_status":"open","ping_status":"open","sticky":false,"template":"","format":"standard","meta":{"_jetpack_newsletter_access":"","_jetpack_dont_email_post_to_subs":false,"_jetpack_newsletter_tier_id":0,"_jetpack_memberships_contains_paywalled_content":false,"_jetpack_feature_clip_id":0,"_jetpack_memberships_contains_paid_content":false,"footnotes":"","jetpack_publicize_message":"","jetpack_publicize_feature_enabled":true,"jetpack_social_post_already_shared":true,"jetpack_social_options":{"image_generator_settings":{"template":"highway","default_image_id":0,"font":"","enabled":false},"version":2},"jetpack_post_was_ever_published":false},"categories":[75,72],"tags":[],"class_list":["post-26220","post","type-post","status-publish","format-standard","has-post-thumbnail","hentry","category-nacional","category-portada","post--single"],"jetpack_publicize_connections":[],"jetpack_featured_media_url":"https:\/\/ovelanalista.com\/wp-content\/uploads\/2022\/03\/Sandra-Cuevas-2.jpeg","jetpack_sharing_enabled":true,"_links":{"self":[{"href":"https:\/\/ovelanalista.com\/index.php?rest_route=\/wp\/v2\/posts\/26220","targetHints":{"allow":["GET"]}}],"collection":[{"href":"https:\/\/ovelanalista.com\/index.php?rest_route=\/wp\/v2\/posts"}],"about":[{"href":"https:\/\/ovelanalista.com\/index.php?rest_route=\/wp\/v2\/types\/post"}],"author":[{"embeddable":true,"href":"https:\/\/ovelanalista.com\/index.php?rest_route=\/wp\/v2\/users\/3"}],"replies":[{"embeddable":true,"href":"https:\/\/ovelanalista.com\/index.php?rest_route=%2Fwp%2Fv2%2Fcomments&post=26220"}],"version-history":[{"count":1,"href":"https:\/\/ovelanalista.com\/index.php?rest_route=\/wp\/v2\/posts\/26220\/revisions"}],"predecessor-version":[{"id":26221,"href":"https:\/\/ovelanalista.com\/index.php?rest_route=\/wp\/v2\/posts\/26220\/revisions\/26221"}],"wp:featuredmedia":[{"embeddable":true,"href":"https:\/\/ovelanalista.com\/index.php?rest_route=\/wp\/v2\/media\/25397"}],"wp:attachment":[{"href":"https:\/\/ovelanalista.com\/index.php?rest_route=%2Fwp%2Fv2%2Fmedia&parent=26220"}],"wp:term":[{"taxonomy":"category","embeddable":true,"href":"https:\/\/ovelanalista.com\/index.php?rest_route=%2Fwp%2Fv2%2Fcategories&post=26220"},{"taxonomy":"post_tag","embeddable":true,"href":"https:\/\/ovelanalista.com\/index.php?rest_route=%2Fwp%2Fv2%2Ftags&post=26220"}],"curies":[{"name":"wp","href":"https:\/\/api.w.org\/{rel}","templated":true}]}}