{"id":26223,"date":"2022-03-24T12:45:38","date_gmt":"2022-03-24T19:45:38","guid":{"rendered":"https:\/\/ovelanalista.com\/?p=26223"},"modified":"2022-03-24T12:04:50","modified_gmt":"2022-03-24T19:04:50","slug":"los-doble-cara","status":"publish","type":"post","link":"https:\/\/ovelanalista.com\/?p=26223","title":{"rendered":"Los doble cara"},"content":{"rendered":"<div>Entre Veredas<\/div>\n<div>\n<div><\/div>\n<div>Marco Antonio Liz\u00e1rraga<\/div>\n<\/div>\n<div>\n<div><\/div>\n<div>\u201cLa verdadera grandeza, no necesita la humillaci\u00f3n del resto\u201d, Amado Nervo<\/div>\n<div><\/div>\n<div><\/div>\n<div>EL CACHIRUL<\/div>\n<\/div>\n<div>\n<div><\/div>\n<div>En el Congreso de Sinaloa, la bancada del PRI est\u00e1 dando gato por liebre, pues de acuerdo a lo que hemos checado, el diputado Luis Javier de la Rocha Zazueta quien ser\u00e1 todo menos priista, por lo que no entendemos que incluso est\u00e9 apareciendo en actos p\u00fablicos como militante de ese partido.<\/div>\n<div>Una jugada maestra que se avent\u00f3 en su tiempo de la alianza Va por Sinaloa, Jes\u00fas Zambrano l\u00edder nacional del PRD y Miguel \u00c1ngel Osorio Chong donde para garantizar la diputaci\u00f3n para el sol azteca metieron por ese lado a de la Rocha Zazueta.<\/div>\n<div>Esto quiere decir, que la realidad, merma al PRI pues de querer seguir por el camino de la izquierda el diputado local podr\u00eda meter reversa y entrar en el juego de irse a otra bancada, lo cual pegar\u00eda bastante.<\/div>\n<div>Si bien lo ocurrido en d\u00edas pasados con el abandono de las filas del Partido Sinaloense donde, en el Congreso de Sinaloa dos diputados salieron del PAS para irse a Morena fue un golpe duro para el partido estatal, y ahora surge esta versi\u00f3n.<\/div>\n<div>De la Rocha Zazueta es un activista del PRD, que ni siquiera est\u00e1 en la lista de militantes del PRI, y ayer se le vio muy quitado de la pena en el evento p\u00f3stumo de Luis Donaldo Colosio Murrieta, en este caso el peligro corre.<\/div>\n<div>Pero no s\u00f3lo con este cachirul, que fue herencia de negociaciones por parte de dos partidos integrantes de la extinta alianza por Sinaloa que fue un fracaso electoral y que por esta raz\u00f3n les toc\u00f3 la suerte de quedar.<\/div>\n<div>Otro que nos ponen en el camino, y que la vemos complicada, pero en esta vida nada hay imposibles es la salida tambi\u00e9n de la bancada del PRI al \u00fanico diputado electo de este grupo parlamentario, es decir que se viene el fantasma de quedarse con puros pluris.<\/div>\n<div>Chanito Valle est\u00e1 en la cuerda floja, y andar tambaleando al no tener certeza interna dentro de su partido le puede causar un serio boquete, algo falla en el PRI el coordinador Ricardo Madrid Garc\u00eda le est\u00e1 quedando grande el saco.<\/div>\n<div>Sin duda, la bancada del PRI ha estado m\u00e1s que pintada en el tablero pol\u00edtico del Congreso donde ha sido dejado de lado todo lo que han realizado y su juego ha sido meramente medi\u00e1tico sin una participaci\u00f3n real dentro de la pol\u00edtica sinaloense.<\/div>\n<div>Ya veremos que sucede, pero el PRI est\u00e1 pintado, y si se van estos dos diputados, el cachirul y el electo que Dios los agarre confesados.<\/div>\n<div>Las cartas se est\u00e1n repartiendo.<\/div>\n<div>MORDER LA MANO<\/div>\n<div>Quien nos dej\u00f3 con el ojo cuadrado fue la regidora priista plurinominal, por el Partido Revolucionario Institucional Flor Ignacia Hern\u00e1ndez Mart\u00ednez, quien la ma\u00f1ana de este mi\u00e9rcoles particip\u00f3 en el reconocimiento luctuoso de Luis Donaldo Colosio Murrieta asesinado en Lomas Taurinas en Tijuana Baja California.<\/div>\n<div>La edil en su discurso, muy emotivo por cierto, dijo que estaba en contra de las alianzas y no a las imposiciones de candidatos como ocurri\u00f3 en el 2021 donde el pan el PRI y el PRD participaron en una alianza com\u00fan por la gubernatura de Sinaloa.<\/div>\n<div>Si le queremos agregar un poquito m\u00e1s, la diputada asegur\u00f3 que estaba en contra del dedazo, es decir, est\u00e1 en contra de la imposici\u00f3n o sea en contra de c\u00f3mo lleg\u00f3 a ser regidora en el Ayuntamiento de Culiac\u00e1n.<\/div>\n<div>El tema aqu\u00ed es importante analizarlo es qui\u00e9n o qu\u00e9 motivos la llevaron a hacer esas declaraciones superfluas que solamente ven a meterle ruido a un proceso ya desgastado de renovaci\u00f3n de la dirigencia estatal del PRI.<\/div>\n<div>Ese comportamiento de la regidora sin duda no viene a abonar nada, pero lo m\u00e1s importante es que pone al descubierto todav\u00eda que existen personas que est\u00e1n en contra de las alianzas y ponen a un t\u00edtere a comentarlo.<\/div>\n<div>Esto le mete mucho ruido que una regidora que, antes de ser edil en el Ayuntamiento de Culiac\u00e1n con el Jes\u00fas Estrada Ferreiro no era nadie en el \u00e1mbito pol\u00edtico y ahora con esto en lugar de abonarle a su partido le resta<\/div>\n<div>Qu\u00e9 bonita familia\u2026<\/div>\n<div>ENROQUES<\/div>\n<div>A fin de eficientar su gobierno, el mandatario Rub\u00e9n Rocha Moya, tom\u00f3 protesta a tres funcionarios que viene a darle oxigenaci\u00f3n a las \u00e1reas de su gobierno y establecer mecanismos importantes para servir a los sinaloenses.<\/div>\n<div>Los nombramientos son: Jos\u00e9 Lorenzo Meza Garc\u00eda como director general del Instituto Tecnol\u00f3gico Superior de Guasave, Cruz No\u00e9 Heredia Ay\u00f3n como director general del Desarrollo Urbano Tres R\u00edos y a Francisco Antonio Casta\u00f1eda Verduzco como director general de la Comisi\u00f3n de Vivienda del Estado de Sinaloa.<\/div>\n<div>El mandatario estatal resalt\u00f3 que fueron los sinaloenses quienes se han pronunciado por un gobierno con visi\u00f3n humanista y social y eso les encargo a los funcionarios.<\/div>\n<div>Jos\u00e9 Lorenzo Meza Garc\u00eda cuenta actualmente con un doctorado en biotecnolog\u00eda agr\u00edcola y es profesor de tiempo completo e investigador en la Universidad Aut\u00f3noma de Occidente Unidad Regional Guasave.<\/div>\n<div>Cruz No\u00e9 Heredia Ay\u00f3n es egresado de la Maestr\u00eda en Gesti\u00f3n y Pol\u00edticas P\u00fablicas y se ha desempe\u00f1ado como servidor p\u00fablico en el CVIVE, en el Sistema Estatal de Seguridad P\u00fablica, adem\u00e1s fue diputado local y regidor por Culiac\u00e1n.<\/div>\n<div>Francisco Antonio Casta\u00f1eda Verduzco se ha desempe\u00f1ado en el servicio p\u00fablico como Subsecretario de Gobierno, y como director de Isdesol; adem\u00e1s de haber sido presidente municipal de Culiac\u00e1n y diputado local.<\/div>\n<div>As\u00ed las cosas, los cambios son buenos.<\/div>\n<div>LA NOVEDAD<\/div>\n<div>Se alistan los preparativos para la integraci\u00f3n completa de dos nuevos municipios a Sinaloa Eldorado y Juan Jose Rios, es por esta raz\u00f3n que se realiz\u00f3 una reuni\u00f3n para continuar con el proceso y concretar la redistritaci\u00f3n electoral.<\/div>\n<div>El Congreso del Estado de Sinaloa en conjunto con autoridades municipales y estatales acord\u00f3 crear dos grupos de trabajo y defini\u00f3 la metodolog\u00eda t\u00e9cnica para su realizaci\u00f3n y con ello cumplir en tiempo y forma con este procedimiento.<\/div>\n<div>Jos\u00e9 Antonio R\u00edos Rojo, secretario general del Congreso, indic\u00f3 que la idea central es establecer la geolocalizaci\u00f3n con las coordenadas exactas de ambos municipios y con ello crear un plano poligonal que servir\u00e1 de base al Instituto Nacional Electoral en su proceso de redistritaci\u00f3n 2021-2023.<\/div>\n<div>R\u00edos Rojo resalt\u00f3 que tambi\u00e9n se aprob\u00f3 utilizar la metodolog\u00eda planteada por el Instituto de Planeaci\u00f3n de Culiac\u00e1n y las herramientas tecnol\u00f3gicas del Instituto Nacional de Estad\u00edstica y Geograf\u00eda y del Instituto Catastral de Sinaloa.<\/div>\n<div>En estos trabajos coordinados por el Congreso del Estado participan los municipios de El Fuerte, Sinaloa, Ahome, Guasave y Culiac\u00e1n, que son colindantes con los nuevos municipios de Eldorado y Guasave.<\/div>\n<div>Sinaloa est\u00e1 apunto de ver nacer, despu\u00e9s de varias d\u00e9cadas, dos nuevos municipios, \u00bfqu\u00e9 problemas traer\u00e1n? \u00bfqu\u00e9 consecuencias fiscales econ\u00f3micas y sociales suceder\u00e1n una vez que se instalen estos nuevos municipios?<\/div>\n<div>Nadie sabe, la incertidumbre es en el aire.<\/div>\n<div>mlizarraga1@entreveredas.com.mx<\/div>\n<div>Facebook, Instagram y Twitter: PeriodistaMarco<\/div>\n<\/div>\n<div><\/div>\n","protected":false},"excerpt":{"rendered":"<p>Entre Veredas Marco Antonio Liz\u00e1rraga \u201cLa verdadera grandeza, no necesita la humillaci\u00f3n del resto\u201d, Amado Nervo EL CACHIRUL En el Congreso de Sinaloa, la bancada del PRI est\u00e1 dando gato por liebre, pues de acuerdo a lo que hemos checado, el diputado Luis Javier de la Rocha Zazueta quien ser\u00e1 todo menos priista, por lo que no entendemos que incluso est\u00e9 apareciendo en actos p\u00fablicos como militante de ese partido. Una jugada maestra que se avent\u00f3 en su tiempo de la alianza Va por Sinaloa, Jes\u00fas Zambrano l\u00edder nacional del PRD y Miguel \u00c1ngel Osorio Chong donde para garantizar la [&hellip;]<\/p>\n","protected":false},"author":3,"featured_media":4106,"comment_status":"open","ping_status":"open","sticky":false,"template":"","format":"standard","meta":{"_jetpack_newsletter_access":"","_jetpack_dont_email_post_to_subs":false,"_jetpack_newsletter_tier_id":0,"_jetpack_memberships_contains_paywalled_content":false,"_jetpack_feature_clip_id":0,"_jetpack_memberships_contains_paid_content":false,"footnotes":"","jetpack_publicize_message":"","jetpack_publicize_feature_enabled":true,"jetpack_social_post_already_shared":true,"jetpack_social_options":{"image_generator_settings":{"template":"highway","default_image_id":0,"font":"","enabled":false},"version":2},"jetpack_post_was_ever_published":false},"categories":[79],"tags":[],"class_list":["post-26223","post","type-post","status-publish","format-standard","has-post-thumbnail","hentry","category-columnistas-nacionales","post--single"],"jetpack_publicize_connections":[],"jetpack_featured_media_url":"https:\/\/ovelanalista.com\/wp-content\/uploads\/2021\/10\/entre-veredas-columna.jpg","jetpack_sharing_enabled":true,"_links":{"self":[{"href":"https:\/\/ovelanalista.com\/index.php?rest_route=\/wp\/v2\/posts\/26223","targetHints":{"allow":["GET"]}}],"collection":[{"href":"https:\/\/ovelanalista.com\/index.php?rest_route=\/wp\/v2\/posts"}],"about":[{"href":"https:\/\/ovelanalista.com\/index.php?rest_route=\/wp\/v2\/types\/post"}],"author":[{"embeddable":true,"href":"https:\/\/ovelanalista.com\/index.php?rest_route=\/wp\/v2\/users\/3"}],"replies":[{"embeddable":true,"href":"https:\/\/ovelanalista.com\/index.php?rest_route=%2Fwp%2Fv2%2Fcomments&post=26223"}],"version-history":[{"count":1,"href":"https:\/\/ovelanalista.com\/index.php?rest_route=\/wp\/v2\/posts\/26223\/revisions"}],"predecessor-version":[{"id":26224,"href":"https:\/\/ovelanalista.com\/index.php?rest_route=\/wp\/v2\/posts\/26223\/revisions\/26224"}],"wp:featuredmedia":[{"embeddable":true,"href":"https:\/\/ovelanalista.com\/index.php?rest_route=\/wp\/v2\/media\/4106"}],"wp:attachment":[{"href":"https:\/\/ovelanalista.com\/index.php?rest_route=%2Fwp%2Fv2%2Fmedia&parent=26223"}],"wp:term":[{"taxonomy":"category","embeddable":true,"href":"https:\/\/ovelanalista.com\/index.php?rest_route=%2Fwp%2Fv2%2Fcategories&post=26223"},{"taxonomy":"post_tag","embeddable":true,"href":"https:\/\/ovelanalista.com\/index.php?rest_route=%2Fwp%2Fv2%2Ftags&post=26223"}],"curies":[{"name":"wp","href":"https:\/\/api.w.org\/{rel}","templated":true}]}}