{"id":26235,"date":"2022-03-24T13:25:04","date_gmt":"2022-03-24T20:25:04","guid":{"rendered":"https:\/\/ovelanalista.com\/?p=26235"},"modified":"2022-03-24T12:14:23","modified_gmt":"2022-03-24T19:14:23","slug":"alerta-pan-que-proyecto-de-la-suprema-corte-concreta-reforma-electrica-de-amlo","status":"publish","type":"post","link":"https:\/\/ovelanalista.com\/?p=26235","title":{"rendered":"Alerta PAN que proyecto de la Suprema Corte concreta reforma el\u00e9ctrica de AMLO"},"content":{"rendered":"<p>Alerta PAN que proyecto de la Suprema Corte concreta reforma el\u00e9ctrica de AMLO El senador del PAN,<a tabindex=\"0\" href=\"https:\/\/www.eluniversal.com.mx\/tag\/damian-zepeda\" target=\"_blank\" rel=\"noopener\" data-id=\"104\" data-m=\"{&quot;i&quot;:104,&quot;p&quot;:101,&quot;n&quot;:&quot;partnerLink&quot;,&quot;y&quot;:24,&quot;o&quot;:3}\">\u00a0<strong>Dami\u00e1n Zepeda,<\/strong><\/a>\u00a0alert\u00f3 que un proyecto de la Suprema Corte de Justicia de la Naci\u00f3n (<strong>SCJN<\/strong>) presentado por la ministra Loretta Ortiz, que ser\u00e1 un duro golpe para los mexicanos, pues concretar\u00e1 en la pr\u00e1ctica y en los hechos, y \u201cpor la puerta de atr\u00e1s\u201d, la\u00a0<strong><a tabindex=\"0\" href=\"https:\/\/www.eluniversal.com.mx\/tag\/reforma-electrica\" target=\"_blank\" rel=\"noopener\" data-id=\"105\" data-m=\"{&quot;i&quot;:105,&quot;p&quot;:101,&quot;n&quot;:&quot;partnerLink&quot;,&quot;y&quot;:24,&quot;o&quot;:4}\">reforma el\u00e9ctrica<\/a><\/strong>\u00a0del presidente\u00a0<strong>Andr\u00e9s Manuel L\u00f3pez Obrador.<\/strong><\/p>\n<p>\u201cSolo necesitan cuatro votos del pleno de la Suprema Corte de Justicia de la Naci\u00f3n para avalar este proyecto que permitir\u00e1 energ\u00eda sucia y cara como lo propone la iniciativa presidencial\u201d, dijo en rueda de prensa.<\/p>\n<p>El legislador panista advirti\u00f3 que m\u00e1s all\u00e1 de la reforma que se est\u00e1 debatiendo en el\u00a0<a tabindex=\"0\" href=\"https:\/\/www.eluniversal.com.mx\/nacion\" target=\"_blank\" rel=\"noopener\" data-id=\"106\" data-m=\"{&quot;i&quot;:106,&quot;p&quot;:101,&quot;n&quot;:&quot;partnerLink&quot;,&quot;y&quot;:24,&quot;o&quot;:5}\"><strong>Congreso de la Uni\u00f3n,\u00a0<\/strong><\/a>ante la evidente falta de los votos que requieren para hacer la reforma constitucional, lo que est\u00e1n buscando es permitir, v\u00eda la Corte, que la Comisi\u00f3n Federal de Electricidad (<strong>CFE<\/strong>) haga \u201clo que le venga en gana\u201d.<\/p>\n<p>A los partidos de oposici\u00f3n, incluido el PAN, Zepeda les advirti\u00f3 que no se vale llorar lo que no defendieron con sus votos, pues es culpa de las bancadas opositoras que\u00a0<strong>Loretta Ortiz\u00a0<\/strong>obtuvo el apoyo necesario para convertirse en ministra de la SCJN.<\/p>\n<div class=\"embed\"><\/div>\n<p>\u201cYo hoy quiero alzar la voz y alertar lo que esto significa: es un golpe al bolsillo de los mexicanos, es un\u00a0<strong>golpe al medio ambiente<\/strong>, y lamentablemente viene como se los dije, de la falta de car\u00e1cter y de voluntad de la oposici\u00f3n en el\u00a0<strong>Senado de<\/strong>\u00a0<strong>la Rep\u00fablica<\/strong>, que se pusieron de acuerdo con cabildeos lamentables, incluyendo a mi partido pol\u00edtico, y que dieron los votos a una ministra que claramente iba a tener una actitud de subordinaci\u00f3n o de simpat\u00eda ante el gobierno de la Rep\u00fablica\u201d, denunci\u00f3.<\/p>\n<p>Dami\u00e1n Zepeda insisti\u00f3 en que el PAN no va a aprobar la\u00a0<strong>reforma el\u00e9ctrica\u00a0<\/strong>del presidente L\u00f3pez Obrador, porque impulsa energ\u00eda cara y sucia, en lugar de limpia y barata.<\/p>\n<p>\u201cLa reforma el\u00e9ctrica es da\u00f1ina, el gobierno y la CFE generan energ\u00eda m\u00e1s cara, al doble del costo en base a ciclo combinado de gas, y hasta cuatro veces m\u00e1s cara que\u00a0<strong>energ\u00edas renovables\u00a0<\/strong>a largo plazo con productores independientes privados\u201d, puntualiz\u00f3.<\/p>\n<p>&nbsp;<\/p>\n<p>Con informaci\u00f3n de El Universal<\/p>\n","protected":false},"excerpt":{"rendered":"<p>Alerta PAN que proyecto de la Suprema Corte concreta reforma el\u00e9ctrica de AMLO El senador del PAN,\u00a0Dami\u00e1n Zepeda,\u00a0alert\u00f3 que un proyecto de la Suprema Corte de Justicia de la Naci\u00f3n (SCJN) presentado por la ministra Loretta Ortiz, que ser\u00e1 un duro golpe para los mexicanos, pues concretar\u00e1 en la pr\u00e1ctica y en los hechos, y \u201cpor la puerta de atr\u00e1s\u201d, la\u00a0reforma el\u00e9ctrica\u00a0del presidente\u00a0Andr\u00e9s Manuel L\u00f3pez Obrador. \u201cSolo necesitan cuatro votos del pleno de la Suprema Corte de Justicia de la Naci\u00f3n para avalar este proyecto que permitir\u00e1 energ\u00eda sucia y cara como lo propone la iniciativa presidencial\u201d, dijo en rueda [&hellip;]<\/p>\n","protected":false},"author":3,"featured_media":26236,"comment_status":"open","ping_status":"open","sticky":false,"template":"","format":"standard","meta":{"_jetpack_newsletter_access":"","_jetpack_dont_email_post_to_subs":false,"_jetpack_newsletter_tier_id":0,"_jetpack_memberships_contains_paywalled_content":false,"_jetpack_feature_clip_id":0,"_jetpack_memberships_contains_paid_content":false,"footnotes":"","jetpack_publicize_message":"","jetpack_publicize_feature_enabled":true,"jetpack_social_post_already_shared":true,"jetpack_social_options":{"image_generator_settings":{"template":"highway","default_image_id":0,"font":"","enabled":false},"version":2},"jetpack_post_was_ever_published":false},"categories":[75,72],"tags":[],"class_list":["post-26235","post","type-post","status-publish","format-standard","has-post-thumbnail","hentry","category-nacional","category-portada","post--single"],"jetpack_publicize_connections":[],"jetpack_featured_media_url":"https:\/\/ovelanalista.com\/wp-content\/uploads\/2022\/03\/Damian-Zepeda.jpeg","jetpack_sharing_enabled":true,"_links":{"self":[{"href":"https:\/\/ovelanalista.com\/index.php?rest_route=\/wp\/v2\/posts\/26235","targetHints":{"allow":["GET"]}}],"collection":[{"href":"https:\/\/ovelanalista.com\/index.php?rest_route=\/wp\/v2\/posts"}],"about":[{"href":"https:\/\/ovelanalista.com\/index.php?rest_route=\/wp\/v2\/types\/post"}],"author":[{"embeddable":true,"href":"https:\/\/ovelanalista.com\/index.php?rest_route=\/wp\/v2\/users\/3"}],"replies":[{"embeddable":true,"href":"https:\/\/ovelanalista.com\/index.php?rest_route=%2Fwp%2Fv2%2Fcomments&post=26235"}],"version-history":[{"count":1,"href":"https:\/\/ovelanalista.com\/index.php?rest_route=\/wp\/v2\/posts\/26235\/revisions"}],"predecessor-version":[{"id":26237,"href":"https:\/\/ovelanalista.com\/index.php?rest_route=\/wp\/v2\/posts\/26235\/revisions\/26237"}],"wp:featuredmedia":[{"embeddable":true,"href":"https:\/\/ovelanalista.com\/index.php?rest_route=\/wp\/v2\/media\/26236"}],"wp:attachment":[{"href":"https:\/\/ovelanalista.com\/index.php?rest_route=%2Fwp%2Fv2%2Fmedia&parent=26235"}],"wp:term":[{"taxonomy":"category","embeddable":true,"href":"https:\/\/ovelanalista.com\/index.php?rest_route=%2Fwp%2Fv2%2Fcategories&post=26235"},{"taxonomy":"post_tag","embeddable":true,"href":"https:\/\/ovelanalista.com\/index.php?rest_route=%2Fwp%2Fv2%2Ftags&post=26235"}],"curies":[{"name":"wp","href":"https:\/\/api.w.org\/{rel}","templated":true}]}}