{"id":26257,"date":"2022-03-24T14:40:07","date_gmt":"2022-03-24T21:40:07","guid":{"rendered":"https:\/\/ovelanalista.com\/?p=26257"},"modified":"2022-03-24T14:35:41","modified_gmt":"2022-03-24T21:35:41","slug":"y-la-autonomia-reaccionan-a-adelanto-que-hizo-amlo-al-banxico-sobre-tasa-de-interes","status":"publish","type":"post","link":"https:\/\/ovelanalista.com\/?p=26257","title":{"rendered":"&#8220;\u00bfY la autonom\u00eda?&#8221;: Reaccionan a &#8220;adelanto&#8221; que hizo AMLO al Banxico sobre tasa de inter\u00e9s"},"content":{"rendered":"<p>&#8220;\u00bfY la autonom\u00eda?&#8221;: Reaccionan a &#8220;adelanto&#8221; que hizo AMLO al Banxico sobre tasa de inter\u00e9s Luego de que este jueves el presidente\u00a0<strong>Andr\u00e9s Manuel L\u00f3pez Obrador<\/strong>\u00a0<strong><a tabindex=\"0\" href=\"https:\/\/www.eluniversal.com.mx\/cartera\/amlo-se-adelanta-banxico-se-tendra-una-tasa-de-interes-de-65-dice\" target=\"_blank\" rel=\"noopener\" data-id=\"104\" data-m=\"{&quot;i&quot;:104,&quot;p&quot;:101,&quot;n&quot;:&quot;partnerLink&quot;,&quot;y&quot;:24,&quot;o&quot;:3}\">se adelant\u00f3 al Banco de M\u00e9xico<\/a><\/strong>\u00a0(<strong>Banxico<\/strong>) y revel\u00f3 que se tendr\u00eda una tasa de inter\u00e9s a 6.5%, a trav\u00e9s de redes sociales cuestionaron la autonom\u00eda de la instituci\u00f3n.<\/p>\n<p>&#8220;Ayer aqu\u00ed en M\u00e9xico, el Banco de M\u00e9xico aument\u00f3 la tasa de inter\u00e9s .50, vamos a tener una tasa de inter\u00e9s de 6.5\u201d, indic\u00f3 L\u00f3pez Obrador en su conferencia ma\u00f1anera de este jueves, al destacar la\u00a0<strong>autonom\u00eda\u00a0<\/strong>de Banxico.<\/p>\n<p>\u201c\u00a1\u00a1No puedo creer que el presidente haya anunciado la decisi\u00f3n de tasas de Banco de M\u00e9xico!! Sigo en shock. \u00bfY la autonom\u00eda? \u00bfY la gobernadora? \u00bfY las instituciones? S\u00ed&#8230; ya s\u00e9 que esta \u00faltima es ret\u00f3rica, pero las otras dos preguntas hab\u00eda quien todav\u00eda dec\u00eda que todo ok\u201d, escribi\u00f3<strong>\u00a0Valeria Moy<\/strong>, directora del Instituto Mexicano de la Competitividad y columnista de\u00a0<strong><a tabindex=\"0\" href=\"https:\/\/www.eluniversal.com.mx\/\" target=\"_blank\" rel=\"noopener\" data-id=\"105\" data-m=\"{&quot;i&quot;:105,&quot;p&quot;:101,&quot;n&quot;:&quot;partnerLink&quot;,&quot;y&quot;:24,&quot;o&quot;:4}\">EL UNIVERSAL<\/a><\/strong>.<\/p>\n<p>\u201cPues ser\u00e1 el sereno, pero a mi me parece una falta de respeto enorme hacia la instituci\u00f3n y hacia la gobernadora del Banco. Se tiene que decir\u201d, agreg\u00f3 Moy.<\/p>\n<blockquote class=\"twitter-tweet\" data-width=\"550\" data-dnt=\"true\">\n<p lang=\"es\" dir=\"ltr\">\u00a1\u00a1No puedo creer que el presidente haya anunciado la decisi\u00f3n de tasas de Banco de M\u00e9xico!! Sigo en shock. \u00bfY la autonom\u00eda? \u00bfY la gobernadora? \u00bfY las instituciones? S\u00ed&#8230; ya s\u00e9 que esta \u00faltima es ret\u00f3rica, pero las otras dos preguntas hab\u00eda quien todav\u00eda dec\u00eda que todo ok. \ud83d\ude47\ud83c\udffc\u200d\u2640\ufe0f\ud83d\ude46\ud83c\udffc\u200d\u2640\ufe0f <a href=\"https:\/\/t.co\/uVZSXE5H9r\">https:\/\/t.co\/uVZSXE5H9r<\/a><\/p>\n<p>&mdash; Valeria Moy (@ValeriaMoy) <a href=\"https:\/\/twitter.com\/ValeriaMoy\/status\/1507015112497897487?ref_src=twsrc%5Etfw\">March 24, 2022<\/a><\/p><\/blockquote>\n<p><script async src=\"https:\/\/platform.twitter.com\/widgets.js\" charset=\"utf-8\"><\/script><\/p>\n<p><strong>Mario Di Costanzo<\/strong>, exdiputado y economista, dijo que \u201cel adelanto\u201d de L\u00f3pez Obrador adem\u00e1s puede afectar la subasta de cetes.<\/p>\n<blockquote class=\"twitter-tweet\" data-width=\"550\" data-dnt=\"true\">\n<p lang=\"es\" dir=\"ltr\">AMLO se adelanta a Banxico; &quot;se tendr\u00e1 una tasa de inter\u00e9s de 6.5%&quot;, dice. NO S\u00d3LO VULNERA , LA AUTONOM\u00cdA DE \u2066<a href=\"https:\/\/twitter.com\/Banxico?ref_src=twsrc%5Etfw\">@Banxico<\/a>\u2069 , ADEM\u00c1S PUEDE AFECTAR LA SUBASTA DE CETES !!  <a href=\"https:\/\/t.co\/AR6Khzb6JH\">https:\/\/t.co\/AR6Khzb6JH<\/a> <a href=\"https:\/\/t.co\/kahhuoJnS2\">pic.twitter.com\/kahhuoJnS2<\/a><\/p>\n<p>&mdash; Mario Di Costanzo (@mario_dico50) <a href=\"https:\/\/twitter.com\/mario_dico50\/status\/1507042951968530432?ref_src=twsrc%5Etfw\">March 24, 2022<\/a><\/p><\/blockquote>\n<p><script async src=\"https:\/\/platform.twitter.com\/widgets.js\" charset=\"utf-8\"><\/script><\/p>\n<p>\u201cComo muchos , me cans\u00e9 de advertir que la Gobernadora de Banxico\u2069 NO ten\u00eda experiencia y NO garantizaba AUTONOM\u00cdA . Y ah\u00ed est\u00e1 el resultado !\u201d, agreg\u00f3 Di Costanzo.<\/p>\n<p>\u201cEl presidente revel\u00f3 lo que anunciar\u00e1 hoy Banco de M\u00e9xico. Banxico es aut\u00f3nomo y esto es visto como un esc\u00e1ndalo. Nunca antes se hab\u00eda filtrado una decisi\u00f3n de pol\u00edtica monetaria en M\u00e9xico y que sea el presidente quien lo haga genera preocupaci\u00f3n por la autonom\u00eda del banco central\u201d, escribi\u00f3\u00a0<strong>Gabriela Siller Pagaza<\/strong>, directora de An\u00e1lisis Econ\u00f3mico en Grupo Financiero BASE.<\/p>\n<blockquote class=\"twitter-tweet\" data-width=\"550\" data-dnt=\"true\">\n<p lang=\"es\" dir=\"ltr\">El presidente revel\u00f3 lo que anunciar\u00e1 hoy Banco de M\u00e9xico. <a href=\"https:\/\/twitter.com\/Banxico?ref_src=twsrc%5Etfw\">@Banxico<\/a> es aut\u00f3nomo y esto es visto como un esc\u00e1ndalo. Nunca antes se hab\u00eda filtrado una decisi\u00f3n de pol. monetaria en M\u00e9xico y que sea el presidente quien lo haga genera preocupaci\u00f3n por la autonom\u00eda del banco central.<\/p>\n<p>&mdash; Gabriela Siller Pagaza (@GabySillerP) <a href=\"https:\/\/twitter.com\/GabySillerP\/status\/1507014323188633600?ref_src=twsrc%5Etfw\">March 24, 2022<\/a><\/p><\/blockquote>\n<p><script async src=\"https:\/\/platform.twitter.com\/widgets.js\" charset=\"utf-8\"><\/script><\/p>\n<p>\u201cComo muchos , me cans\u00e9 de advertir que la Gobernadora de Banxico\u2069 NO ten\u00eda experiencia y NO garantizaba AUTONOM\u00cdA . Y ah\u00ed est\u00e1 el resultado !\u201d, agreg\u00f3 Di Costanzo.<\/p>\n<p>\u201cEl presidente revel\u00f3 lo que anunciar\u00e1 hoy Banco de M\u00e9xico. Banxico es aut\u00f3nomo y esto es visto como un esc\u00e1ndalo. Nunca antes se hab\u00eda filtrado una decisi\u00f3n de pol\u00edtica monetaria en M\u00e9xico y que sea el presidente quien lo haga genera preocupaci\u00f3n por la autonom\u00eda del banco central\u201d, escribi\u00f3\u00a0<strong>Gabriela Siller Pagaza<\/strong>, directora de An\u00e1lisis Econ\u00f3mico en Grupo Financiero BASE.<\/p>\n<blockquote class=\"twitter-tweet\" data-width=\"550\" data-dnt=\"true\">\n<p lang=\"es\" dir=\"ltr\">El presidente revel\u00f3 lo que anunciar\u00e1 hoy Banco de M\u00e9xico. <a href=\"https:\/\/twitter.com\/Banxico?ref_src=twsrc%5Etfw\">@Banxico<\/a> es aut\u00f3nomo y esto es visto como un esc\u00e1ndalo. Nunca antes se hab\u00eda filtrado una decisi\u00f3n de pol. monetaria en M\u00e9xico y que sea el presidente quien lo haga genera preocupaci\u00f3n por la autonom\u00eda del banco central.<\/p>\n<p>&mdash; Gabriela Siller Pagaza (@GabySillerP) <a href=\"https:\/\/twitter.com\/GabySillerP\/status\/1507014323188633600?ref_src=twsrc%5Etfw\">March 24, 2022<\/a><\/p><\/blockquote>\n<p><script async src=\"https:\/\/platform.twitter.com\/widgets.js\" charset=\"utf-8\"><\/script><\/p>\n<p>El abogado\u00a0<strong>Javier Mart\u00edn Reyes<\/strong>\u00a0refiri\u00f3 que el hecho de que el presidente de M\u00e9xico haya filtrado la decisi\u00f3n de Banxico \u201cno solo es irresponsable, sino ilegal\u201d.<\/p>\n<p>\u201cQuienes asisten a las sesiones de la Junta de Gobierno deben guardar confidencialidad sobre los asuntos que se traten. Qu\u00e9 manera tan burda de vulnerar la autonom\u00eda del Banco\u201d, a\u00f1adi\u00f3.<\/p>\n<p>&nbsp;<\/p>\n<blockquote class=\"twitter-tweet\" data-width=\"550\" data-dnt=\"true\">\n<p lang=\"es\" dir=\"ltr\">Que <a href=\"https:\/\/twitter.com\/lopezobrador_?ref_src=twsrc%5Etfw\">@lopezobrador_<\/a> haya filtrado la decisi\u00f3n de <a href=\"https:\/\/twitter.com\/Banxico?ref_src=twsrc%5Etfw\">@Banxico<\/a> no s\u00f3lo es irresponsable, sino ilegal.<\/p>\n<p>Quienes asisten a las sesiones de la Junta de Gobierno deben guardar confidencialidad sobre los asuntos que se traten: \ud83d\udc47<\/p>\n<p>Qu\u00e9 manera tan burda de vulnerar la autonom\u00eda del Banco. <a href=\"https:\/\/t.co\/IN9lW3tr5v\">pic.twitter.com\/IN9lW3tr5v<\/a><\/p>\n<p>&mdash; Javier Mart\u00edn Reyes (@jmartinreyes) <a href=\"https:\/\/twitter.com\/jmartinreyes\/status\/1507039762913415174?ref_src=twsrc%5Etfw\">March 24, 2022<\/a><\/p><\/blockquote>\n<p><script async src=\"https:\/\/platform.twitter.com\/widgets.js\" charset=\"utf-8\"><\/script><\/p>\n<p>\u201cOJO: Banxico tiene que salir a condenar, en calidad de URGENTE, lo que sucedi\u00f3 hoy en la ma\u00f1anera. Es la \u00fanica forma en que puedan salvar (un poco) su Autonom\u00eda Constitucional\u201d, dijo el financiero<strong>\u00a0Luis Gonzali<\/strong>.<\/p>\n<blockquote class=\"twitter-tweet\" data-width=\"550\" data-dnt=\"true\">\n<p lang=\"es\" dir=\"ltr\">Bueno, pues AMLO ya nos adelant\u00f3 que Banxico subir\u00e1 la tasa a 6.50% con voto un\u00e1nime hoy a la 1.<br \/>\u00bfDe d\u00f3nde le habr\u00e1 llegado la informaci\u00f3n? Varios sospechosos: Rodr\u00edguez? Yorio? Ram\u00edrez de la O?<br \/>Cualquiera que sea el caso, esto NO abona a la idea de independencia del Banco.<\/p>\n<p>&mdash; Luis Gonzali (@LuisGonzali) <a href=\"https:\/\/twitter.com\/LuisGonzali\/status\/1507012447734931466?ref_src=twsrc%5Etfw\">March 24, 2022<\/a><\/p><\/blockquote>\n<p><script async src=\"https:\/\/platform.twitter.com\/widgets.js\" charset=\"utf-8\"><\/script><\/p>\n<p>\u201cGrave error del presidente L\u00f3pez Obrador anticiparse al anuncio de @Banxico . No creo que afecte su\u00a0 autonom\u00eda, pero s\u00ed da\u00f1a imagen y credibilidad de una instituci\u00f3n fundamental. Los bancos en general, y los bancos centrales en particular, dependen de su credibilidad\u201d, escribi\u00f3 el analista Gabriel Guerra.<\/p>\n<p>&nbsp;<\/p>\n<p>Con informaci\u00f3n de El Universal<\/p>\n","protected":false},"excerpt":{"rendered":"<p>&#8220;\u00bfY la autonom\u00eda?&#8221;: Reaccionan a &#8220;adelanto&#8221; que hizo AMLO al Banxico sobre tasa de inter\u00e9s Luego de que este jueves el presidente\u00a0Andr\u00e9s Manuel L\u00f3pez Obrador\u00a0se adelant\u00f3 al Banco de M\u00e9xico\u00a0(Banxico) y revel\u00f3 que se tendr\u00eda una tasa de inter\u00e9s a 6.5%, a trav\u00e9s de redes sociales cuestionaron la autonom\u00eda de la instituci\u00f3n. &#8220;Ayer aqu\u00ed en M\u00e9xico, el Banco de M\u00e9xico aument\u00f3 la tasa de inter\u00e9s .50, vamos a tener una tasa de inter\u00e9s de 6.5\u201d, indic\u00f3 L\u00f3pez Obrador en su conferencia ma\u00f1anera de este jueves, al destacar la\u00a0autonom\u00eda\u00a0de Banxico. \u201c\u00a1\u00a1No puedo creer que el presidente haya anunciado la decisi\u00f3n de [&hellip;]<\/p>\n","protected":false},"author":3,"featured_media":26258,"comment_status":"open","ping_status":"open","sticky":false,"template":"","format":"standard","meta":{"_jetpack_newsletter_access":"","_jetpack_dont_email_post_to_subs":false,"_jetpack_newsletter_tier_id":0,"_jetpack_memberships_contains_paywalled_content":false,"_jetpack_feature_clip_id":0,"_jetpack_memberships_contains_paid_content":false,"footnotes":"","jetpack_publicize_message":"","jetpack_publicize_feature_enabled":true,"jetpack_social_post_already_shared":true,"jetpack_social_options":{"image_generator_settings":{"template":"highway","default_image_id":0,"font":"","enabled":false},"version":2},"jetpack_post_was_ever_published":false},"categories":[75,72],"tags":[],"class_list":["post-26257","post","type-post","status-publish","format-standard","has-post-thumbnail","hentry","category-nacional","category-portada","post--single"],"jetpack_publicize_connections":[],"jetpack_featured_media_url":"https:\/\/ovelanalista.com\/wp-content\/uploads\/2022\/03\/banco-amlo.jpeg","jetpack_sharing_enabled":true,"_links":{"self":[{"href":"https:\/\/ovelanalista.com\/index.php?rest_route=\/wp\/v2\/posts\/26257","targetHints":{"allow":["GET"]}}],"collection":[{"href":"https:\/\/ovelanalista.com\/index.php?rest_route=\/wp\/v2\/posts"}],"about":[{"href":"https:\/\/ovelanalista.com\/index.php?rest_route=\/wp\/v2\/types\/post"}],"author":[{"embeddable":true,"href":"https:\/\/ovelanalista.com\/index.php?rest_route=\/wp\/v2\/users\/3"}],"replies":[{"embeddable":true,"href":"https:\/\/ovelanalista.com\/index.php?rest_route=%2Fwp%2Fv2%2Fcomments&post=26257"}],"version-history":[{"count":1,"href":"https:\/\/ovelanalista.com\/index.php?rest_route=\/wp\/v2\/posts\/26257\/revisions"}],"predecessor-version":[{"id":26259,"href":"https:\/\/ovelanalista.com\/index.php?rest_route=\/wp\/v2\/posts\/26257\/revisions\/26259"}],"wp:featuredmedia":[{"embeddable":true,"href":"https:\/\/ovelanalista.com\/index.php?rest_route=\/wp\/v2\/media\/26258"}],"wp:attachment":[{"href":"https:\/\/ovelanalista.com\/index.php?rest_route=%2Fwp%2Fv2%2Fmedia&parent=26257"}],"wp:term":[{"taxonomy":"category","embeddable":true,"href":"https:\/\/ovelanalista.com\/index.php?rest_route=%2Fwp%2Fv2%2Fcategories&post=26257"},{"taxonomy":"post_tag","embeddable":true,"href":"https:\/\/ovelanalista.com\/index.php?rest_route=%2Fwp%2Fv2%2Ftags&post=26257"}],"curies":[{"name":"wp","href":"https:\/\/api.w.org\/{rel}","templated":true}]}}