{"id":26651,"date":"2022-03-28T10:04:00","date_gmt":"2022-03-28T17:04:00","guid":{"rendered":"https:\/\/ovelanalista.com\/?p=26651"},"modified":"2022-03-28T10:04:00","modified_gmt":"2022-03-28T17:04:00","slug":"como-dora-la-exploradora-amlo-pide-que-se-busque-donde-votar-para-la-revocacion-de-mandato","status":"publish","type":"post","link":"https:\/\/ovelanalista.com\/?p=26651","title":{"rendered":"&#8220;Como Dora la Exploradora&#8221;, AMLO pide que se busque d\u00f3nde votar para la revocaci\u00f3n de mandato"},"content":{"rendered":"<p>&#8220;Como Dora la Exploradora&#8221;, AMLO pide que se busque d\u00f3nde votar para la revocaci\u00f3n de mandato Al acusar que el Instituto Nacional Electoral (<strong>INE<\/strong>) no promueve la\u00a0<strong><a tabindex=\"0\" href=\"https:\/\/www.eluniversal.com.mx\/tag\/revocacion-de-mandato\" target=\"_blank\" rel=\"noopener\" data-id=\"105\" data-m=\"{&quot;i&quot;:105,&quot;p&quot;:101,&quot;n&quot;:&quot;partnerLink&quot;,&quot;y&quot;:24,&quot;o&quot;:4}\">consulta de revocaci\u00f3n de mandato<\/a><\/strong>, el presidente<strong>\u00a0Andr\u00e9s Manuel L\u00f3pez Obrador\u00a0<\/strong>pidi\u00f3 que como la caricatura \u201c<strong>Dora la exploradora<\/strong>\u201d, la gente busque d\u00f3nde podr\u00e1 emitir su voto.<\/p>\n<p>En su conferencia\u00a0<strong><a tabindex=\"0\" href=\"https:\/\/www.eluniversal.com.mx\/nacion\/la-mananera-de-amlo-28-de-marzo-minuto-minuto\" target=\"_blank\" rel=\"noopener\" data-id=\"106\" data-m=\"{&quot;i&quot;:106,&quot;p&quot;:101,&quot;n&quot;:&quot;partnerLink&quot;,&quot;y&quot;:24,&quot;o&quot;:5}\">ma\u00f1anera de este lunes<\/a><\/strong>\u00a0en Palacio Nacional, L\u00f3pez Obrador cont\u00f3 que su esposa, la doctora\u00a0<strong>Beatriz Guti\u00e9rrez M\u00fcller<\/strong>, le mostr\u00f3 la imagen de \u201cun cartelito del INE\u201d con el que se promueve la consulta del pr\u00f3ximo 10 de abril.<\/p>\n<p>\u201cEntonces hay que buscar los avisos estos, como Dora la Exploradora\u201d, expres\u00f3 L\u00f3pez Obrador.<\/p>\n<p>\u201cSolo con una lupa se ve el mensaje\u201d, agreg\u00f3 al exhibir \u201cel cartelito\u201d que Guti\u00e9rrez M\u00fcller mostr\u00f3 en redes sociales.<\/p>\n<p>\u201cOjal\u00e1 y se difunda m\u00e1s, y es una muy buena oportunidad para expresarnos, manifestarnos, para hacerlo de manera pac\u00edfica, por la v\u00eda democr\u00e1tica o cu\u00e1ndo es que aceptan la democracia\u201d, dijo.<\/p>\n<p>Sobre el\u00a0<strong><a tabindex=\"0\" href=\"https:\/\/www.eluniversal.com.mx\/nacion\/revocacion-de-mandato-de-amlo-lider-de-frenaaa-vs-youtuber-con-todo-en-primer-debate-del-ine\" target=\"_blank\" rel=\"noopener\" data-id=\"108\" data-m=\"{&quot;i&quot;:108,&quot;p&quot;:101,&quot;n&quot;:&quot;partnerLink&quot;,&quot;y&quot;:24,&quot;o&quot;:7}\">primer debate que organiz\u00f3 el INE<\/a><\/strong>\u00a0el viernes pasado de la consulta de revocaci\u00f3n de mandato, en el que particip\u00f3 el l\u00edder de FRENAAA,\u00a0<strong>Gilberto Lozano<\/strong>, y la youtuber af\u00edn a la 4T,<strong>\u00a0Juncal Solano<\/strong>, L\u00f3pez Obrador dijo que le pareci\u00f3 \u201cbien\u201d, pero se\u00f1al\u00f3 que la gente no se enter\u00f3.<\/p>\n<p>El presidente de M\u00e9xico pidi\u00f3\u00a0 no tenerle miedo al pueblo \u201cy hay que ser dem\u00f3crata de verdad, no autoritario disfrazado de dem\u00f3crata\u201d.<\/p>\n<p>Antes no hab\u00eda tradici\u00f3n democr\u00e1tica ni h\u00e1bito democr\u00e1tico en nuestro pa\u00eds, pero hab\u00eda que iniciar la lucha, se hace camino al andar, agreg\u00f3.<\/p>\n<p>&nbsp;<\/p>\n<p>Con informaci\u00f3n de El Universal<\/p>\n","protected":false},"excerpt":{"rendered":"<p>&#8220;Como Dora la Exploradora&#8221;, AMLO pide que se busque d\u00f3nde votar para la revocaci\u00f3n de mandato Al acusar que el Instituto Nacional Electoral (INE) no promueve la\u00a0consulta de revocaci\u00f3n de mandato, el presidente\u00a0Andr\u00e9s Manuel L\u00f3pez Obrador\u00a0pidi\u00f3 que como la caricatura \u201cDora la exploradora\u201d, la gente busque d\u00f3nde podr\u00e1 emitir su voto. En su conferencia\u00a0ma\u00f1anera de este lunes\u00a0en Palacio Nacional, L\u00f3pez Obrador cont\u00f3 que su esposa, la doctora\u00a0Beatriz Guti\u00e9rrez M\u00fcller, le mostr\u00f3 la imagen de \u201cun cartelito del INE\u201d con el que se promueve la consulta del pr\u00f3ximo 10 de abril. \u201cEntonces hay que buscar los avisos estos, como Dora la [&hellip;]<\/p>\n","protected":false},"author":3,"featured_media":26652,"comment_status":"open","ping_status":"open","sticky":false,"template":"","format":"standard","meta":{"_jetpack_newsletter_access":"","_jetpack_dont_email_post_to_subs":false,"_jetpack_newsletter_tier_id":0,"_jetpack_memberships_contains_paywalled_content":false,"_jetpack_feature_clip_id":0,"_jetpack_memberships_contains_paid_content":false,"footnotes":"","jetpack_publicize_message":"","jetpack_publicize_feature_enabled":true,"jetpack_social_post_already_shared":true,"jetpack_social_options":{"image_generator_settings":{"template":"highway","default_image_id":0,"font":"","enabled":false},"version":2},"jetpack_post_was_ever_published":false},"categories":[75,72],"tags":[],"class_list":["post-26651","post","type-post","status-publish","format-standard","has-post-thumbnail","hentry","category-nacional","category-portada","post--single"],"jetpack_publicize_connections":[],"jetpack_featured_media_url":"https:\/\/ovelanalista.com\/wp-content\/uploads\/2022\/03\/AMLO-dora.jpeg","jetpack_sharing_enabled":true,"_links":{"self":[{"href":"https:\/\/ovelanalista.com\/index.php?rest_route=\/wp\/v2\/posts\/26651","targetHints":{"allow":["GET"]}}],"collection":[{"href":"https:\/\/ovelanalista.com\/index.php?rest_route=\/wp\/v2\/posts"}],"about":[{"href":"https:\/\/ovelanalista.com\/index.php?rest_route=\/wp\/v2\/types\/post"}],"author":[{"embeddable":true,"href":"https:\/\/ovelanalista.com\/index.php?rest_route=\/wp\/v2\/users\/3"}],"replies":[{"embeddable":true,"href":"https:\/\/ovelanalista.com\/index.php?rest_route=%2Fwp%2Fv2%2Fcomments&post=26651"}],"version-history":[{"count":1,"href":"https:\/\/ovelanalista.com\/index.php?rest_route=\/wp\/v2\/posts\/26651\/revisions"}],"predecessor-version":[{"id":26653,"href":"https:\/\/ovelanalista.com\/index.php?rest_route=\/wp\/v2\/posts\/26651\/revisions\/26653"}],"wp:featuredmedia":[{"embeddable":true,"href":"https:\/\/ovelanalista.com\/index.php?rest_route=\/wp\/v2\/media\/26652"}],"wp:attachment":[{"href":"https:\/\/ovelanalista.com\/index.php?rest_route=%2Fwp%2Fv2%2Fmedia&parent=26651"}],"wp:term":[{"taxonomy":"category","embeddable":true,"href":"https:\/\/ovelanalista.com\/index.php?rest_route=%2Fwp%2Fv2%2Fcategories&post=26651"},{"taxonomy":"post_tag","embeddable":true,"href":"https:\/\/ovelanalista.com\/index.php?rest_route=%2Fwp%2Fv2%2Ftags&post=26651"}],"curies":[{"name":"wp","href":"https:\/\/api.w.org\/{rel}","templated":true}]}}