{"id":26687,"date":"2022-03-28T12:10:29","date_gmt":"2022-03-28T19:10:29","guid":{"rendered":"https:\/\/ovelanalista.com\/?p=26687"},"modified":"2022-03-28T11:46:35","modified_gmt":"2022-03-28T18:46:35","slug":"la-corte-se-alista-a-discutir-proyecto-para-liberar-a-familiar-politica-de-gertz","status":"publish","type":"post","link":"https:\/\/ovelanalista.com\/?p=26687","title":{"rendered":"La Corte se alista a discutir proyecto para liberar a familiar pol\u00edtica de Gertz"},"content":{"rendered":"<p>El proyecto que se someter\u00e1 a votaci\u00f3n ma\u00f1ana plantea la liberaci\u00f3n de Alejandra Cuevas Mor\u00e1n, al se\u00f1alar que se utiliz\u00f3 una figura inexistente en la legislaci\u00f3n penal para encarcelarla, y en el caso de la se\u00f1ora Laura Moran, el deber de cuidado que se le impuso a la mujer excede el l\u00edmite \u201cde lo razonable\u201d.<\/p>\n<p>Ciudad de M\u00e9xico.- La <strong>Suprema Corte de Justicia de la Naci\u00f3n<\/strong>\u00a0(<strong>SCJN<\/strong>) discutir\u00e1 el d\u00eda de ma\u00f1ana el proyecto que propone liberar a\u00a0<strong>Alejandra Cuevas Mor\u00e1n<\/strong>, hija de\u00a0<strong>Laura Mor\u00e1n<\/strong>, pareja del fallecido\u00a0<strong>Federico Gertz Manero<\/strong>, hermano del\u00a0<strong>Fiscal General de la Rep\u00fablica<\/strong>,\u00a0<strong>Alejandro Gertz Manero<\/strong>,\u00a0despu\u00e9s de permanecer m\u00e1s de un a\u00f1o encarcelada.<\/p>\n<p>El proyecto elaborado por el Ministro Alfredo Guti\u00e9rrez Ortiz Mena explica que en el caso de Alejandra Cuevas Moran, hijastra del finado hermano de Gertz Manero, se utiliz\u00f3 una figura inexistente en la legislaci\u00f3n penal para encarcelarla, y en el caso de la se\u00f1ora Laura Moran, el deber de cuidado que se le impuso a la mujer excede el l\u00edmite \u201cde lo razonable\u201d.<\/p>\n<div id=\"hybs-mslot-7989-0\" class=\"hybs-mslot\"><\/div>\n<div>\n<section id=\"primary\" class=\"content-area\">\n<div id=\"main\" class=\"site-main\" role=\"main\">\n<article id=\"post-4150385\" class=\"post-4150385 post type-post status-publish format-standard has-post-thumbnail hentry category-destacadas category-mexico category-tiempo-real tag-alejandra-cuevas tag-alejandro-gertz tag-fgr tag-laura-moran tag-scjn tag-suprema-corte\">\n<div class=\"container pt-5\">\n<div class=\"row\">\n<div class=\"col-12 col-md-8\">\n<div class=\"entry-content\">\n<p>Especialistas consultados por\u00a0<strong>SinEmbargo\u00a0<\/strong>indicaron que el proyecto de la Corte y su eventual aprobaci\u00f3n ser\u00eda un rev\u00e9s contra el Fiscal y confirmar\u00eda indirectamente que habr\u00eda usado las instituciones para venganzas personales:<\/p>\n<div id=\"sm-it-main-container-1648492999828\" class=\"sm-it-main-container\" data-it=\"eff8a6d2-d24c-4196-b45a-594b977c39d2\" data-device=\"desktop\" data-index=\"0\">\n<div id=\"sm-alternative-1648492999828\" class=\"sm-alternative\" data-it=\"eff8a6d2-d24c-4196-b45a-594b977c39d2\" data-index=\"0\" data-device=\"desktop\"><\/div>\n<\/div>\n<blockquote><p>\u201cLo que el proyecto est\u00e1 confirmando o diciendo, es que no hay elementos para perseguir a estas personas y eso fortalece la tesis \u2014de la que todos estamos cada vez m\u00e1s ciertos a ra\u00edz de los audios\u2014 de que el Fiscal est\u00e1 utilizando su encargo para hacer una venganza personal; habla justamente que s\u00ed hubo una persecuci\u00f3n personal del Fiscal, una venganza personal y que este caso no debe haber llegado hasta donde lleg\u00f3\u201d, destac\u00f3 Adriana Greaves, confundadora de TOJIL .<\/p><\/blockquote>\n<p><span style=\"color: rgba(0, 0, 0, 0.7); font-size: 1.21429rem;\">Y aunque el fallo tambi\u00e9n supondr\u00eda una derrota personal para el Fiscal Alejandro Gertz Manero, para la especialista, el titular de la Fiscal\u00eda a\u00fan gana en el \u00e1mbito pol\u00edtico porque, a pesar del fallo y sobretodo los audios, no ha sido ni ser\u00e1 investigado o sancionado.<\/span><\/p>\n<div id=\"hybs-mslot-7989-1\" class=\"hybs-mslot\"><\/div>\n<p>\u201cS\u00ed ser\u00eda una derrota porque claramente \u00e9l ten\u00eda un inter\u00e9s. \u00c9l era el tercero interesado y estaba convencido de que estas personas (Laura y Alejandra) hab\u00edan cometido el delito. En la esfera pol\u00edtica yo creo que sigue en modo ganador, porque siendo el encargado de investigar delitos, est\u00e1 cometiendo un delito en flagrancia. Lo escuchamos (en los audios) llevando a cabo actos de tr\u00e1fico de influencias, aun as\u00ed, hay cero consecuencias\u201d, dijo la especialista.<\/p>\n<p>Y reiter\u00f3: \u201cEntonces a\u00fan y cu\u00e1ndo podr\u00eda pensarse que esto es una derrota yo creo que el no removerlo y no iniciar una investigaci\u00f3n por hechos de corrupci\u00f3n habla de que sigue teniendo mucha fuerza pol\u00edtica\u201d.<\/p>\n<div id=\"hybs-mslot-7989-2\" class=\"hybs-mslot\"><span style=\"font-size: 1.21429rem;\">Dejaron Polonia por la crisis pol\u00edtica: la historia familiar de Ludwika y Dominika Paleta<\/span><\/div>\n<figure id=\"attachment_4039470\" class=\"wp-caption alignnone\" aria-describedby=\"caption-attachment-4039470\">\n<div id=\"standard_5\" class=\"st-placement standard_5 inImage\">\n<div class=\"st-adunit st-reset st-show\"><\/div>\n<\/div>\n<\/figure>\n<p><strong>FAMILIA ACUSA A GERTZ<\/strong><\/p>\n<p>El Ministro Alfredo Guti\u00e9rrez Ortiz Mena public\u00f3 el pasado martes el proyecto que pondr\u00e1 a discusi\u00f3n del pleno de la Suprema Corte, en el que propone el amparo liso y llano para Alejandra Cuevas Mor\u00e1n y su mam\u00e1, Laura Mor\u00e1n.<\/p>\n<p>El amparo propuesto en el proyecto provocar\u00e1 la liberaci\u00f3n inmediata de Alejandra Cuevas, \u201cal no advertirse la posible actualizaci\u00f3n del delito de homicidio que a t\u00edtulo probable se le atribuy\u00f3\u201d.<\/p>\n<div class=\"container-fluid pb-4 bg-gray1 my-md-5\">\n<div class=\"row pt-4\">\n<div class=\"col-12 col-md-6 col-lg-12 text-center px-0 px-md-3\">\n<div id=\"div-gpt-ad-1625604366244-4150385\">\n<div id=\"google_ads_iframe_\/19719473\/romanito_si_interior_01_v2_0__container__\"><\/div>\n<\/div>\n<\/div>\n<div class=\"col-12 col-md-6 text-center d-none d-lg-block\"><\/div>\n<\/div>\n<\/div>\n<p>El abogado Federico Gertz, hermano de Alejandro Gertz Manero, muri\u00f3 en septiembre de 2015 en la Ciudad de M\u00e9xico a causa de una \u201ccongesti\u00f3n visceral generalizada, producto de una neumon\u00eda y un choque s\u00e9ptico por una \u00falcera en la espalda\u201d, seg\u00fan el estudio de los forenses que fue citado por\u00a0<em>El Pa\u00eds<\/em>\u00a0en diciembre de 2021.<\/p>\n<p>Desde la muerte del abogado, Gertz Manero mantiene una disputa legal con Laura Mor\u00e1n Serv\u00edn, quien fue la pareja por 50 a\u00f1os de su hermano Federico, y en contra de Alejandra Guadalupe Cuevas Mor\u00e1n, hija de Laura Moran. El Fiscal las acuso de no haber brindado los cuidados necesarios que su hermano Federico requer\u00eda, lo que habr\u00eda provocado su fallecimiento.<\/p>\n<p>La entonces Procuradur\u00eda General de Justicia de la Ciudad de M\u00e9xico determin\u00f3 no ejercer acci\u00f3n penal al considera que no hab\u00eda elementos ni motivos para procesar a nadie, sin embargo, el Fiscal promovi\u00f3 recursos y amparos para evitar el cierre de la investigaci\u00f3n.<\/p>\n<p>Gertz Manero denunci\u00f3 en una entrevista que el \u00fanico \u201cmotivo por el que las denunciadas no estaban en prisi\u00f3n era su parentesco con Alfredo del Mazo, primo del entonces Presidente, Enrique Pe\u00f1a Nieto (2012-2018)\u201d. Y es que la nieta de la pareja de Federico es la esposa del actual Gobernador del Estado de M\u00e9xico.<\/p>\n<p>La balanza de la disputa legal se inclin\u00f3 a favor del funcionario federal despu\u00e9s de que asumi\u00f3 como el primer Fiscal del pa\u00eds \u2013en enero de 2019 \u2014un cargo que desempe\u00f1ar\u00e1 por nueve a\u00f1os. El 16 de octubre de 2020 Alejandra Guadalupe Cuevas fue detenida bajo los cargos de \u201chomicidio por omisi\u00f3n\u201d mientras que Laura Mor\u00e1n Serv\u00edn enfrenta una orden de arresto por homicidio, quien, debido a su avanzada edad, no est\u00e1 en prisi\u00f3n.<\/p>\n<p>La acusaci\u00f3n que llev\u00f3 a Alejandra Cuevas a prisi\u00f3n asegura que las mujeres fueron negligentes en el cuidado del abogado Federico Gertz cuando les correspond\u00eda desempe\u00f1arlo con toda diligencia para evitar su muerte. En el caso de la se\u00f1ora Laura Moran, por tratarse de su concubina, y en el caso de Alejandra, quien lleva m\u00e1s de un a\u00f1o presa, por tratarse de la hija de la pareja del fallecido.<\/p>\n<p>La familia pol\u00edtica del Fiscal ha denunciado que \u00e9l se ha aprovechado de su cargo para emprender una venganza en su contra. Los hermanos Alonso, Gonzalo y Ana Paula Castillo, hijos de Alejandra Cuevas, incluso han indicado que consideran que detr\u00e1s de las intenciones de Gertz Manero hay una trama m\u00e1s oscura pues lo acusaron de desviar dinero a para\u00edsos fiscales.<\/p>\n<p>El 25 de septiembre del a\u00f1o anterior, Alonso Castillo Cuevas, nieto de Mor\u00e1n e hijo de Alejandra Cuevas, acudi\u00f3 a la Unidad de Inteligencia Financiera (UIF) para solicitar que se investigara al Fiscal General por dep\u00f3sitos presuntamente il\u00edcitos en para\u00edsos fiscales por 7.9 millones de d\u00f3lares.<\/p>\n<p>En el a\u00f1o 2017, la investigaci\u00f3n sobre para\u00edsos fiscales del Consorcio Internacional de Periodismo de Investigaci\u00f3n, ICIJ por sus siglas en ingl\u00e9s, descubri\u00f3 una sociedad de inversi\u00f3n a nombre de Federico en las Islas Caim\u00e1n. Su hermano Alejandro era el vicepresidente.<\/p>\n<p>Las denuncias de la familia pol\u00edtica de Gertz Manero, con relaci\u00f3n a que ha utilizado su puesto han mantenido en el ojo del esc\u00e1ndalo al titular de la Fiscal\u00eda.<\/p>\n<div class=\"videoWrapper\">\n<div id=\"standard_4\" class=\"st-placement standard_4 inVideo\">\n<div class=\"st-adunit st-show st-reset\"><\/div>\n<\/div>\n<div id=\"standard_6\" class=\"st-placement standard_6 inPlayer\">\n<div class=\"st-adunit st-reset st-show\"><\/div>\n<\/div>\n<\/div>\n<p>Fue entonces que el pasado 10 de noviembre, la Suprema Corte atrajo el litigio en una sesi\u00f3n de pleno que fue privada. Arturo Zald\u00edvar, Ministro presidente del m\u00e1ximo Tribunal de M\u00e9xico explic\u00f3 que atrajeron el caso porque estaba desgastando a la dependencia federal y ocasionando da\u00f1o a la imagen de un ente aut\u00f3nomo del Estado mexicano.<\/p>\n<p>No obstante, a inicios del este mes de marzo, al menos cinco grabaciones de conversaciones telef\u00f3nicas entre el Fiscal Gertz Manero, y el Fiscal de Control Competencial, Juan Ramos L\u00f3pez, fueron filtradas en redes desde anoche.<\/p>\n<p>En los audios, el Fiscal General lee el proyecto de sentencia del Ministro P\u00e9rez Day\u00e1n, que se someter\u00eda a votaci\u00f3n d\u00edas despu\u00e9s, el 14 de marzo. Las grabaciones parecen indicar que Gertz Manero obtuvo una copia adelantada de una opini\u00f3n propuesta, pero a\u00fan no aprobada. El documento que citaba s\u00f3lo pod\u00eda tener acceso, de manera legal, si lo publicaba la SCJN, lo cual no ocurri\u00f3 as\u00ed. Seg\u00fan los audios, el proyecto pr\u00e1cticamente otorgar\u00eda libertad a Alejandra Cuevas Mor\u00e1n, de 68 a\u00f1os, por lo que el Fiscal buscaba alguna forma de revertirlo, seg\u00fan los audios.<\/p>\n<p>Alonso Castillo calific\u00f3 las filtraciones como una \u201cviolaci\u00f3n al principio de equidad\u201d que Alejandro Gertz Manero haya tenido acceso al proyecto de sentencia de la SCJN. Por su parte, el Fiscal declar\u00f3 en una entrevista con Ciro G\u00f3mez Leyva en Grupo Formula era v\u00edctima de \u201cuna verdadera extorsi\u00f3n medi\u00e1tica criminal\u201d.<\/p>\n<p><strong>CON PERSPECTIVA DE G\u00c9NERO<\/strong><\/p>\n<p>El 14 de marzo, la Suprema Corte desech\u00f3 el proyecto presentado por el Ministro Alberto P\u00e9rez Day\u00e1n, quien s\u00f3lo propuso un amparo para efectos sin analizar el fondo del caso.<\/p>\n<p>Los ministros de la Corte votaron 10-1 en contra del proyecto de P\u00e9rez Day\u00e1n, ya que la abrumadora mayor\u00eda consider\u00f3 que un nuevo Ministro realizara un an\u00e1lisis a fondo. Fue en esa sesi\u00f3n donde cinco ministros adelantaron que estaban a favor de un amparo liso y llano, pero la abrumadora mayor\u00eda vot\u00f3 por desechar ese proyecto<\/p>\n<p>El Ministro Presidente Arturo Zald\u00edvar pidi\u00f3 que el proyecto que se presentara deber\u00e1 ser con perspectiva de g\u00e9nero, es decir, que se tendr\u00eda que analizar entendiendo las diferencias estructurales y los estereotipos.<\/p>\n<p>F\u00e1tima Gamboa, Coordinadora legal de la organizaci\u00f3n Equs Justicia, litigio con perspectiva de g\u00e9nero, explic\u00f3 en entrevista con\u00a0<strong>SinEmbargo<\/strong>\u00a0que el sistema penal en M\u00e9xico criminaliza a las mujeres y las encarcela de manera injusta por no juzgar con perspectiva de g\u00e9nero.<\/p>\n<p>Al respecto, ejemplific\u00f3, que una de las causas por las que mujeres han sido criminalizadas es porque el incumplimiento de roles de g\u00e9nero y estereotipos que tienen que ver con un deber de cuidado.<\/p>\n<blockquote><p>\u201cMuchas veces hay una sobre exigencia de cuidado. Hemos visto casos en donde las mujeres se tienen que cuidar a ellas mismas, tienen trabajo, tienen actividades o fuera de cuidado, y entonces pareciera que las mujeres tienen que abandonar sus vidas, sus proyectos E incluso poner su cuerpo y descuidar su propio cuidado para cuidar a otras personas, y es un poco lo que te exige el sistema penal cuando te criminaliza por la omisi\u00f3n de cuidados\u201d, explic\u00f3 la experta.<\/p><\/blockquote>\n<p>El pasado 22 de marzo, como se estipul\u00f3, el Ministro Alfredo Guti\u00e9rrez Ortiz Mena public\u00f3 el proyecto que pondr\u00e1 a discusi\u00f3n del pleno de la Suprema Corte, en el que propone el amparo liso y llano para Alejandra Cuevas Mor\u00e1n y su mam\u00e1, Laura Mor\u00e1n. El documento tambi\u00e9n propone que se ordene la liberaci\u00f3n inmediata de Alejandra Cuevas.<\/p>\n<p>Seg\u00fan expone el Ministro en su proyecto, en el caso de Laura Moran se identifica que el deber de cuidado que se le impuso excede el l\u00edmite de lo razonable.<\/p>\n<blockquote><p>\u201cNo es posible esperar que una mujer sin conocimientos especializados y en franca situaci\u00f3n de vulnerabilidad \u2013 pues ten\u00eda 88 a\u00f1os- se condujera como si tuviese habilidades excepcionales para evitar la muerte de una persona gravemente enferma. Es l\u00f3gico, por tanto, que no puede ser responsabilizada por un resultado -la muerte de su pareja sentimental de 50 a\u00f1os- que razonablemente no pod\u00eda evitar\u201d, se\u00f1ala.<\/p><\/blockquote>\n<p>En el caso de Alejandra Cuevas, detalla se utiliz\u00f3 una figura inexistente en la legislaci\u00f3n penal para juzgarla: la de garante accesoria, por lo que no habr\u00eda delito y debe de ser liberada.<\/p>\n<\/div>\n<p>Con informaci\u00f3n Sin Embargo<\/p>\n<div class=\"entry-content\">\n<p><img loading=\"lazy\" decoding=\"async\" id=\"stickyTrackImg197280\" style=\"font-size: 1.21429rem;\" src=\"https:\/\/ads.stickyadstv.com\/user-matching?id=2545&amp;_fw_gdpr=0&amp;_fw_gdpr_consent=\" width=\"0\" height=\"0\" \/><img loading=\"lazy\" decoding=\"async\" id=\"stickyTrackImg426446\" style=\"font-size: 1.21429rem;\" src=\"https:\/\/ads.stickyadstv.com\/user-matching?id=11&amp;_fw_gdpr=0&amp;_fw_gdpr_consent=\" width=\"0\" height=\"0\" \/><img loading=\"lazy\" decoding=\"async\" id=\"stickyTrackImg450048\" style=\"font-size: 1.21429rem;\" src=\"https:\/\/ads.stickyadstv.com\/user-matching?id=2545&amp;_fw_gdpr=0&amp;_fw_gdpr_consent=\" width=\"0\" height=\"0\" \/><\/p>\n<\/div>\n<\/div>\n<\/div>\n<\/div>\n<\/article>\n<\/div>\n<\/section>\n<\/div>\n","protected":false},"excerpt":{"rendered":"<p>El proyecto que se someter\u00e1 a votaci\u00f3n ma\u00f1ana plantea la liberaci\u00f3n de Alejandra Cuevas Mor\u00e1n, al se\u00f1alar que se utiliz\u00f3 una figura inexistente en la legislaci\u00f3n penal para encarcelarla, y en el caso de la se\u00f1ora Laura Moran, el deber de cuidado que se le impuso a la mujer excede el l\u00edmite \u201cde lo razonable\u201d. Ciudad de M\u00e9xico.- La Suprema Corte de Justicia de la Naci\u00f3n\u00a0(SCJN) discutir\u00e1 el d\u00eda de ma\u00f1ana el proyecto que propone liberar a\u00a0Alejandra Cuevas Mor\u00e1n, hija de\u00a0Laura Mor\u00e1n, pareja del fallecido\u00a0Federico Gertz Manero, hermano del\u00a0Fiscal General de la Rep\u00fablica,\u00a0Alejandro Gertz Manero,\u00a0despu\u00e9s de permanecer m\u00e1s de un [&hellip;]<\/p>\n","protected":false},"author":3,"featured_media":23680,"comment_status":"open","ping_status":"open","sticky":false,"template":"","format":"standard","meta":{"_jetpack_newsletter_access":"","_jetpack_dont_email_post_to_subs":false,"_jetpack_newsletter_tier_id":0,"_jetpack_memberships_contains_paywalled_content":false,"_jetpack_feature_clip_id":0,"_jetpack_memberships_contains_paid_content":false,"footnotes":"","jetpack_publicize_message":"","jetpack_publicize_feature_enabled":true,"jetpack_social_post_already_shared":true,"jetpack_social_options":{"image_generator_settings":{"template":"highway","default_image_id":0,"font":"","enabled":false},"version":2},"jetpack_post_was_ever_published":false},"categories":[75,72],"tags":[],"class_list":["post-26687","post","type-post","status-publish","format-standard","has-post-thumbnail","hentry","category-nacional","category-portada","post--single"],"jetpack_publicize_connections":[],"jetpack_featured_media_url":"https:\/\/ovelanalista.com\/wp-content\/uploads\/2022\/03\/Gertz-Manero-2.jpeg","jetpack_sharing_enabled":true,"_links":{"self":[{"href":"https:\/\/ovelanalista.com\/index.php?rest_route=\/wp\/v2\/posts\/26687","targetHints":{"allow":["GET"]}}],"collection":[{"href":"https:\/\/ovelanalista.com\/index.php?rest_route=\/wp\/v2\/posts"}],"about":[{"href":"https:\/\/ovelanalista.com\/index.php?rest_route=\/wp\/v2\/types\/post"}],"author":[{"embeddable":true,"href":"https:\/\/ovelanalista.com\/index.php?rest_route=\/wp\/v2\/users\/3"}],"replies":[{"embeddable":true,"href":"https:\/\/ovelanalista.com\/index.php?rest_route=%2Fwp%2Fv2%2Fcomments&post=26687"}],"version-history":[{"count":1,"href":"https:\/\/ovelanalista.com\/index.php?rest_route=\/wp\/v2\/posts\/26687\/revisions"}],"predecessor-version":[{"id":26688,"href":"https:\/\/ovelanalista.com\/index.php?rest_route=\/wp\/v2\/posts\/26687\/revisions\/26688"}],"wp:featuredmedia":[{"embeddable":true,"href":"https:\/\/ovelanalista.com\/index.php?rest_route=\/wp\/v2\/media\/23680"}],"wp:attachment":[{"href":"https:\/\/ovelanalista.com\/index.php?rest_route=%2Fwp%2Fv2%2Fmedia&parent=26687"}],"wp:term":[{"taxonomy":"category","embeddable":true,"href":"https:\/\/ovelanalista.com\/index.php?rest_route=%2Fwp%2Fv2%2Fcategories&post=26687"},{"taxonomy":"post_tag","embeddable":true,"href":"https:\/\/ovelanalista.com\/index.php?rest_route=%2Fwp%2Fv2%2Ftags&post=26687"}],"curies":[{"name":"wp","href":"https:\/\/api.w.org\/{rel}","templated":true}]}}