{"id":26720,"date":"2022-03-28T14:01:26","date_gmt":"2022-03-28T21:01:26","guid":{"rendered":"https:\/\/ovelanalista.com\/?p=26720"},"modified":"2022-03-28T14:01:26","modified_gmt":"2022-03-28T21:01:26","slug":"roban-cableado-del-carcamo-de-bombeo-de-planta-de-tratamiento-de-aguas-residuales-de-choacahui","status":"publish","type":"post","link":"https:\/\/ovelanalista.com\/?p=26720","title":{"rendered":"Roban cableado del c\u00e1rcamo de bombeo de Planta de Tratamiento de Aguas Residuales de Choacahui"},"content":{"rendered":"<p><span style=\"font-size: 1.1429rem;\">El Gerente General indic\u00f3 que es la segunda vez, hace 3 meses vandalizaron esta instalaci\u00f3n y pide a la ciudadan\u00eda reporte cualquier irregularidad<\/span><\/p>\n<p>Los Mochis, Sin., a 28 de marzo de 2022.- La Planta de Tratamiento de Aguas Residuales de Choacahui de nueva cuenta fue vandalizada por los amantes de lo ajeno, ya que la madrugada de este lunes se robaron el cableado el\u00e9ctrico del c\u00e1rcamo de bombeo y paralizaron su operaci\u00f3n, as\u00ed lo denunci\u00f3 el Gerente General de la Junta de Agua Potable y Alcantarillado del Municipio de Ahome.<\/p>\n<p>&#8220;Hoy en la ma\u00f1ana nos reportan un robo en el c\u00e1rcamo de bombeo de Choacahui, tuvimos ah\u00ed una situaci\u00f3n de vandalismo, se robaron el cableado de todas las instalaciones, vino a dejarnos sin operaci\u00f3n, nos est\u00e1n afectando, un llamado a la ciudadan\u00eda para que nos reporten cualquier situaci\u00f3n que se observe ah\u00ed en las inmediaciones de cualquiera de nuestras instalaciones, porque as\u00ed como hemos tenido acciones de vandalismo en El Colorado, Las Grullas, aqu\u00ed en Choacahui ya es la segunda vez y esto va en detrimento de la prestaci\u00f3n del servicio a la ciudadan\u00eda, es la que sale m\u00e1s afectada&#8221;.<\/p>\n<p>&#8220;Estamos hablando que alrededor de 150 o 200 mil pesos de gasto, ya que implica reposici\u00f3n de cableado, cuando hay afectaci\u00f3n en bombas o en personal para pago de tiempos extra, si se nos incrementa much\u00edsimo&#8221;, dijo.<\/p>\n<p>El Gerente General precis\u00f3 que esta situaci\u00f3n reduce la capacidad de bombeo del c\u00e1rcamo, pero en el transcurso del d\u00eda se restablecer\u00e1 el cableado, para lo cual, se tuvo que recurrir a sacar personal de otra labor para que se avocara a reponer el da\u00f1o.<\/p>\n<p>Coment\u00f3 que ya se estableci\u00f3 contacto con Seguridad P\u00fablica y en algunas \u00e1reas han disminuido los delitos, pero en otras han sido recurrentes y como estas instalaciones, normalmente se ubican en lugares despoblados, la manera m\u00e1s pr\u00e1ctica y eficiente que se puede evitar que las vandalicen es que la ciudadan\u00eda denuncie cualquier movimiento irregular.<\/p>\n","protected":false},"excerpt":{"rendered":"<p>El Gerente General indic\u00f3 que es la segunda vez, hace 3 meses vandalizaron esta instalaci\u00f3n y pide a la ciudadan\u00eda reporte cualquier irregularidad Los Mochis, Sin., a 28 de marzo de 2022.- La Planta de Tratamiento de Aguas Residuales de Choacahui de nueva cuenta fue vandalizada por los amantes de lo ajeno, ya que la madrugada de este lunes se robaron el cableado el\u00e9ctrico del c\u00e1rcamo de bombeo y paralizaron su operaci\u00f3n, as\u00ed lo denunci\u00f3 el Gerente General de la Junta de Agua Potable y Alcantarillado del Municipio de Ahome. &#8220;Hoy en la ma\u00f1ana nos reportan un robo en el [&hellip;]<\/p>\n","protected":false},"author":3,"featured_media":26722,"comment_status":"open","ping_status":"open","sticky":false,"template":"","format":"gallery","meta":{"_jetpack_newsletter_access":"","_jetpack_dont_email_post_to_subs":false,"_jetpack_newsletter_tier_id":0,"_jetpack_memberships_contains_paywalled_content":false,"_jetpack_feature_clip_id":0,"_jetpack_memberships_contains_paid_content":false,"footnotes":"","jetpack_publicize_message":"","jetpack_publicize_feature_enabled":true,"jetpack_social_post_already_shared":true,"jetpack_social_options":{"image_generator_settings":{"template":"highway","default_image_id":0,"font":"","enabled":false},"version":2},"jetpack_post_was_ever_published":false},"categories":[75,72],"tags":[],"class_list":["post-26720","post","type-post","status-publish","format-gallery","has-post-thumbnail","hentry","category-nacional","category-portada","post_format-post-format-gallery","post--single"],"jetpack_publicize_connections":[],"jetpack_featured_media_url":"https:\/\/ovelanalista.com\/wp-content\/uploads\/2022\/03\/IMG-20220328-WA0020.jpg","jetpack_sharing_enabled":true,"_links":{"self":[{"href":"https:\/\/ovelanalista.com\/index.php?rest_route=\/wp\/v2\/posts\/26720","targetHints":{"allow":["GET"]}}],"collection":[{"href":"https:\/\/ovelanalista.com\/index.php?rest_route=\/wp\/v2\/posts"}],"about":[{"href":"https:\/\/ovelanalista.com\/index.php?rest_route=\/wp\/v2\/types\/post"}],"author":[{"embeddable":true,"href":"https:\/\/ovelanalista.com\/index.php?rest_route=\/wp\/v2\/users\/3"}],"replies":[{"embeddable":true,"href":"https:\/\/ovelanalista.com\/index.php?rest_route=%2Fwp%2Fv2%2Fcomments&post=26720"}],"version-history":[{"count":1,"href":"https:\/\/ovelanalista.com\/index.php?rest_route=\/wp\/v2\/posts\/26720\/revisions"}],"predecessor-version":[{"id":26723,"href":"https:\/\/ovelanalista.com\/index.php?rest_route=\/wp\/v2\/posts\/26720\/revisions\/26723"}],"wp:featuredmedia":[{"embeddable":true,"href":"https:\/\/ovelanalista.com\/index.php?rest_route=\/wp\/v2\/media\/26722"}],"wp:attachment":[{"href":"https:\/\/ovelanalista.com\/index.php?rest_route=%2Fwp%2Fv2%2Fmedia&parent=26720"}],"wp:term":[{"taxonomy":"category","embeddable":true,"href":"https:\/\/ovelanalista.com\/index.php?rest_route=%2Fwp%2Fv2%2Fcategories&post=26720"},{"taxonomy":"post_tag","embeddable":true,"href":"https:\/\/ovelanalista.com\/index.php?rest_route=%2Fwp%2Fv2%2Ftags&post=26720"}],"curies":[{"name":"wp","href":"https:\/\/api.w.org\/{rel}","templated":true}]}}