{"id":26736,"date":"2022-03-28T14:20:29","date_gmt":"2022-03-28T21:20:29","guid":{"rendered":"https:\/\/ovelanalista.com\/?p=26736"},"modified":"2022-03-28T14:20:29","modified_gmt":"2022-03-28T21:20:29","slug":"tras-cancelar-orden-de-apehension-contra-su-madre-laura-moran-corte-ordena-liberar-a-alejandra-cuevas","status":"publish","type":"post","link":"https:\/\/ovelanalista.com\/?p=26736","title":{"rendered":"Tras cancelar orden de apehensi\u00f3n contra su madre Laura Mor\u00e1n, Corte ordena liberar a Alejandra Cuevas"},"content":{"rendered":"<p>Tras cancelar orden de apehensi\u00f3n contra su madre Laura Mor\u00e1n, Corte ordena liberar a Alejandra Cuevas Por unanimidad, el Pleno de la Suprema Corte de Justicia de la Naci\u00f3n (SCJN) orden\u00f3 liberar inmediatamente a Alejandra Cuevas, acusada de provocar la muerte de Federico Gertz Manero, hermano del fiscal Alejandro Gertz Manero\u00a0<strong><a tabindex=\"0\" href=\"https:\/\/www.eluniversal.com.mx\/tag\/alejandro-gertz-manero\" target=\"_blank\" rel=\"noopener\" data-id=\"104\" data-m=\"{&quot;i&quot;:104,&quot;p&quot;:101,&quot;n&quot;:&quot;partnerLink&quot;,&quot;y&quot;:24,&quot;o&quot;:3}\">Alejandro Gertz Manero<\/a><\/strong>.<\/p>\n<p>Este lunes familiares y amigos de Alejandra Cuevas y Laura Mor\u00e1n, expareja sentimental del hermano del fiscal general de la Rep\u00fablica, Alejandro Gertz Manero, convocaron a que, a las puertas de la SCJN, se escuchara la deliberaci\u00f3n del m\u00e1ximo tribunal del pa\u00eds en sus acusaciones.<\/p>\n<p>&nbsp;<\/p>\n<div class=\"embed\">\n<p><a tabindex=\"0\" href=\"https:\/\/www.eluniversal.com.mx\/nacion\/caso-gertz-manero-sigue-minuto-minuto-la-sesion-de-la-corte\" target=\"_blank\" rel=\"noopener\" data-id=\"105\" data-m=\"{&quot;i&quot;:105,&quot;p&quot;:101,&quot;n&quot;:&quot;partnerLink&quot;,&quot;y&quot;:24,&quot;o&quot;:4}\">Minuto a minuto de la sesi\u00f3n en la Corte sobre el caso Gertz Manero<\/a><\/p>\n<\/div>\n<p>&nbsp;<\/p>\n<p>Tambi\u00e9n lee:<strong><a tabindex=\"0\" href=\"https:\/\/www.eluniversal.com.mx\/nacion\/caso-gertz-manero-exigen-libertad-de-alejandra-cuevas-afuera-de-la-corte\" target=\"_blank\" rel=\"noopener\" data-id=\"106\" data-m=\"{&quot;i&quot;:106,&quot;p&quot;:101,&quot;n&quot;:&quot;partnerLink&quot;,&quot;y&quot;:24,&quot;o&quot;:5}\">\u00a0&#8220;Justicia, justicia&#8221;, exigen libertad de Alejandra Cuevas afuera de la Corte<\/a><\/strong><\/p>\n<h2>Corte ordena cancelar orden de aprehensi\u00f3n contra Laura Mor\u00e1n en caso Gertz Manero<\/h2>\n<p>Por unanimidad, el Pleno de la SCJN\u00a0<strong><a tabindex=\"0\" href=\"https:\/\/www.eluniversal.com.mx\/nacion\/caso-gertz-manero-corte-ordena-cancelar-orden-de-aprehension-contra-laura-moran\" target=\"_blank\" rel=\"noopener\" data-id=\"107\" data-m=\"{&quot;i&quot;:107,&quot;p&quot;:101,&quot;n&quot;:&quot;partnerLink&quot;,&quot;y&quot;:24,&quot;o&quot;:6}\">orden\u00f3 cancelar la orden de aprehensi\u00f3n emitida contra Laura Mor\u00e1n<\/a><\/strong>\u00a0por la muerte de Federico Gertz Manero, hermano del fiscal Alejandro Gertz Manero.<\/p>\n<p>Aunque los integrantes del Pleno consideraron diferentes razones para otorgar el amparo liso y llano a la mujer de 98 a\u00f1os de edad, la sentencia tiene como efecto la cancelaci\u00f3n del proceso penal instaurado en su contra.<\/p>\n<p>Entre las posturas que m\u00e1s destacaron fue la del ministro Juan Luis Gonz\u00e1lez Alc\u00e1ntara Carranc\u00e1, quien no s\u00f3lo vot\u00f3 a favor de la propuesta de Alfredo Guti\u00e9rrez Ortiz Mena y celebr\u00f3 que se incluy\u00f3 un an\u00e1lisis con perspectiva de g\u00e9nero en la misma sino que pidi\u00f3 a sus compa\u00f1eros reconocer a Laura Mor\u00e1n como v\u00edctima de violaciones a derechos humanos.<\/p>\n<p>De este modo, afirm\u00f3, se le dar\u00eda acceso a tener una reparaci\u00f3n integral del da\u00f1o ocasionado por la mala actuaci\u00f3n del Estado mexicano en su contra.<\/p>\n<p>El ministro Javier Laynez Potisek se\u00f1al\u00f3 que se debe incluir, m\u00e1s que perspectiva de g\u00e9nero, perspectiva en raz\u00f3n de que Laura Mor\u00e1n es una mujer adulta mayor.<\/p>\n<p>Mientras que la ministra R\u00edos Farjat observ\u00f3 que la Corte debe analizar si Laura hizo o no lo razonablemente necesario para preservar la vida de Federico Gertz independientemente de su edad.<\/p>\n<p>\u201cNo somos m\u00e9dicos, e incluso quiz\u00e1 las personas especialistas en medicina ni siquiera coincidan en qu\u00e9 hacer en todos los casos, as\u00ed que creo que lo que debe observarse es si se hizo lo razonablemente necesario, independientemente de nuestra edad\u201d, dijo.<\/p>\n<p>Laura Mor\u00e1n fue acusada por Alejandro Gertz Manero de provocar la muerte de su hermano Federico Gertz al descuidarlo y negarse a llevarlo al hospital para mantenerlo vivo.<\/p>\n<p>Los hechos ocurrieron en 2015, cuando Federico Gertz Manero ten\u00eda 82 a\u00f1os y Laura 88.<\/p>\n<p>La juez 67 penal en la Ciudad de M\u00e9xico orden\u00f3 capturarla a ella y a su hija Alejandra Cuevas quien desde octubre de 2020 permanece presa en el penal femenil de Santa Martha.<\/p>\n<p>Alejandro Gertz Manero afirm\u00f3 que Laura Mor\u00e1n, al haber sido la concubina de su hermano, ten\u00eda la obligaci\u00f3n de cuidarlo y procurar su bienestar pero que al descuidarlo provoc\u00f3 dolosamente (con toda intenci\u00f3n) su muerte.<\/p>\n<p>La acusaci\u00f3n del titular de la FGR no prosper\u00f3 sino hasta 2019, cuando ya estaba al frente de la Fiscal\u00eda General de la Rep\u00fablica, pues en diversas ocasiones el ministerio p\u00fablico de la Ciudad de M\u00e9xico consider\u00f3 que no hab\u00eda elementos suficientes para proceder penalmente contra las mujeres.<\/p>\n<p>&nbsp;<\/p>\n<p>Con informaci\u00f3n de El Universal<\/p>\n","protected":false},"excerpt":{"rendered":"<p>Tras cancelar orden de apehensi\u00f3n contra su madre Laura Mor\u00e1n, Corte ordena liberar a Alejandra Cuevas Por unanimidad, el Pleno de la Suprema Corte de Justicia de la Naci\u00f3n (SCJN) orden\u00f3 liberar inmediatamente a Alejandra Cuevas, acusada de provocar la muerte de Federico Gertz Manero, hermano del fiscal Alejandro Gertz Manero\u00a0Alejandro Gertz Manero. Este lunes familiares y amigos de Alejandra Cuevas y Laura Mor\u00e1n, expareja sentimental del hermano del fiscal general de la Rep\u00fablica, Alejandro Gertz Manero, convocaron a que, a las puertas de la SCJN, se escuchara la deliberaci\u00f3n del m\u00e1ximo tribunal del pa\u00eds en sus acusaciones. &nbsp; Minuto [&hellip;]<\/p>\n","protected":false},"author":3,"featured_media":26737,"comment_status":"open","ping_status":"open","sticky":false,"template":"","format":"standard","meta":{"_jetpack_newsletter_access":"","_jetpack_dont_email_post_to_subs":false,"_jetpack_newsletter_tier_id":0,"_jetpack_memberships_contains_paywalled_content":false,"_jetpack_feature_clip_id":0,"_jetpack_memberships_contains_paid_content":false,"footnotes":"","jetpack_publicize_message":"","jetpack_publicize_feature_enabled":true,"jetpack_social_post_already_shared":true,"jetpack_social_options":{"image_generator_settings":{"template":"highway","default_image_id":0,"font":"","enabled":false},"version":2},"jetpack_post_was_ever_published":false},"categories":[75,72],"tags":[],"class_list":["post-26736","post","type-post","status-publish","format-standard","has-post-thumbnail","hentry","category-nacional","category-portada","post--single"],"jetpack_publicize_connections":[],"jetpack_featured_media_url":"https:\/\/ovelanalista.com\/wp-content\/uploads\/2022\/03\/gertz_laura_moran.jpeg","jetpack_sharing_enabled":true,"_links":{"self":[{"href":"https:\/\/ovelanalista.com\/index.php?rest_route=\/wp\/v2\/posts\/26736","targetHints":{"allow":["GET"]}}],"collection":[{"href":"https:\/\/ovelanalista.com\/index.php?rest_route=\/wp\/v2\/posts"}],"about":[{"href":"https:\/\/ovelanalista.com\/index.php?rest_route=\/wp\/v2\/types\/post"}],"author":[{"embeddable":true,"href":"https:\/\/ovelanalista.com\/index.php?rest_route=\/wp\/v2\/users\/3"}],"replies":[{"embeddable":true,"href":"https:\/\/ovelanalista.com\/index.php?rest_route=%2Fwp%2Fv2%2Fcomments&post=26736"}],"version-history":[{"count":1,"href":"https:\/\/ovelanalista.com\/index.php?rest_route=\/wp\/v2\/posts\/26736\/revisions"}],"predecessor-version":[{"id":26738,"href":"https:\/\/ovelanalista.com\/index.php?rest_route=\/wp\/v2\/posts\/26736\/revisions\/26738"}],"wp:featuredmedia":[{"embeddable":true,"href":"https:\/\/ovelanalista.com\/index.php?rest_route=\/wp\/v2\/media\/26737"}],"wp:attachment":[{"href":"https:\/\/ovelanalista.com\/index.php?rest_route=%2Fwp%2Fv2%2Fmedia&parent=26736"}],"wp:term":[{"taxonomy":"category","embeddable":true,"href":"https:\/\/ovelanalista.com\/index.php?rest_route=%2Fwp%2Fv2%2Fcategories&post=26736"},{"taxonomy":"post_tag","embeddable":true,"href":"https:\/\/ovelanalista.com\/index.php?rest_route=%2Fwp%2Fv2%2Ftags&post=26736"}],"curies":[{"name":"wp","href":"https:\/\/api.w.org\/{rel}","templated":true}]}}