{"id":26758,"date":"2022-03-28T16:00:14","date_gmt":"2022-03-28T23:00:14","guid":{"rendered":"https:\/\/ovelanalista.com\/?p=26758"},"modified":"2022-03-28T14:48:44","modified_gmt":"2022-03-28T21:48:44","slug":"fiscalia-de-michoacan-identifica-a-presunto-asesino-del-alcalde-de-aguililla-giran-orden-de-aprehension","status":"publish","type":"post","link":"https:\/\/ovelanalista.com\/?p=26758","title":{"rendered":"Fiscal\u00eda de Michoac\u00e1n identifica a presunto asesino del alcalde de Aguililla; giran orden de aprehensi\u00f3n"},"content":{"rendered":"<p>La Fiscal\u00eda General del Estado de Michoac\u00e1n (FGE) inform\u00f3 que se identific\u00f3 al\u00a0<strong>presunto asesino<\/strong>\u00a0del presidente municipal de Aguililla,\u00a0<a tabindex=\"0\" href=\"https:\/\/www.animalpolitico.com\/2022\/03\/asesinan-alcalde-aguililla-michoacan\/\" target=\"_blank\" rel=\"noopener\" data-id=\"105\" data-m=\"{&quot;i&quot;:105,&quot;p&quot;:102,&quot;n&quot;:&quot;partnerLink&quot;,&quot;y&quot;:24,&quot;o&quot;:3}\">C\u00e9sar Arturo Valencia Caballero<\/a>.<\/p>\n<p>La dependencia indic\u00f3 que obtuvo una orden de aprehensi\u00f3n en contra de\u00a0<strong>Ricardo Carrillo Mendoza, \u201cEl Alacr\u00e1n\u201d<\/strong>, y que se ofrece una recompensa de 100 mil pesos para quien d\u00e9 informaci\u00f3n sobre la localizaci\u00f3n del presunto agresor.<\/p>\n<p>Se\u00f1al\u00f3 que derivado de las tareas de investigaci\u00f3n realizadas en coordinaci\u00f3n con autoridades federales, ya se tienen \u201cavances sustanciales\u201d con relaci\u00f3n a la identidad del probable autor material del hecho del 10 de marzo, en donde perdi\u00f3 la vida el presidente municipal.<\/p>\n<p>\u201cDurante los trabajos de investigaci\u00f3n, se obtuvieron datos id\u00f3neos y pertinentes para determinar la identidad del probable autor material del hecho, por lo que se solicit\u00f3 la respectiva orden de aprehensi\u00f3n, misma que fue obsequiada por el juez de control\u201d, se\u00f1al\u00f3 en un comunicado.<\/p>\n<blockquote class=\"twitter-tweet\" data-width=\"550\" data-dnt=\"true\">\n<p lang=\"es\" dir=\"ltr\">Obtiene <a href=\"https:\/\/twitter.com\/hashtag\/FGEMich?src=hash&amp;ref_src=twsrc%5Etfw\">#FGEMich<\/a> orden de <a href=\"https:\/\/twitter.com\/hashtag\/aprehensi%C3%B3n?src=hash&amp;ref_src=twsrc%5Etfw\">#aprehensi\u00f3n<\/a> contra presunto responsable del <a href=\"https:\/\/twitter.com\/hashtag\/homicidio?src=hash&amp;ref_src=twsrc%5Etfw\">#homicidio<\/a> del presidente municipal de <a href=\"https:\/\/twitter.com\/hashtag\/Aguililla?src=hash&amp;ref_src=twsrc%5Etfw\">#Aguililla<\/a>. Conoce m\u00e1s \u27a1 <a href=\"https:\/\/t.co\/LGMP8wVpOg\">https:\/\/t.co\/LGMP8wVpOg<\/a> <a href=\"https:\/\/t.co\/Jr112XopOv\">pic.twitter.com\/Jr112XopOv<\/a><\/p>\n<p>&mdash; Fiscal\u00eda General de Michoac\u00e1n (@FiscaliaMich) <a href=\"https:\/\/twitter.com\/FiscaliaMich\/status\/1508533093476585483?ref_src=twsrc%5Etfw\">March 28, 2022<\/a><\/p><\/blockquote>\n<p><script async src=\"https:\/\/platform.twitter.com\/widgets.js\" charset=\"utf-8\"><\/script><\/p>\n<p>La fiscal\u00eda detall\u00f3 que el d\u00eda de la agresi\u00f3n, entre 16:00 y 16:15 horas, el alcalde conduc\u00eda una camioneta pick up, sobre la avenida Benjam\u00edn Ru\u00edz de la colonia David Franco Rodr\u00edguez; sin embargo, a la altura del acceso al campo de futbol de la unidad deportiva Benito Ju\u00e1rez, le sali\u00f3 al paso una motocicleta tipo cross.<\/p>\n<p>Indic\u00f3 que la unidad era tripulada por dos hombres, uno de ellos realiz\u00f3 detonaciones, lo que provoc\u00f3 que el alcalde detuviera la marcha, momento que fue aprovechado por Carrillo Mendoza para bajar de la moto y dirigirse hacia la v\u00edctima, a quien le dispar\u00f3 con un arma calibre 10 mil\u00edmetros.<\/p>\n<p>Tras la agresi\u00f3n, el responsable abord\u00f3 la motocicleta en la que la esperaba su c\u00f3mplice, para enseguida huir.<\/p>\n<p>La fiscal\u00eda de Michoac\u00e1n inform\u00f3 que solicitar\u00e1 la colaboraci\u00f3n de las autoridades hom\u00f3logas en el pa\u00eds para la localizaci\u00f3n y b\u00fasqueda de Ricardo Carrillo Mendoza.<\/p>\n<div class=\"ap_single_fondea_text\">\n<p>&nbsp;<\/p>\n<p>Con informaci\u00f3n de Animal Pol\u00edtico<\/p>\n<\/div>\n","protected":false},"excerpt":{"rendered":"<p>La Fiscal\u00eda General del Estado de Michoac\u00e1n (FGE) inform\u00f3 que se identific\u00f3 al\u00a0presunto asesino\u00a0del presidente municipal de Aguililla,\u00a0C\u00e9sar Arturo Valencia Caballero. La dependencia indic\u00f3 que obtuvo una orden de aprehensi\u00f3n en contra de\u00a0Ricardo Carrillo Mendoza, \u201cEl Alacr\u00e1n\u201d, y que se ofrece una recompensa de 100 mil pesos para quien d\u00e9 informaci\u00f3n sobre la localizaci\u00f3n del presunto agresor. Se\u00f1al\u00f3 que derivado de las tareas de investigaci\u00f3n realizadas en coordinaci\u00f3n con autoridades federales, ya se tienen \u201cavances sustanciales\u201d con relaci\u00f3n a la identidad del probable autor material del hecho del 10 de marzo, en donde perdi\u00f3 la vida el presidente municipal. \u201cDurante [&hellip;]<\/p>\n","protected":false},"author":3,"featured_media":26759,"comment_status":"open","ping_status":"open","sticky":false,"template":"","format":"standard","meta":{"_jetpack_newsletter_access":"","_jetpack_dont_email_post_to_subs":false,"_jetpack_newsletter_tier_id":0,"_jetpack_memberships_contains_paywalled_content":false,"_jetpack_feature_clip_id":0,"_jetpack_memberships_contains_paid_content":false,"footnotes":"","jetpack_publicize_message":"","jetpack_publicize_feature_enabled":true,"jetpack_social_post_already_shared":true,"jetpack_social_options":{"image_generator_settings":{"template":"highway","default_image_id":0,"font":"","enabled":false},"version":2},"jetpack_post_was_ever_published":false},"categories":[75,72],"tags":[],"class_list":["post-26758","post","type-post","status-publish","format-standard","has-post-thumbnail","hentry","category-nacional","category-portada","post--single"],"jetpack_publicize_connections":[],"jetpack_featured_media_url":"https:\/\/ovelanalista.com\/wp-content\/uploads\/2022\/03\/RICARDO-CARRILLO.jpeg","jetpack_sharing_enabled":true,"_links":{"self":[{"href":"https:\/\/ovelanalista.com\/index.php?rest_route=\/wp\/v2\/posts\/26758","targetHints":{"allow":["GET"]}}],"collection":[{"href":"https:\/\/ovelanalista.com\/index.php?rest_route=\/wp\/v2\/posts"}],"about":[{"href":"https:\/\/ovelanalista.com\/index.php?rest_route=\/wp\/v2\/types\/post"}],"author":[{"embeddable":true,"href":"https:\/\/ovelanalista.com\/index.php?rest_route=\/wp\/v2\/users\/3"}],"replies":[{"embeddable":true,"href":"https:\/\/ovelanalista.com\/index.php?rest_route=%2Fwp%2Fv2%2Fcomments&post=26758"}],"version-history":[{"count":1,"href":"https:\/\/ovelanalista.com\/index.php?rest_route=\/wp\/v2\/posts\/26758\/revisions"}],"predecessor-version":[{"id":26760,"href":"https:\/\/ovelanalista.com\/index.php?rest_route=\/wp\/v2\/posts\/26758\/revisions\/26760"}],"wp:featuredmedia":[{"embeddable":true,"href":"https:\/\/ovelanalista.com\/index.php?rest_route=\/wp\/v2\/media\/26759"}],"wp:attachment":[{"href":"https:\/\/ovelanalista.com\/index.php?rest_route=%2Fwp%2Fv2%2Fmedia&parent=26758"}],"wp:term":[{"taxonomy":"category","embeddable":true,"href":"https:\/\/ovelanalista.com\/index.php?rest_route=%2Fwp%2Fv2%2Fcategories&post=26758"},{"taxonomy":"post_tag","embeddable":true,"href":"https:\/\/ovelanalista.com\/index.php?rest_route=%2Fwp%2Fv2%2Ftags&post=26758"}],"curies":[{"name":"wp","href":"https:\/\/api.w.org\/{rel}","templated":true}]}}