{"id":40045,"date":"2022-06-17T11:00:24","date_gmt":"2022-06-17T17:00:24","guid":{"rendered":"https:\/\/ovelanalista.com\/?p=40045"},"modified":"2022-06-17T10:32:14","modified_gmt":"2022-06-17T16:32:14","slug":"resuelta-en-24-horas-la-huelga-en-la-siderurgica-arcelormittal","status":"publish","type":"post","link":"https:\/\/ovelanalista.com\/?p=40045","title":{"rendered":"Resuelta en 24 horas, la huelga en la sider\u00fargica ArcelorMittal"},"content":{"rendered":"<p><em>Morelia, Mich.<\/em>\u00a0La huelga que empez\u00f3 el mediod\u00eda del mi\u00e9rcoles en la sider\u00fargica ArcelorMittal, ubicada en el municipio de L\u00e1zaro C\u00e1rdenas, concluy\u00f3 ayer despu\u00e9s de que representantes de la compa\u00f1\u00eda e integrantes de la secci\u00f3n 271 del Sindicato Nacional de Trabajadores Mineros, Metal\u00fargicos, Sider\u00fargicos y Similares de la Rep\u00fablica Mexicana llegaron a un acuerdo.<\/p>\n<article>\n<div class=\"views-article-body articlePage_body-DS-EntryPoint1-1\">\n<p data-t=\"{&quot;n&quot;:&quot;blueLinks&quot;}\">En las negociaciones que tuvieron lugar en las oficinas de la Secretar\u00eda del Trabajo y Previsi\u00f3n Social (STPS), con sede en la Ciudad de M\u00e9xico, participaron autoridades federales y estatales; la empresa, de capital de indio, accedi\u00f3 a otorgar a partir del pr\u00f3ximo primero de julio, a unos 3 mil 500 empleados, 10 por ciento de utilidades que demandaban, a pesar de que inicialmente hab\u00eda ofrecido s\u00f3lo la mitad.<\/p>\n<p data-t=\"{&quot;n&quot;:&quot;blueLinks&quot;}\">Con este convenio se pone fin al movimiento de huelga estallado este 15 de junio en el que nuestros compa\u00f1eros defendieron parte de las ganancias que les corresponden por su ardua labor diaria, tal y como lo establecen las leyes en nuestro pa\u00eds, puntualiz\u00f3 el Sindicato Minero, encabezado por Napole\u00f3n G\u00f3mez Urrutia.<\/p>\n<p class=\"continue-read-break\" data-t=\"{&quot;n&quot;:&quot;blueLinks&quot;}\">El gremio recalc\u00f3 que aunque el proceso de negociaci\u00f3n fue\u00a0extenso y complicado\u00a0se lleg\u00f3 finalmente a un acuerdo que representa\u00a0un logro sin precedentes\u00a0con el que habr\u00e1 una importante derrama econ\u00f3mica para L\u00e1zaro C\u00e1rdenas, as\u00ed como para el bienestar de los trabajadores y sus familias.<\/p>\n<\/div>\n<p class=\"\" data-t=\"{&quot;n&quot;:&quot;blueLinks&quot;}\">El gobernador Alfredo Ram\u00edrez Bedolla, quien estuvo en las pl\u00e1ticas efectuadas en la capital del pa\u00eds, celebr\u00f3 que se resolviera el conflicto laboral\u00a0por el bien de Michoac\u00e1n\u00a0y se hayan logrado estos resultados positivos.<\/p>\n<p class=\"\" data-t=\"{&quot;n&quot;:&quot;blueLinks&quot;}\">Reconocemos la responsabilidad de ambas partes para llegar a este hist\u00f3rico acuerdo que permitir\u00e1 la continuidad de la producci\u00f3n de la industria acerera, difundi\u00f3 el mandatario morenista en su cuenta de Twitter.<\/p>\n<p class=\"\" data-t=\"{&quot;n&quot;:&quot;blueLinks&quot;}\">Por su parte, en un comunicado ArcelorMittal afirm\u00f3 que, tras haber realizado el pago de las utilidades en tiempo y forma equivalente a tres meses de sueldo base, conforme lo estipulado en la Ley Federal del Trabajo, y con base en los resultados de 2021, otorgar\u00e1 un bono especial y extraordinario al PTU (Participaci\u00f3n de los Trabajadores en las Utilidades), otorgando en total un promedio estimado equivalente a un a\u00f1o de sueldo base.<\/p>\n<p class=\"\" data-t=\"{&quot;n&quot;:&quot;blueLinks&quot;}\">Para ArcelorMittal M\u00e9xico siempre ha sido prioridad el beneficio de nuestros colaboradores, as\u00ed como el apego y cumplimiento a las leyes vigentes. Estamos muy contentos de haber logrado un acuerdo en conjunto que, sin duda, beneficiar\u00e1 a los trabajadores del Sindicato Minero en L\u00e1zaro C\u00e1rdenas\u00a0indic\u00f3 V\u00edctor Cairo, ejecutivo de ArcelorMittal M\u00e9xico.<\/p>\n<p class=\"\" data-t=\"{&quot;n&quot;:&quot;blueLinks&quot;}\">La compa\u00f1\u00eda extern\u00f3 su especial agradecimiento por la disposici\u00f3n oportuna de la STPS y la valiosa intervenci\u00f3n del gobernador Alfredo Ram\u00edrez Bedolla,\u00a0quienes alentaron el di\u00e1logo y la pronta resoluci\u00f3n al conflicto entre el sindicato y la principal fuente de empleo del estado.<\/p>\n<p class=\"\" data-t=\"{&quot;n&quot;:&quot;blueLinks&quot;}\">Con este pacto, destac\u00f3,\u00a0se concluye la huelga y exhortamos a todos los colaboradores a continuar con sus labores dentro de la planta en pro de la econom\u00eda local, estatal y nacional.<\/p>\n<p class=\"\" data-t=\"{&quot;n&quot;:&quot;blueLinks&quot;}\">En esta ocasi\u00f3n, a diferencia de hace 16 a\u00f1os, el conflicto laboral en esta ciudad portuaria se resolvi\u00f3 de manera pac\u00edfica y en 24 horas.<\/p>\n<p class=\"\" data-t=\"{&quot;n&quot;:&quot;blueLinks&quot;}\">El 6 de abril de 2006 los trabajadores de la entonces planta sider\u00fargica Sicartsa, a cargo de Grupo Villacero, estallaron la huelga y 14 d\u00edas despu\u00e9s fueron reprimidos por 800 polic\u00edas tanto federales como estatales, con saldo de dos mineros muertos y 41 lesionados.<\/p>\n<p class=\"\" data-t=\"{&quot;n&quot;:&quot;blueLinks&quot;}\">El gobierno federal lo encabezaba el panista Vicente Fox Quesada y Michoac\u00e1n era gobernado por el perredista L\u00e1zaro C\u00e1rdenas Batel.<\/p>\n<p class=\"\" data-t=\"{&quot;n&quot;:&quot;blueLinks&quot;}\">En diciembre de 2006, Grupo Villacero anunci\u00f3 la venta de Sicartsa a la trasnacional ArcelorMittal por mil 439 millones de d\u00f3lares; en 1991 la compr\u00f3 en 170 millones de d\u00f3lares.<\/p>\n<\/article>\n<p data-t=\"{&quot;n&quot;:&quot;blueLinks&quot;}\">\n<p data-t=\"{&quot;n&quot;:&quot;blueLinks&quot;}\">Con informaci\u00f3n de La Jornada<\/p>\n","protected":false},"excerpt":{"rendered":"<p>Morelia, Mich.\u00a0La huelga que empez\u00f3 el mediod\u00eda del mi\u00e9rcoles en la sider\u00fargica ArcelorMittal, ubicada en el municipio de L\u00e1zaro C\u00e1rdenas, concluy\u00f3 ayer despu\u00e9s de que representantes de la compa\u00f1\u00eda e integrantes de la secci\u00f3n 271 del Sindicato Nacional de Trabajadores Mineros, Metal\u00fargicos, Sider\u00fargicos y Similares de la Rep\u00fablica Mexicana llegaron a un acuerdo. En las negociaciones que tuvieron lugar en las oficinas de la Secretar\u00eda del Trabajo y Previsi\u00f3n Social (STPS), con sede en la Ciudad de M\u00e9xico, participaron autoridades federales y estatales; la empresa, de capital de indio, accedi\u00f3 a otorgar a partir del pr\u00f3ximo primero de julio, a [&hellip;]<\/p>\n","protected":false},"author":3,"featured_media":40046,"comment_status":"open","ping_status":"open","sticky":false,"template":"","format":"standard","meta":{"_jetpack_newsletter_access":"","_jetpack_dont_email_post_to_subs":false,"_jetpack_newsletter_tier_id":0,"_jetpack_memberships_contains_paywalled_content":false,"_jetpack_feature_clip_id":0,"_jetpack_memberships_contains_paid_content":false,"footnotes":"","jetpack_publicize_message":"","jetpack_publicize_feature_enabled":true,"jetpack_social_post_already_shared":true,"jetpack_social_options":{"image_generator_settings":{"template":"highway","default_image_id":0,"font":"","enabled":false},"version":2},"jetpack_post_was_ever_published":false},"categories":[75,72],"tags":[],"class_list":["post-40045","post","type-post","status-publish","format-standard","has-post-thumbnail","hentry","category-nacional","category-portada","post--single"],"jetpack_publicize_connections":[],"jetpack_featured_media_url":"https:\/\/ovelanalista.com\/wp-content\/uploads\/2022\/06\/ArcelorMittal.jpeg","jetpack_sharing_enabled":true,"_links":{"self":[{"href":"https:\/\/ovelanalista.com\/index.php?rest_route=\/wp\/v2\/posts\/40045","targetHints":{"allow":["GET"]}}],"collection":[{"href":"https:\/\/ovelanalista.com\/index.php?rest_route=\/wp\/v2\/posts"}],"about":[{"href":"https:\/\/ovelanalista.com\/index.php?rest_route=\/wp\/v2\/types\/post"}],"author":[{"embeddable":true,"href":"https:\/\/ovelanalista.com\/index.php?rest_route=\/wp\/v2\/users\/3"}],"replies":[{"embeddable":true,"href":"https:\/\/ovelanalista.com\/index.php?rest_route=%2Fwp%2Fv2%2Fcomments&post=40045"}],"version-history":[{"count":2,"href":"https:\/\/ovelanalista.com\/index.php?rest_route=\/wp\/v2\/posts\/40045\/revisions"}],"predecessor-version":[{"id":40048,"href":"https:\/\/ovelanalista.com\/index.php?rest_route=\/wp\/v2\/posts\/40045\/revisions\/40048"}],"wp:featuredmedia":[{"embeddable":true,"href":"https:\/\/ovelanalista.com\/index.php?rest_route=\/wp\/v2\/media\/40046"}],"wp:attachment":[{"href":"https:\/\/ovelanalista.com\/index.php?rest_route=%2Fwp%2Fv2%2Fmedia&parent=40045"}],"wp:term":[{"taxonomy":"category","embeddable":true,"href":"https:\/\/ovelanalista.com\/index.php?rest_route=%2Fwp%2Fv2%2Fcategories&post=40045"},{"taxonomy":"post_tag","embeddable":true,"href":"https:\/\/ovelanalista.com\/index.php?rest_route=%2Fwp%2Fv2%2Ftags&post=40045"}],"curies":[{"name":"wp","href":"https:\/\/api.w.org\/{rel}","templated":true}]}}