{"id":40051,"date":"2022-06-17T11:20:27","date_gmt":"2022-06-17T17:20:27","guid":{"rendered":"https:\/\/ovelanalista.com\/?p=40051"},"modified":"2022-06-17T10:36:23","modified_gmt":"2022-06-17T16:36:23","slug":"garantizados-los-recursos-para-plan-contra-inflacion-en-2022-amlo","status":"publish","type":"post","link":"https:\/\/ovelanalista.com\/?p=40051","title":{"rendered":"Garantizados, los recursos para plan contra inflaci\u00f3n en 2022: AMLO"},"content":{"rendered":"<div role=\"main\">\n<section class=\"articlePage_section-DS-EntryPoint1-1 articlePageBodySection articlePage_section_continueReading-DS-EntryPoint1-1\" data-col=\"c4\">\n<article>\n<div class=\"views-article-body articlePage_body-DS-EntryPoint1-1\">\n<div>\n<p data-t=\"{&quot;n&quot;:&quot;blueLinks&quot;}\">Inform\u00f3 que en el encuentro ofreci\u00f3 gestionar una reuni\u00f3n con empresarios de M\u00e9xico durante su visita a Washignton para el encuentro en la Casa Blanca con el presidente Joe Biden. Tras se\u00f1alar que \u00e9ste podr\u00eda realizarse despu\u00e9s del 15 de julio (aunque a\u00fan no hay fecha definida).<\/p>\n<div>\n<p data-t=\"{&quot;n&quot;:&quot;blueLinks&quot;}\">En la conferencia, L\u00f3pez Obrador mostr\u00f3 la evoluci\u00f3n del precio de las gasolinas en una referencia comparativa con los dos sexenios anteriores. En el caso de la gasolina magna con Felipe Calder\u00f3n se increment\u00f3 en 22.9 por ciento; con Enrique Pe\u00f1a Nieto, 42.9 por ciento y en esta administraci\u00f3n, seg\u00fan los datos que mostro decreci\u00f3 2.4 por ciento.<\/p>\n<p data-t=\"{&quot;n&quot;:&quot;blueLinks&quot;}\">Por lo hace a la gasolina Premium, con Calder\u00f3n aument\u00f3 5.7 por ciento; con Pe\u00f1a Nieto, 46 por ciento y en este sexenio bajo 2.4 por ciento. En cuanto al diesel, se incremento 49.9 por ciento; con Pe\u00f1a Nieto 48.6 por ciento y en su sexenio 3.9 por ciento.<\/p>\n<\/div>\n<\/div>\n<\/div>\n<\/article>\n<\/section>\n<\/div>\n<div class=\"cwt-title\"><\/div>\n<div>Con informaci\u00f3n de La Jornada<\/div>\n","protected":false},"excerpt":{"rendered":"<p>Inform\u00f3 que en el encuentro ofreci\u00f3 gestionar una reuni\u00f3n con empresarios de M\u00e9xico durante su visita a Washignton para el encuentro en la Casa Blanca con el presidente Joe Biden. Tras se\u00f1alar que \u00e9ste podr\u00eda realizarse despu\u00e9s del 15 de julio (aunque a\u00fan no hay fecha definida). En la conferencia, L\u00f3pez Obrador mostr\u00f3 la evoluci\u00f3n del precio de las gasolinas en una referencia comparativa con los dos sexenios anteriores. En el caso de la gasolina magna con Felipe Calder\u00f3n se increment\u00f3 en 22.9 por ciento; con Enrique Pe\u00f1a Nieto, 42.9 por ciento y en esta administraci\u00f3n, seg\u00fan los datos que [&hellip;]<\/p>\n","protected":false},"author":3,"featured_media":40052,"comment_status":"open","ping_status":"open","sticky":false,"template":"","format":"standard","meta":{"_jetpack_newsletter_access":"","_jetpack_dont_email_post_to_subs":false,"_jetpack_newsletter_tier_id":0,"_jetpack_memberships_contains_paywalled_content":false,"_jetpack_feature_clip_id":0,"_jetpack_memberships_contains_paid_content":false,"footnotes":"","jetpack_publicize_message":"","jetpack_publicize_feature_enabled":true,"jetpack_social_post_already_shared":true,"jetpack_social_options":{"image_generator_settings":{"template":"highway","default_image_id":0,"font":"","enabled":false},"version":2},"jetpack_post_was_ever_published":false},"categories":[75,72],"tags":[],"class_list":["post-40051","post","type-post","status-publish","format-standard","has-post-thumbnail","hentry","category-nacional","category-portada","post--single"],"jetpack_publicize_connections":[],"jetpack_featured_media_url":"https:\/\/ovelanalista.com\/wp-content\/uploads\/2022\/06\/Andre\u0301s-Manuel-Lo\u0301pez-.jpeg","jetpack_sharing_enabled":true,"_links":{"self":[{"href":"https:\/\/ovelanalista.com\/index.php?rest_route=\/wp\/v2\/posts\/40051","targetHints":{"allow":["GET"]}}],"collection":[{"href":"https:\/\/ovelanalista.com\/index.php?rest_route=\/wp\/v2\/posts"}],"about":[{"href":"https:\/\/ovelanalista.com\/index.php?rest_route=\/wp\/v2\/types\/post"}],"author":[{"embeddable":true,"href":"https:\/\/ovelanalista.com\/index.php?rest_route=\/wp\/v2\/users\/3"}],"replies":[{"embeddable":true,"href":"https:\/\/ovelanalista.com\/index.php?rest_route=%2Fwp%2Fv2%2Fcomments&post=40051"}],"version-history":[{"count":1,"href":"https:\/\/ovelanalista.com\/index.php?rest_route=\/wp\/v2\/posts\/40051\/revisions"}],"predecessor-version":[{"id":40053,"href":"https:\/\/ovelanalista.com\/index.php?rest_route=\/wp\/v2\/posts\/40051\/revisions\/40053"}],"wp:featuredmedia":[{"embeddable":true,"href":"https:\/\/ovelanalista.com\/index.php?rest_route=\/wp\/v2\/media\/40052"}],"wp:attachment":[{"href":"https:\/\/ovelanalista.com\/index.php?rest_route=%2Fwp%2Fv2%2Fmedia&parent=40051"}],"wp:term":[{"taxonomy":"category","embeddable":true,"href":"https:\/\/ovelanalista.com\/index.php?rest_route=%2Fwp%2Fv2%2Fcategories&post=40051"},{"taxonomy":"post_tag","embeddable":true,"href":"https:\/\/ovelanalista.com\/index.php?rest_route=%2Fwp%2Fv2%2Ftags&post=40051"}],"curies":[{"name":"wp","href":"https:\/\/api.w.org\/{rel}","templated":true}]}}