{"id":40054,"date":"2022-06-17T11:30:46","date_gmt":"2022-06-17T17:30:46","guid":{"rendered":"https:\/\/ovelanalista.com\/?p=40054"},"modified":"2022-06-17T10:38:36","modified_gmt":"2022-06-17T16:38:36","slug":"clausuraron-el-rastro-de-monterrey-por-pozos-ilegales","status":"publish","type":"post","link":"https:\/\/ovelanalista.com\/?p=40054","title":{"rendered":"Clausuraron el rastro de Monterrey por pozos ilegales"},"content":{"rendered":"<p><em>Monterrey, NL.<\/em>\u00a0El rastro municipal de Monterrey, concesionado a la empresa Danes, fue clausurado ayer por contar con tres pozos irregulares, con los que consume alrededor de 3 millones de litros de agua mensuales; en total, en esta semana, se han hecho 13 denuncias por mal uso del l\u00edquido en la entidad, inform\u00f3 Juan Ignacio Barrag\u00e1n Villarreal, director de Servicios de Agua y Drenaje de Monterrey (SADM).<\/p>\n<p data-t=\"{&quot;n&quot;:&quot;blueLinks&quot;}\">En un video publicado en sus redes sociales, el gobernador Samuel Garc\u00eda Sep\u00falveda, del partido Movimiento Ciudadano (MC), public\u00f3 la inspecci\u00f3n que encabez\u00f3 en dicho rastro, junto con personal de SADM, Comisi\u00f3n Nacional del Agua (Conagua) y Protecci\u00f3n Civil estatal.<\/p>\n<p data-t=\"{&quot;n&quot;:&quot;blueLinks&quot;}\">No tienen ni idea del negociazo, la corrupci\u00f3n y la cantidad de agua que nos robaron por d\u00e9cadas en este rastro. La cantidad de l\u00edquido gigante, bestial, que consume con pozos ilegales para darle de tomar a miles de reses, y luego cuando las matan limpiar el sangrer\u00edo, el cochiner\u00edo, el canal; y todos los d\u00edas sacando agua, litros y litros, que en lugar de llegar a tu casa se usan para el bolsillo, para el negocio de una empresa, refiri\u00f3 el mandatario en la grabaci\u00f3n.<\/p>\n<p class=\"continue-read-break\" data-t=\"{&quot;n&quot;:&quot;blueLinks&quot;}\">El rastro de la ciudad de Monterrey, cuyo alcalde es Luis Donaldo Colosio Riojas, de MC, es operado desde 2002 por la empresa particular Danes SA de CV, ubicada en Avenida de los Andenes, en el Fraccionamiento Coyoac\u00e1n; no obstante, en la grabaci\u00f3n tanto el gobernante como elementos de Protecci\u00f3n Civil se\u00f1alaron que los pozos ten\u00edan aproximadamente una antig\u00fcedad de 30 a\u00f1os.<\/p>\n<div role=\"main\">\n<section class=\"articlePage_section-DS-EntryPoint1-1 articlePageBodySection articlePage_section_continueReading-DS-EntryPoint1-1\" data-col=\"c4\">\n<article>\n<div class=\"views-article-body articlePage_body-DS-EntryPoint1-1\">\n<p class=\"\" data-t=\"{&quot;n&quot;:&quot;blueLinks&quot;}\">Antes de retirarse del lugar, Garc\u00eda Sep\u00falveda indic\u00f3 que su gobierno interpondr\u00e1 de inmediato una denuncia penal para que se inicie la investigaci\u00f3n correspondiente y se determinen las sanciones contra los responsables.<\/p>\n<p class=\"\" data-t=\"{&quot;n&quot;:&quot;blueLinks&quot;}\">Por su parte, personal de la Secretar\u00eda de Medio Ambiente estatal refiri\u00f3 que se abri\u00f3 una carpeta contra la compa\u00f1\u00eda por descarga de aguas residuales, una de las razones por las que se proceder\u00eda a su clausura.<\/p>\n<p class=\"\" data-t=\"{&quot;n&quot;:&quot;blueLinks&quot;}\">Posteriormente, Samuel Garc\u00eda, present\u00f3 ante empresarios el Plan Maestro para Garantizar el Agua de Nuevo Le\u00f3n hasta 2050, donde manifest\u00f3 que desde el domingo, por medio de operativos efectuados con apoyo de la Conagua, se encontraron\u00a0<em>tomas<\/em>\u00a0ilegales en m\u00e1s de 21 ranchos, de donde se han recuperado mil litros de agua por segundo.<\/p>\n<p class=\"\" data-t=\"{&quot;n&quot;:&quot;blueLinks&quot;}\">Recalc\u00f3 que su administraci\u00f3n ha negociado con empresas para que se sumen a la soluci\u00f3n de la escasez de agua en la entidad; agradeci\u00f3 a Ternium y Arka que, dijo, aportan 400 litros por segundo y a\u00f1adi\u00f3 que\u00a0hoy por la tarde (jueves) ir\u00e9 a ver a Heineken a ver cu\u00e1nto nos da, y ma\u00f1ana voy a Caintra (C\u00e1mara de la Industria de la Transformaci\u00f3n) porque tambi\u00e9n tienen que aportar y ayudarle a Nuevo Le\u00f3n a salir de esta crisis.<\/p>\n<p class=\"\" data-t=\"{&quot;n&quot;:&quot;blueLinks&quot;}\">En tanto, Juan Ignacio Barrag\u00e1n dio a conocer que al momento se han presentado 13 denuncias por tomas irregulares en el estado, as\u00ed como 261 reducciones o clausuras; adem\u00e1s de que se atendieron con \u00e9xito 2 mil 564 reportes de fugas, por lo que fueron recuperados mil 298 litros por segundo del l\u00edquido.<\/p>\n<p class=\"\" data-t=\"{&quot;n&quot;:&quot;blueLinks&quot;}\">Asimismo, puntualiz\u00f3 que fueron conectadas a la red de distribuci\u00f3n 63 pozos someros, con mil 315 litros de agua por segundo adicionales.<\/p>\n<p class=\"\" data-t=\"{&quot;n&quot;:&quot;blueLinks&quot;}\">Agreg\u00f3 que la ampliaci\u00f3n de una hora en el horario de suministro de agua, que a partir de ayer es de 4 a 11 horas, est\u00e1 garantizada s\u00f3lo hasta el pr\u00f3ximo 15 de julio, cuando concluye el ciclo escolar en el nivel b\u00e1sico y depender\u00e1 de las lluvias que puedan caer en los pr\u00f3ximos d\u00edas si se mantiene por m\u00e1s tiempo la medida.<\/p>\n<\/div>\n<div class=\"subscriptionPaywall\"><\/div>\n<\/article>\n<div id=\"civsci-id-76398579-AAYA4HI\" data-civicscience-widget=\"dc47b0af-1755-c124-4d1b-758f0eee9014\"><\/div>\n<\/section>\n<\/div>\n<div class=\"articlePage_eoabNativeAd-DS-EntryPoint1-1\"><\/div>\n<div>Con informaci\u00f3n de La Jornada<\/div>\n","protected":false},"excerpt":{"rendered":"<p>Monterrey, NL.\u00a0El rastro municipal de Monterrey, concesionado a la empresa Danes, fue clausurado ayer por contar con tres pozos irregulares, con los que consume alrededor de 3 millones de litros de agua mensuales; en total, en esta semana, se han hecho 13 denuncias por mal uso del l\u00edquido en la entidad, inform\u00f3 Juan Ignacio Barrag\u00e1n Villarreal, director de Servicios de Agua y Drenaje de Monterrey (SADM). En un video publicado en sus redes sociales, el gobernador Samuel Garc\u00eda Sep\u00falveda, del partido Movimiento Ciudadano (MC), public\u00f3 la inspecci\u00f3n que encabez\u00f3 en dicho rastro, junto con personal de SADM, Comisi\u00f3n Nacional del [&hellip;]<\/p>\n","protected":false},"author":3,"featured_media":40055,"comment_status":"open","ping_status":"open","sticky":false,"template":"","format":"standard","meta":{"_jetpack_newsletter_access":"","_jetpack_dont_email_post_to_subs":false,"_jetpack_newsletter_tier_id":0,"_jetpack_memberships_contains_paywalled_content":false,"_jetpack_feature_clip_id":0,"_jetpack_memberships_contains_paid_content":false,"footnotes":"","jetpack_publicize_message":"","jetpack_publicize_feature_enabled":true,"jetpack_social_post_already_shared":true,"jetpack_social_options":{"image_generator_settings":{"template":"highway","default_image_id":0,"font":"","enabled":false},"version":2},"jetpack_post_was_ever_published":false},"categories":[75,72],"tags":[],"class_list":["post-40054","post","type-post","status-publish","format-standard","has-post-thumbnail","hentry","category-nacional","category-portada","post--single"],"jetpack_publicize_connections":[],"jetpack_featured_media_url":"https:\/\/ovelanalista.com\/wp-content\/uploads\/2022\/06\/VACA.jpeg","jetpack_sharing_enabled":true,"_links":{"self":[{"href":"https:\/\/ovelanalista.com\/index.php?rest_route=\/wp\/v2\/posts\/40054","targetHints":{"allow":["GET"]}}],"collection":[{"href":"https:\/\/ovelanalista.com\/index.php?rest_route=\/wp\/v2\/posts"}],"about":[{"href":"https:\/\/ovelanalista.com\/index.php?rest_route=\/wp\/v2\/types\/post"}],"author":[{"embeddable":true,"href":"https:\/\/ovelanalista.com\/index.php?rest_route=\/wp\/v2\/users\/3"}],"replies":[{"embeddable":true,"href":"https:\/\/ovelanalista.com\/index.php?rest_route=%2Fwp%2Fv2%2Fcomments&post=40054"}],"version-history":[{"count":1,"href":"https:\/\/ovelanalista.com\/index.php?rest_route=\/wp\/v2\/posts\/40054\/revisions"}],"predecessor-version":[{"id":40056,"href":"https:\/\/ovelanalista.com\/index.php?rest_route=\/wp\/v2\/posts\/40054\/revisions\/40056"}],"wp:featuredmedia":[{"embeddable":true,"href":"https:\/\/ovelanalista.com\/index.php?rest_route=\/wp\/v2\/media\/40055"}],"wp:attachment":[{"href":"https:\/\/ovelanalista.com\/index.php?rest_route=%2Fwp%2Fv2%2Fmedia&parent=40054"}],"wp:term":[{"taxonomy":"category","embeddable":true,"href":"https:\/\/ovelanalista.com\/index.php?rest_route=%2Fwp%2Fv2%2Fcategories&post=40054"},{"taxonomy":"post_tag","embeddable":true,"href":"https:\/\/ovelanalista.com\/index.php?rest_route=%2Fwp%2Fv2%2Ftags&post=40054"}],"curies":[{"name":"wp","href":"https:\/\/api.w.org\/{rel}","templated":true}]}}