{"id":40463,"date":"2022-06-20T18:10:34","date_gmt":"2022-06-21T00:10:34","guid":{"rendered":"https:\/\/ovelanalista.com\/?p=40463"},"modified":"2022-06-20T18:10:34","modified_gmt":"2022-06-21T00:10:34","slug":"integra-comision-de-fiscalizacion-terna-de-la-que-se-elegira-titular-del-oic-de-la-ase","status":"publish","type":"post","link":"https:\/\/ovelanalista.com\/?p=40463","title":{"rendered":"Integra Comisi\u00f3n de Fiscalizaci\u00f3n terna de la que se elegir\u00e1 titular del OIC de la ASE"},"content":{"rendered":"<div>La Comisi\u00f3n de Fiscalizaci\u00f3n aprob\u00f3 por unanimidad dictamen que contempla una terna de aspirantes para que el Pleno del Congreso de Sinaloa elija a quien ser\u00e1 titular del \u00d3rgano Interno de Control de la Auditor\u00eda Superior del Estado.<\/div>\n<div>Integran la terna por haber recibido mayor\u00eda de votos:<\/div>\n<div>V\u00edctor Alfonso Calder\u00f3n Derat, con seis votos,<\/div>\n<div>Sa\u00fal P\u00e9rez Meza, con cinco votos, y<\/div>\n<div>Sergio Arteaga Ram\u00edrez, con tres votos.<\/div>\n<div>De la Comisi\u00f3n de Fiscalizaci\u00f3n participaron los diputados y diputadas Sergio Mario Arredondo Salas, Marco Antonio Zazueta Zazueta, Alba Virgen Montes \u00c1lvarez, Adolfo Beltr\u00e1n Corrales, Nela Rosiely S\u00e1nchez S\u00e1nchez, C\u00e9sar Ismael Guerrero Alarc\u00f3n, y Rita Fierro Reyes, presidente, secretario y vocales, respectivamente.<\/div>\n<div>La votaci\u00f3n de quienes integran la terna se dio en dos fases. En una fueron electos V\u00edctor Alfonso Calder\u00f3n Derat y Sa\u00fal P\u00e9rez Meza, por haber ocupado el primero y segundo lugar en votaci\u00f3n.<\/div>\n<div>El tercer lugar tuvo un empate de tres votos respectivamente a favor de Rafael Mart\u00edn Bastidas Adri\u00e1n y Sergio Arteaga Ram\u00edrez.<\/div>\n<div>Ante ello se volvi\u00f3 a votar para definir el tercer lugar, pero nuevamente se empat\u00f3 con tres votos cada uno, y se procedi\u00f3 a declarar un receso de tres horas.<\/div>\n<div>Al reanudarse la reuni\u00f3n de trabajo, el presidente de la Comisi\u00f3n de Fiscalizaci\u00f3n, Sergio Mario Arredondo inform\u00f3 que durante el receso, a las 16:20 horas, se recibi\u00f3 un oficio de parte de Rafael Mart\u00edn Bastidas Adri\u00e1n, el cual iba dirigido a la Comisi\u00f3n de Fiscalizaci\u00f3n e informaba que se retiraba del proceso de selecci\u00f3n para as\u00ed atender intereses de \u00edndole particular.<\/div>\n<div>En consecuencia, la Comisi\u00f3n de Fiscalizaci\u00f3n design\u00f3 a Sergio Arteaga Ram\u00edrez como el tercer integrante de la terna.<\/div>\n<div>De acuerdo al dictamen aprobado este lunes por la Comisi\u00f3n de Fiscalizaci\u00f3n, ser\u00e1 el Pleno quien finalmente llevar\u00e1 a cabo la elecci\u00f3n\u00a0 en escrutinio secreto en Sesi\u00f3n Ordinaria para elegir de la terna a quien ocupar\u00e1 la titularidad del \u00d3rgano Interno de Control de la Auditor\u00eda Superior del Estado.<\/div>\n<div>En el dictamen aprobado se acuerda notificar personalmente el contenido del mismo a las siete personas que fueron electas como aspirantes y cita a quienes conforman la terna para que comparezca ante el Congreso del Estado a rendir protesta de Ley en la Sesi\u00f3n Ordinaria que este determine.<\/div>\n<div>El pasado 13 de junio la Comisi\u00f3n de Fiscalizaci\u00f3n entrevist\u00f3 a siete aspirantes a ocupar la titularidad del \u00d3rgano Interno de Control de la Auditor\u00eda Superior del Estado.<\/div>\n<div>En las entrevistas, los y la aspirante expusieron sus respectivos programas de trabajo y sustentaron la idoneidad que tienen para ocupar el cargo.<\/div>\n","protected":false},"excerpt":{"rendered":"<p>La Comisi\u00f3n de Fiscalizaci\u00f3n aprob\u00f3 por unanimidad dictamen que contempla una terna de aspirantes para que el Pleno del Congreso de Sinaloa elija a quien ser\u00e1 titular del \u00d3rgano Interno de Control de la Auditor\u00eda Superior del Estado. Integran la terna por haber recibido mayor\u00eda de votos: V\u00edctor Alfonso Calder\u00f3n Derat, con seis votos, Sa\u00fal P\u00e9rez Meza, con cinco votos, y Sergio Arteaga Ram\u00edrez, con tres votos. De la Comisi\u00f3n de Fiscalizaci\u00f3n participaron los diputados y diputadas Sergio Mario Arredondo Salas, Marco Antonio Zazueta Zazueta, Alba Virgen Montes \u00c1lvarez, Adolfo Beltr\u00e1n Corrales, Nela Rosiely S\u00e1nchez S\u00e1nchez, C\u00e9sar Ismael Guerrero Alarc\u00f3n, [&hellip;]<\/p>\n","protected":false},"author":3,"featured_media":40464,"comment_status":"open","ping_status":"open","sticky":false,"template":"","format":"standard","meta":{"_jetpack_newsletter_access":"","_jetpack_dont_email_post_to_subs":false,"_jetpack_newsletter_tier_id":0,"_jetpack_memberships_contains_paywalled_content":false,"_jetpack_feature_clip_id":0,"_jetpack_memberships_contains_paid_content":false,"footnotes":"","jetpack_publicize_message":"","jetpack_publicize_feature_enabled":true,"jetpack_social_post_already_shared":true,"jetpack_social_options":{"image_generator_settings":{"template":"highway","default_image_id":0,"font":"","enabled":false},"version":2},"jetpack_post_was_ever_published":false},"categories":[90,72],"tags":[],"class_list":["post-40463","post","type-post","status-publish","format-standard","has-post-thumbnail","hentry","category-estatal","category-portada","post--single"],"jetpack_publicize_connections":[],"jetpack_featured_media_url":"https:\/\/ovelanalista.com\/wp-content\/uploads\/2022\/06\/WhatsApp-Image-2022-06-20-at-6.00.40-PM.jpeg","jetpack_sharing_enabled":true,"_links":{"self":[{"href":"https:\/\/ovelanalista.com\/index.php?rest_route=\/wp\/v2\/posts\/40463","targetHints":{"allow":["GET"]}}],"collection":[{"href":"https:\/\/ovelanalista.com\/index.php?rest_route=\/wp\/v2\/posts"}],"about":[{"href":"https:\/\/ovelanalista.com\/index.php?rest_route=\/wp\/v2\/types\/post"}],"author":[{"embeddable":true,"href":"https:\/\/ovelanalista.com\/index.php?rest_route=\/wp\/v2\/users\/3"}],"replies":[{"embeddable":true,"href":"https:\/\/ovelanalista.com\/index.php?rest_route=%2Fwp%2Fv2%2Fcomments&post=40463"}],"version-history":[{"count":1,"href":"https:\/\/ovelanalista.com\/index.php?rest_route=\/wp\/v2\/posts\/40463\/revisions"}],"predecessor-version":[{"id":40465,"href":"https:\/\/ovelanalista.com\/index.php?rest_route=\/wp\/v2\/posts\/40463\/revisions\/40465"}],"wp:featuredmedia":[{"embeddable":true,"href":"https:\/\/ovelanalista.com\/index.php?rest_route=\/wp\/v2\/media\/40464"}],"wp:attachment":[{"href":"https:\/\/ovelanalista.com\/index.php?rest_route=%2Fwp%2Fv2%2Fmedia&parent=40463"}],"wp:term":[{"taxonomy":"category","embeddable":true,"href":"https:\/\/ovelanalista.com\/index.php?rest_route=%2Fwp%2Fv2%2Fcategories&post=40463"},{"taxonomy":"post_tag","embeddable":true,"href":"https:\/\/ovelanalista.com\/index.php?rest_route=%2Fwp%2Fv2%2Ftags&post=40463"}],"curies":[{"name":"wp","href":"https:\/\/api.w.org\/{rel}","templated":true}]}}