{"id":44241,"date":"2022-07-15T16:45:41","date_gmt":"2022-07-15T22:45:41","guid":{"rendered":"https:\/\/ovelanalista.com\/?p=44241"},"modified":"2022-07-15T15:03:22","modified_gmt":"2022-07-15T21:03:22","slug":"la-sep-le-quita-el-95-del-presupuesto-a-educacion-especial","status":"publish","type":"post","link":"https:\/\/ovelanalista.com\/?p=44241","title":{"rendered":"La SEP le quita el 95% del presupuesto a Educaci\u00f3n Especial"},"content":{"rendered":"<p><img decoding=\"async\" class=\"articlePage_TtvrImageMarker-DS-EntryPoint1-1\" src=\"data:image\/png;base64,iVBORw0KGgoAAAANSUhEUgAAAAEAAAABCAQAAAC1HAwCAAAAC0lEQVR42mNkYAAAAAYAAjCB0C8AAAAASUVORK5CYII=\" \/><span style=\"font-size: 1.21429rem;\">El 3 de diciembre, D\u00eda Internacional de las Personas con Discapacidad, la secretaria de Educaci\u00f3n P\u00fablica,\u00a0<\/span><strong style=\"font-size: 1.21429rem;\">Delfina G\u00f3mez,<\/strong><span style=\"font-size: 1.21429rem;\">\u00a0anunci\u00f3 \u201cun aumento hist\u00f3rico de m\u00e1s de 650 millones de pesos (mdp) a educaci\u00f3n especial para 2022\u201d.<\/span><\/p>\n<article>\n<div class=\"views-article-body articlePage_body-DS-EntryPoint1-1\">\n<div class=\"article-image-container\" data-t=\"{&quot;n&quot;:&quot;OpenModal&quot;,&quot;t&quot;:13}\">\n<p data-t=\"{&quot;n&quot;:&quot;blueLinks&quot;}\">A mitad del a\u00f1o, seg\u00fan un an\u00e1lisis de la organizaci\u00f3n civil Mexicanos Primero, esta cartera solo ha ejercido 40 por ciento del\u00a0<strong>presupuesto<\/strong>\u00a0de todo el a\u00f1o.<\/p>\n<p data-t=\"{&quot;n&quot;:&quot;blueLinks&quot;}\">Pero, hilando fino, el peor subejercicio correspondi\u00f3 al rubro S295 que corresponde a\u00a0<strong>Fortalecimiento de los Servicios de Educaci\u00f3n Especial<\/strong>. Para apoyar a los Centros de Atenci\u00f3n M\u00faltiple (CAM) y a las Unidades de Servicios de Apoyo a la Educaci\u00f3n Regular (USAER) la SEP aplic\u00f3 un recorte de 430.9 mdp, pasando de 433.1 mdp a s\u00f3lo 2.2 mdp. Es decir que\u00a0<strong>solo se distribuy\u00f3 el 0.5 por ciento de los recursos aprobados y etiquetados<\/strong>\u00a0para dar \u2018fortalecimiento\u2019 a los 6,369 que est\u00e1n habilitados en todo el pa\u00eds.<\/p>\n<p data-t=\"{&quot;n&quot;:&quot;blueLinks&quot;}\">\u201cLos recortes al ejercicio del presupuesto para estudiantes con discapacidad, muestra, una vez m\u00e1s, que para las autoridades no significan una preocupaci\u00f3n y les dejan de nuevo rezagados en su derecho a aprender\u201d, agrega el reporte de Mexicanos Primero.<\/p>\n<p class=\"continue-read-break\" data-t=\"{&quot;n&quot;:&quot;blueLinks&quot;}\">En aquel anuncio la SEP de diciembre pasado se hac\u00eda hincapi\u00e9 que \u201ca diferencia de los 58 mdp ejercidos en 2021, para 2022 habr\u00eda una bolsa de m\u00e1s de 715 millones de pesos\u201d, que ser\u00edan utilizados para apoyar a todas las instituciones y centros que otorgan servicios para ese modelo educativo en el nivel b\u00e1sico.<\/p>\n<p data-t=\"{&quot;n&quot;:&quot;blueLinks&quot;}\">Actualmente son 170 mil los estudiantes con discapacidad que est\u00e1n registrados en todo el pa\u00eds en estos servicios.<\/p>\n<p data-t=\"{&quot;n&quot;:&quot;blueLinks&quot;}\">\u201cEl presupuesto destinado este a\u00f1o significaba un avance en la inclusi\u00f3n de dichos grupos de estudiantes y la atenci\u00f3n pertinente y focalizada a sus necesidades\u201d, agrega el reporte de la organizaci\u00f3n civil.<\/p>\n<p data-t=\"{&quot;n&quot;:&quot;blueLinks&quot;}\">\u00bfCu\u00e1nto dinero le queda para este 2022 a la Educaci\u00f3n Especial de los 650 mdp asignados? Solo 282.8 mdp, es decir menos de una tercera parte de los recursos \u2018etiquetados\u2019 para alumnos con discapacidad de educaci\u00f3n b\u00e1sica.<\/p>\n<\/div>\n<\/div>\n<\/article>\n<div class=\"ap_single_fondea_text\"><\/div>\n<div>Con informaci\u00f3n de Animal Pol\u00edtico<\/div>\n","protected":false},"excerpt":{"rendered":"<p>El 3 de diciembre, D\u00eda Internacional de las Personas con Discapacidad, la secretaria de Educaci\u00f3n P\u00fablica,\u00a0Delfina G\u00f3mez,\u00a0anunci\u00f3 \u201cun aumento hist\u00f3rico de m\u00e1s de 650 millones de pesos (mdp) a educaci\u00f3n especial para 2022\u201d. A mitad del a\u00f1o, seg\u00fan un an\u00e1lisis de la organizaci\u00f3n civil Mexicanos Primero, esta cartera solo ha ejercido 40 por ciento del\u00a0presupuesto\u00a0de todo el a\u00f1o. Pero, hilando fino, el peor subejercicio correspondi\u00f3 al rubro S295 que corresponde a\u00a0Fortalecimiento de los Servicios de Educaci\u00f3n Especial. Para apoyar a los Centros de Atenci\u00f3n M\u00faltiple (CAM) y a las Unidades de Servicios de Apoyo a la Educaci\u00f3n Regular (USAER) la [&hellip;]<\/p>\n","protected":false},"author":3,"featured_media":44242,"comment_status":"open","ping_status":"open","sticky":false,"template":"","format":"standard","meta":{"_jetpack_newsletter_access":"","_jetpack_dont_email_post_to_subs":false,"_jetpack_newsletter_tier_id":0,"_jetpack_memberships_contains_paywalled_content":false,"_jetpack_feature_clip_id":0,"_jetpack_memberships_contains_paid_content":false,"footnotes":"","jetpack_publicize_message":"","jetpack_publicize_feature_enabled":true,"jetpack_social_post_already_shared":true,"jetpack_social_options":{"image_generator_settings":{"template":"highway","default_image_id":0,"font":"","enabled":false},"version":2},"jetpack_post_was_ever_published":false},"categories":[75,72],"tags":[],"class_list":["post-44241","post","type-post","status-publish","format-standard","has-post-thumbnail","hentry","category-nacional","category-portada","post--single"],"jetpack_publicize_connections":[],"jetpack_featured_media_url":"https:\/\/ovelanalista.com\/wp-content\/uploads\/2022\/07\/ESCUELA.jpeg","jetpack_sharing_enabled":true,"_links":{"self":[{"href":"https:\/\/ovelanalista.com\/index.php?rest_route=\/wp\/v2\/posts\/44241","targetHints":{"allow":["GET"]}}],"collection":[{"href":"https:\/\/ovelanalista.com\/index.php?rest_route=\/wp\/v2\/posts"}],"about":[{"href":"https:\/\/ovelanalista.com\/index.php?rest_route=\/wp\/v2\/types\/post"}],"author":[{"embeddable":true,"href":"https:\/\/ovelanalista.com\/index.php?rest_route=\/wp\/v2\/users\/3"}],"replies":[{"embeddable":true,"href":"https:\/\/ovelanalista.com\/index.php?rest_route=%2Fwp%2Fv2%2Fcomments&post=44241"}],"version-history":[{"count":1,"href":"https:\/\/ovelanalista.com\/index.php?rest_route=\/wp\/v2\/posts\/44241\/revisions"}],"predecessor-version":[{"id":44243,"href":"https:\/\/ovelanalista.com\/index.php?rest_route=\/wp\/v2\/posts\/44241\/revisions\/44243"}],"wp:featuredmedia":[{"embeddable":true,"href":"https:\/\/ovelanalista.com\/index.php?rest_route=\/wp\/v2\/media\/44242"}],"wp:attachment":[{"href":"https:\/\/ovelanalista.com\/index.php?rest_route=%2Fwp%2Fv2%2Fmedia&parent=44241"}],"wp:term":[{"taxonomy":"category","embeddable":true,"href":"https:\/\/ovelanalista.com\/index.php?rest_route=%2Fwp%2Fv2%2Fcategories&post=44241"},{"taxonomy":"post_tag","embeddable":true,"href":"https:\/\/ovelanalista.com\/index.php?rest_route=%2Fwp%2Fv2%2Ftags&post=44241"}],"curies":[{"name":"wp","href":"https:\/\/api.w.org\/{rel}","templated":true}]}}