{"id":44244,"date":"2022-07-15T17:00:32","date_gmt":"2022-07-15T23:00:32","guid":{"rendered":"https:\/\/ovelanalista.com\/?p=44244"},"modified":"2022-07-15T15:04:54","modified_gmt":"2022-07-15T21:04:54","slug":"gobierno-expropiara-terrenos-para-ruta-del-tren-suburbano-al-aeropuerto-de-santa-lucia","status":"publish","type":"post","link":"https:\/\/ovelanalista.com\/?p=44244","title":{"rendered":"Gobierno expropiar\u00e1 terrenos para ruta del Tren Suburbano al aeropuerto de Santa Luc\u00eda"},"content":{"rendered":"<p data-t=\"{&quot;n&quot;:&quot;blueLinks&quot;}\">La\u00a0<a tabindex=\"0\" href=\"https:\/\/www.milenio.com\/temas\/sict\" target=\"_blank\" rel=\"noopener\" data-t=\"{&quot;n&quot;:&quot;destination&quot;,&quot;t&quot;:13,&quot;b&quot;:1,&quot;c.t&quot;:7}\">Secretar\u00eda de Infraestructura Comunicaciones y Transportes<\/a>\u00a0(<b>SICT<\/b>) dio a conocer que se declara de\u00a0<b>utilidad p\u00fablica la construcci\u00f3n del patio de maniobras<\/b>, necesario para la ampliaci\u00f3n de la l\u00ednea 1 del\u00a0<a tabindex=\"0\" href=\"https:\/\/www.milenio.com\/temas\/tren-suburbano\" target=\"_blank\" rel=\"noopener\" data-t=\"{&quot;n&quot;:&quot;destination&quot;,&quot;t&quot;:13,&quot;b&quot;:1,&quot;c.t&quot;:7}\"><b>Tren Suburbano<\/b><\/a>\u00a0de la estaci\u00f3n\u00a0<b>Lecher\u00eda\u00a0<\/b>hacia el\u00a0<a tabindex=\"0\" href=\"https:\/\/www.milenio.com\/temas\/aifa\" target=\"_blank\" rel=\"noopener\" data-t=\"{&quot;n&quot;:&quot;destination&quot;,&quot;t&quot;:13,&quot;b&quot;:1,&quot;c.t&quot;:7}\">Aeropuerto Internacional Felipe \u00c1ngeles<\/a>\u00a0(<b>AIFA<\/b>), por lo que se realizar\u00e1 la expropiaci\u00f3n de terrenos.<\/p>\n<p data-t=\"{&quot;n&quot;:&quot;blueLinks&quot;}\">La\u00a0<b>SICT\u00a0<\/b>indic\u00f3 que la superficie total de los terrenos que entrar\u00e1 en el proceso de expropiaci\u00f3n es de 52 mil 329 metro cuadrados y se ubica en los municipios de\u00a0<b>Tultepec y Tultil\u00e1n, Estado de M\u00e9xico<\/b>.<\/p>\n<p data-t=\"{&quot;n&quot;:&quot;blueLinks&quot;}\">De acuerdo con la dependencia para los trabajos de ampliaci\u00f3n de la l\u00ednea 1 del\u00a0<b>Tren Suburbano<\/b>\u00a0hacia el\u00a0<b>AIFA\u00a0<\/b>se requiere la reubicaci\u00f3n de un patio de maniobras de carga y la construcci\u00f3n de uno nuevo, que servir\u00e1 para realizar diversas operaciones ferroviarias, entre otras la formaci\u00f3n de trenes, carga y descarga de mercanc\u00edas y estacionamiento de trenes.<\/p>\n<blockquote><p>\u201cLa\u00a0<b>Secretar\u00eda de Infraestructura, Comunicaciones y Transportes,<\/b>\u00a0integr\u00f3 el expediente de expropiaci\u00f3n n\u00famero 01\/MEX\/2022, en el cual constan los elementos t\u00e9cnicos que justifican la idoneidad de los bienes materia de la presente declaratoria, para atender la causa de utilidad p\u00fablica, como son, entre otros, estudios fotogram\u00e9tricos, anteproyecto y proyecto constructivo realizados sobre los terrenos que por su ubicaci\u00f3n son indispensables para construir el patio de maniobras de carga\u201d, indic\u00f3 la dependencia.<\/p><\/blockquote>\n<p data-t=\"{&quot;n&quot;:&quot;blueLinks&quot;}\"><b>La SICT manifest\u00f3 que de conformidad con la ley de expropiaci\u00f3n es de utilidad p\u00fablica la construcci\u00f3n de obras destinadas a prestar servicios de beneficio colectivo\u00a0<\/b>y los casos previstos por leyes especiales, asimismo conforme a la ley reglamentaria del servicio ferroviario es de utilidad p\u00fablica la construcci\u00f3n, conservaci\u00f3n y mantenimiento de las v\u00edas f\u00e9rreas.<\/p>\n<p class=\"continue-read-break\" data-t=\"{&quot;n&quot;:&quot;blueLinks&quot;}\">En d\u00edas pasados, la\u00a0<b>Auditor\u00eda Superior de la Federaci\u00f3n (ASF)<\/b>\u00a0revel\u00f3 que la falta del derecho de v\u00eda para construir el patio de maniobras del Tren Suburbano Lecher\u00eda-Jaltoc\u00e1n-AIFA provoc\u00f3 que la obra acumulara cuatro meses de retraso.<\/p>\n<p data-t=\"{&quot;n&quot;:&quot;blueLinks&quot;}\">\n<p data-t=\"{&quot;n&quot;:&quot;blueLinks&quot;}\">Con informaci\u00f3n de Milenio<\/p>\n","protected":false},"excerpt":{"rendered":"<p>La\u00a0Secretar\u00eda de Infraestructura Comunicaciones y Transportes\u00a0(SICT) dio a conocer que se declara de\u00a0utilidad p\u00fablica la construcci\u00f3n del patio de maniobras, necesario para la ampliaci\u00f3n de la l\u00ednea 1 del\u00a0Tren Suburbano\u00a0de la estaci\u00f3n\u00a0Lecher\u00eda\u00a0hacia el\u00a0Aeropuerto Internacional Felipe \u00c1ngeles\u00a0(AIFA), por lo que se realizar\u00e1 la expropiaci\u00f3n de terrenos. La\u00a0SICT\u00a0indic\u00f3 que la superficie total de los terrenos que entrar\u00e1 en el proceso de expropiaci\u00f3n es de 52 mil 329 metro cuadrados y se ubica en los municipios de\u00a0Tultepec y Tultil\u00e1n, Estado de M\u00e9xico. De acuerdo con la dependencia para los trabajos de ampliaci\u00f3n de la l\u00ednea 1 del\u00a0Tren Suburbano\u00a0hacia el\u00a0AIFA\u00a0se requiere la reubicaci\u00f3n de [&hellip;]<\/p>\n","protected":false},"author":3,"featured_media":44245,"comment_status":"open","ping_status":"open","sticky":false,"template":"","format":"standard","meta":{"_jetpack_newsletter_access":"","_jetpack_dont_email_post_to_subs":false,"_jetpack_newsletter_tier_id":0,"_jetpack_memberships_contains_paywalled_content":false,"_jetpack_feature_clip_id":0,"_jetpack_memberships_contains_paid_content":false,"footnotes":"","jetpack_publicize_message":"","jetpack_publicize_feature_enabled":true,"jetpack_social_post_already_shared":true,"jetpack_social_options":{"image_generator_settings":{"template":"highway","default_image_id":0,"font":"","enabled":false},"version":2},"jetpack_post_was_ever_published":false},"categories":[75,72],"tags":[],"class_list":["post-44244","post","type-post","status-publish","format-standard","has-post-thumbnail","hentry","category-nacional","category-portada","post--single"],"jetpack_publicize_connections":[],"jetpack_featured_media_url":"https:\/\/ovelanalista.com\/wp-content\/uploads\/2022\/07\/Tren-Suburbano.jpeg","jetpack_sharing_enabled":true,"_links":{"self":[{"href":"https:\/\/ovelanalista.com\/index.php?rest_route=\/wp\/v2\/posts\/44244","targetHints":{"allow":["GET"]}}],"collection":[{"href":"https:\/\/ovelanalista.com\/index.php?rest_route=\/wp\/v2\/posts"}],"about":[{"href":"https:\/\/ovelanalista.com\/index.php?rest_route=\/wp\/v2\/types\/post"}],"author":[{"embeddable":true,"href":"https:\/\/ovelanalista.com\/index.php?rest_route=\/wp\/v2\/users\/3"}],"replies":[{"embeddable":true,"href":"https:\/\/ovelanalista.com\/index.php?rest_route=%2Fwp%2Fv2%2Fcomments&post=44244"}],"version-history":[{"count":1,"href":"https:\/\/ovelanalista.com\/index.php?rest_route=\/wp\/v2\/posts\/44244\/revisions"}],"predecessor-version":[{"id":44246,"href":"https:\/\/ovelanalista.com\/index.php?rest_route=\/wp\/v2\/posts\/44244\/revisions\/44246"}],"wp:featuredmedia":[{"embeddable":true,"href":"https:\/\/ovelanalista.com\/index.php?rest_route=\/wp\/v2\/media\/44245"}],"wp:attachment":[{"href":"https:\/\/ovelanalista.com\/index.php?rest_route=%2Fwp%2Fv2%2Fmedia&parent=44244"}],"wp:term":[{"taxonomy":"category","embeddable":true,"href":"https:\/\/ovelanalista.com\/index.php?rest_route=%2Fwp%2Fv2%2Fcategories&post=44244"},{"taxonomy":"post_tag","embeddable":true,"href":"https:\/\/ovelanalista.com\/index.php?rest_route=%2Fwp%2Fv2%2Ftags&post=44244"}],"curies":[{"name":"wp","href":"https:\/\/api.w.org\/{rel}","templated":true}]}}