{"id":44247,"date":"2022-07-15T17:15:03","date_gmt":"2022-07-15T23:15:03","guid":{"rendered":"https:\/\/ovelanalista.com\/?p=44247"},"modified":"2022-07-15T15:06:09","modified_gmt":"2022-07-15T21:06:09","slug":"juez-niega-amparo-contra-acuerdo-sobre-precios-maximos-de-gas-lp","status":"publish","type":"post","link":"https:\/\/ovelanalista.com\/?p=44247","title":{"rendered":"Juez niega amparo contra acuerdo sobre precios m\u00e1ximos de gas LP"},"content":{"rendered":"<p data-t=\"{&quot;n&quot;:&quot;blueLinks&quot;}\">Un juez especializado emiti\u00f3 una sentencia a favor de la\u00a0<a tabindex=\"0\" href=\"https:\/\/www.milenio.com\/temas\/cre\" target=\"_blank\" rel=\"noopener\" data-t=\"{&quot;n&quot;:&quot;destination&quot;,&quot;t&quot;:13,&quot;b&quot;:1,&quot;c.t&quot;:7}\">Comisi\u00f3n Reguladora de Energ\u00eda<\/a>\u00a0<b>(CRE)<\/b>, al\u00a0<b>negar un amparo promovido contra el acuerdo A024\/2021<\/b>\u00a0por el que se establece la regulaci\u00f3n de precios m\u00e1ximos de\u00a0<a tabindex=\"0\" href=\"https:\/\/www.milenio.com\/temas\/gaslp\" target=\"_blank\" rel=\"noopener\" data-t=\"{&quot;n&quot;:&quot;destination&quot;,&quot;t&quot;:13,&quot;b&quot;:1,&quot;c.t&quot;:7}\">gas Licuado de Petr\u00f3leo<\/a>\u00a0(gas LP)\u00a0objeto de venta al usuario.<\/p>\n<p data-t=\"{&quot;n&quot;:&quot;blueLinks&quot;}\">Hace un a\u00f1o, el 29 de julio de 2021, la\u00a0<a tabindex=\"0\" href=\"https:\/\/www.milenio.com\/temas\/sener\" target=\"_blank\" rel=\"noopener\" data-t=\"{&quot;n&quot;:&quot;destination&quot;,&quot;t&quot;:13,&quot;b&quot;:1,&quot;c.t&quot;:7}\">Secretar\u00eda de Energ\u00eda<\/a>\u00a0<b>(Sener)<\/b>\u00a0p\u00fablico la directriz de emergencia para\u00a0<b>el bienestar del consumidor de gas licuado de petr\u00f3leo<\/b>, que buscaba proteger los intereses de los usuarios finales.<\/p>\n<p data-t=\"{&quot;n&quot;:&quot;blueLinks&quot;}\"><b>El acuerdo estableci\u00f3 los precios m\u00e1ximos para venta de gas LP a usuarios finales<\/b>, con el fin de contener un aumento de precios, los cuales son publicados cada semana de manera electr\u00f3nica en la p\u00e1gina de la CFE.<\/p>\n<blockquote><p>&#8220;Este \u00f3rgano de control de constitucionalidad decide negar el amparo (&#8230;), contra los actos reclamados a la autoridad responsable Comisi\u00f3n Reguladora de Energ\u00eda, consistentes en el<b>\u00a0Acuerdo A\/024\/2021\u00a0<\/b>que establece la regulaci\u00f3n de precios m\u00e1ximos de gas licuado de petr\u00f3leo objeto de venta al usuario final&#8221;, se\u00f1al\u00f3 el documento.<\/p><\/blockquote>\n<p data-t=\"{&quot;n&quot;:&quot;blueLinks&quot;}\">\u200bEl d\u00eda de ayer un juzgado primero en materia de\u00a0<a tabindex=\"0\" href=\"https:\/\/www.milenio.com\/temas\/competenciaeconomica\" target=\"_blank\" rel=\"noopener\" data-t=\"{&quot;n&quot;:&quot;destination&quot;,&quot;t&quot;:13,&quot;b&quot;:1,&quot;c.t&quot;:7}\">competencia econ\u00f3mica<\/a>\u00a0<b>concedi\u00f3 la suspensi\u00f3n definitiva a una empresa que impugn\u00f3 dicho acuerdo<\/b>\u00a0y hacia finales del a\u00f1o pasado A finales del a\u00f1o pasado, ya se hab\u00eda negado la suspensi\u00f3n definitiva a seis gaseras que impugnaron el acuerdo.<\/p>\n<p class=\"continue-read-break\" data-t=\"{&quot;n&quot;:&quot;blueLinks&quot;}\">En su momento cuando fue aprobado dicho proyecto la comisionada de la CRE, Norma Leticia Campos Arag\u00f3n dijo que\u00a0<b>desde la liberaci\u00f3n de precios del gas del 2013<\/b>, por la reforma energ\u00e9tica,\u00a0<b>los costos gas LP no dejaron de aumentar\u00a0<\/b>y destac\u00f3 el incremento de m\u00e1s de 30 por ciento al finalizar el 2017 y del 16 por ciento en 2020.<\/p>\n<p data-t=\"{&quot;n&quot;:&quot;blueLinks&quot;}\">Se\u00f1al\u00f3 que en junio de ese a\u00f1o,\u00a0<b>la CRE proporcion\u00f3 a la<\/b>\u00a0<a tabindex=\"0\" href=\"https:\/\/www.milenio.com\/temas\/cofece\" target=\"_blank\" rel=\"noopener\" data-t=\"{&quot;n&quot;:&quot;destination&quot;,&quot;t&quot;:13,&quot;b&quot;:1,&quot;c.t&quot;:7}\">Cofece<\/a>\u00a0<b>toda la informaci\u00f3n relativa a la cadena de valor de gas LP<\/b>\u00a0correspondiente a los \u00faltimos tres a\u00f1os y acus\u00f3 que pese a los a\u00f1os que tuvieron para emitir la declaratoria de inexistencia de competencia, no lo hicieron.<\/p>\n<p data-t=\"{&quot;n&quot;:&quot;blueLinks&quot;}\">\n<p data-t=\"{&quot;n&quot;:&quot;blueLinks&quot;}\">Con informaci\u00f3n de Milenio<\/p>\n","protected":false},"excerpt":{"rendered":"<p>Un juez especializado emiti\u00f3 una sentencia a favor de la\u00a0Comisi\u00f3n Reguladora de Energ\u00eda\u00a0(CRE), al\u00a0negar un amparo promovido contra el acuerdo A024\/2021\u00a0por el que se establece la regulaci\u00f3n de precios m\u00e1ximos de\u00a0gas Licuado de Petr\u00f3leo\u00a0(gas LP)\u00a0objeto de venta al usuario. Hace un a\u00f1o, el 29 de julio de 2021, la\u00a0Secretar\u00eda de Energ\u00eda\u00a0(Sener)\u00a0p\u00fablico la directriz de emergencia para\u00a0el bienestar del consumidor de gas licuado de petr\u00f3leo, que buscaba proteger los intereses de los usuarios finales. El acuerdo estableci\u00f3 los precios m\u00e1ximos para venta de gas LP a usuarios finales, con el fin de contener un aumento de precios, los cuales son publicados [&hellip;]<\/p>\n","protected":false},"author":3,"featured_media":44248,"comment_status":"open","ping_status":"open","sticky":false,"template":"","format":"standard","meta":{"_jetpack_newsletter_access":"","_jetpack_dont_email_post_to_subs":false,"_jetpack_newsletter_tier_id":0,"_jetpack_memberships_contains_paywalled_content":false,"_jetpack_feature_clip_id":0,"_jetpack_memberships_contains_paid_content":false,"footnotes":"","jetpack_publicize_message":"","jetpack_publicize_feature_enabled":true,"jetpack_social_post_already_shared":true,"jetpack_social_options":{"image_generator_settings":{"template":"highway","default_image_id":0,"font":"","enabled":false},"version":2},"jetpack_post_was_ever_published":false},"categories":[75,72],"tags":[],"class_list":["post-44247","post","type-post","status-publish","format-standard","has-post-thumbnail","hentry","category-nacional","category-portada","post--single"],"jetpack_publicize_connections":[],"jetpack_featured_media_url":"https:\/\/ovelanalista.com\/wp-content\/uploads\/2022\/07\/gas-LP-.jpeg","jetpack_sharing_enabled":true,"_links":{"self":[{"href":"https:\/\/ovelanalista.com\/index.php?rest_route=\/wp\/v2\/posts\/44247","targetHints":{"allow":["GET"]}}],"collection":[{"href":"https:\/\/ovelanalista.com\/index.php?rest_route=\/wp\/v2\/posts"}],"about":[{"href":"https:\/\/ovelanalista.com\/index.php?rest_route=\/wp\/v2\/types\/post"}],"author":[{"embeddable":true,"href":"https:\/\/ovelanalista.com\/index.php?rest_route=\/wp\/v2\/users\/3"}],"replies":[{"embeddable":true,"href":"https:\/\/ovelanalista.com\/index.php?rest_route=%2Fwp%2Fv2%2Fcomments&post=44247"}],"version-history":[{"count":2,"href":"https:\/\/ovelanalista.com\/index.php?rest_route=\/wp\/v2\/posts\/44247\/revisions"}],"predecessor-version":[{"id":44250,"href":"https:\/\/ovelanalista.com\/index.php?rest_route=\/wp\/v2\/posts\/44247\/revisions\/44250"}],"wp:featuredmedia":[{"embeddable":true,"href":"https:\/\/ovelanalista.com\/index.php?rest_route=\/wp\/v2\/media\/44248"}],"wp:attachment":[{"href":"https:\/\/ovelanalista.com\/index.php?rest_route=%2Fwp%2Fv2%2Fmedia&parent=44247"}],"wp:term":[{"taxonomy":"category","embeddable":true,"href":"https:\/\/ovelanalista.com\/index.php?rest_route=%2Fwp%2Fv2%2Fcategories&post=44247"},{"taxonomy":"post_tag","embeddable":true,"href":"https:\/\/ovelanalista.com\/index.php?rest_route=%2Fwp%2Fv2%2Ftags&post=44247"}],"curies":[{"name":"wp","href":"https:\/\/api.w.org\/{rel}","templated":true}]}}