{"id":44251,"date":"2022-07-15T17:30:17","date_gmt":"2022-07-15T23:30:17","guid":{"rendered":"https:\/\/ovelanalista.com\/?p=44251"},"modified":"2022-07-15T15:09:37","modified_gmt":"2022-07-15T21:09:37","slug":"es-un-asco-juanito-se-destapa-para-presidente-en-2024-y-arremete-contra-amlo-video","status":"publish","type":"post","link":"https:\/\/ovelanalista.com\/?p=44251","title":{"rendered":"\u201cEs un asco\u201d: \u2018Juanito\u2019 se destapa para presidente en 2024 y arremete contra AMLO | VIDEO"},"content":{"rendered":"<p><span style=\"font-size: 1.21429rem;\">\u00bfRecuerdas a <\/span><strong style=\"font-size: 1.21429rem;\">Rafael Acosta\u00a0\u2018Juanito\u2019<\/strong><span style=\"font-size: 1.21429rem;\">, aquel personaje que compiti\u00f3 por la alcald\u00eda\u00a0<\/span><strong style=\"font-size: 1.21429rem;\">Iztapalapa\u00a0<\/strong><span style=\"font-size: 1.21429rem;\">en 2009 y que fue apoyado por\u00a0<\/span><strong style=\"font-size: 1.21429rem;\">AMLO<\/strong><span style=\"font-size: 1.21429rem;\">, pero luego hubo un distanciamiento y acabaron siendo adversarios en la pol\u00edtica? Pues ahora asegur\u00f3 que quiere ser\u00a0<\/span><strong style=\"font-size: 1.21429rem;\">presidente\u00a0<\/strong><span style=\"font-size: 1.21429rem;\">de M\u00e9xico en\u00a0<\/span><strong style=\"font-size: 1.21429rem;\">2024<\/strong><span style=\"font-size: 1.21429rem;\">.\u00a0<\/span><\/p>\n<article>\n<div class=\"views-article-body articlePage_body-DS-EntryPoint1-1\">\n<div>\n<h2 class=\"article-sub-heading\">\u2018Juanito&#8217; quiere ser presidente de M\u00e9xico<\/h2>\n<\/div>\n<p data-t=\"{&quot;n&quot;:&quot;blueLinks&quot;}\">Resulta que en un evento de la Agrupaci\u00f3n Social Dem\u00f3crata de M\u00e9xico, liderada por el PRD, \u2018<strong>Juanito<\/strong>\u2019 se destap\u00f3 para\u00a0<strong>presidente<\/strong>\u00a0de la Rep\u00fablica en\u00a0<strong>2024<\/strong>, para lo cual acudi\u00f3 a dicho evento con un cartel en el que se lee:\u00a0\u201cPorque t\u00fa lo pediste,\u00a0<strong>Juanito a la presidencia 2024<\/strong>\u201d. El cartel fue acompa\u00f1ado con una serie de fotos donde aparece\u00a0<strong>Rafael Acosta<\/strong>.<\/p>\n<div class=\"article-image-slot\" data-image-href=\"https:\/\/www.msn.com\/es-mx\/noticias\/mexico\/es-un-asco-juanito-se-destapa-para-presidente-en-2024-y-arremete-contra-amlo-video\/ar-AAZCqJ0?ocid=EMMX&amp;cvid=f5750648078b492183ce09f16ce56ef5&amp;fullscreen=true#image=2\" data-doc-id=\"cms\/api\/amp\/image\/AAZCoGO\" data-rendered=\"true\">\n<div class=\"article-image-container\" data-t=\"{&quot;n&quot;:&quot;OpenModal&quot;,&quot;t&quot;:13}\">\n<div style=\"width: 778px\" class=\"wp-caption alignnone\"><a class=\"article-image-height-wrapper\" href=\"https:\/\/www.msn.com\/es-mx\/noticias\/mexico\/es-un-asco-juanito-se-destapa-para-presidente-en-2024-y-arremete-contra-amlo-video\/ar-AAZCqJ0?ocid=EMMX&amp;cvid=f5750648078b492183ce09f16ce56ef5&amp;fullscreen=true#image=2\" data-t=\"{&quot;n&quot;:&quot;destination&quot;,&quot;t&quot;:14,&quot;b&quot;:1,&quot;c.t&quot;:14}\"><img loading=\"lazy\" decoding=\"async\" class=\"article-image\" tabindex=\"0\" title=\"'Juanito' se postula para presidente. Foto: captura de pantalla.\" src=\"https:\/\/img-s-msn-com.akamaized.net\/tenant\/amp\/entityid\/AAZCoGO.img?w=768&amp;h=359&amp;m=6&amp;x=439&amp;y=1&amp;s=230&amp;d=230\" alt=\"'Juanito' se postula para presidente. Foto: captura de pantalla.\" width=\"768\" height=\"359\" \/><\/a><p class=\"wp-caption-text\">\u00a9\u00a0Proporcionado por Quinto Poder&#8217;Juanito&#8217; se postula para presidente. Foto: captura de pantalla.<\/p><\/div>\n<div class=\"image-caption-container\"><\/div>\n<\/div>\n<\/div>\n<blockquote><p>\u201cYo soy el \u00fanico que le puede ganar al delincuente de Obrador, porque ese desgraciado (<strong>AMLO<\/strong>) ya me conoce, nos conocemos desde 1985\u201d, dijo.<\/p><\/blockquote>\n<p data-t=\"{&quot;n&quot;:&quot;blueLinks&quot;}\">En un\u00a0<strong>video<\/strong>\u00a0que circula en redes sociales, \u2018<strong>Juanito<\/strong>\u2019 continu\u00f3 con su embestida contra el presidente\u00a0<strong>AMLO<\/strong>, pese a que en un momento de la vida tuvieron una buena relaci\u00f3n.<\/p>\n<blockquote><p>\u201cLa traici\u00f3n a Iztapalapa y la traici\u00f3n a \u2018<strong>Juanito<\/strong>\u2019 se va a pagar caro, se la vamos a quitar a\u00a0<strong>Morena<\/strong>, a la mafia del cincuenta, del traidor de\u00a0<strong>Andr\u00e9s Manuel L\u00f3pez Obrador<\/strong>, que es un\u00a0<strong>asco\u00a0<\/strong>para el pueblo de M\u00e9xico\u201d, arremeti\u00f3.<\/p><\/blockquote>\n<\/div>\n<div class=\"views-article-body articlePage_body-DS-EntryPoint1-1\">\n<div>\n<h2 class=\"article-sub-heading\">\u00bfQu\u00e9 pas\u00f3 con \u2018Juanito\u2019 y AMLO?<\/h2>\n<\/div>\n<\/div>\n<div class=\"views-article-body articlePage_body-DS-EntryPoint1-1\">\n<p>Resulta que en las elecciones de 2009 para la entonces delegaci\u00f3n de\u00a0<strong>Iztapalapa<\/strong>,\u00a0<strong>Clara Brugada,<\/strong>\u00a0quien era la candidata del PRD, no pudo competir porque el Tribunal Electoral del Poder Judicial de la Federaci\u00f3n (TEPJF) le neg\u00f3 el registro.<\/p>\n<blockquote class=\"twitter-tweet\" data-width=\"550\" data-dnt=\"true\">\n<p lang=\"es\" dir=\"ltr\">\u00a1Ag\u00e1rrense!<br \/>\ud83d\udc47<br \/> <a href=\"https:\/\/t.co\/NW8RXcomys\">pic.twitter.com\/NW8RXcomys<\/a><\/p>\n<p>&mdash; H\u00e9ctor de Maule\u00f3n (@hdemauleon) <a href=\"https:\/\/twitter.com\/hdemauleon\/status\/1547748340514693120?ref_src=twsrc%5Etfw\">July 15, 2022<\/a><\/p><\/blockquote>\n<p><script async src=\"https:\/\/platform.twitter.com\/widgets.js\" charset=\"utf-8\"><\/script><\/p>\n<div class=\"article-image-slot\" data-image-href=\"https:\/\/www.msn.com\/es-mx\/noticias\/mexico\/es-un-asco-juanito-se-destapa-para-presidente-en-2024-y-arremete-contra-amlo-video\/ar-AAZCqJ0?ocid=EMMX&amp;cvid=f5750648078b492183ce09f16ce56ef5&amp;fullscreen=true#image=3\" data-doc-id=\"cms\/api\/amp\/image\/AAZCy1X\" data-rendered=\"true\">\n<div class=\"article-image-container\" data-t=\"{&quot;n&quot;:&quot;OpenModal&quot;,&quot;t&quot;:13}\">\n<div style=\"width: 778px\" class=\"wp-caption alignnone\"><a class=\"article-image-height-wrapper\" href=\"https:\/\/www.msn.com\/es-mx\/noticias\/mexico\/es-un-asco-juanito-se-destapa-para-presidente-en-2024-y-arremete-contra-amlo-video\/ar-AAZCqJ0?ocid=EMMX&amp;cvid=f5750648078b492183ce09f16ce56ef5&amp;fullscreen=true#image=3\" data-t=\"{&quot;n&quot;:&quot;destination&quot;,&quot;t&quot;:14,&quot;b&quot;:1,&quot;c.t&quot;:14}\"><img loading=\"lazy\" decoding=\"async\" class=\"article-image\" tabindex=\"0\" title=\"Juanito arremeti\u00f3 contra AMLO. Foto: Cuartoscuro.\" src=\"https:\/\/img-s-msn-com.akamaized.net\/tenant\/amp\/entityid\/AAZCy1X.img?w=768&amp;h=603&amp;m=6\" alt=\"Juanito arremeti\u00f3 contra AMLO. Foto: Cuartoscuro.\" width=\"768\" height=\"603\" \/><\/a><p class=\"wp-caption-text\">\u00a9\u00a0Proporcionado por Quinto PoderJuanito arremeti\u00f3 contra AMLO. Foto: Cuartoscuro.<\/p><\/div>\n<div class=\"image-caption-container\"><span style=\"font-size: 1.21429rem;\">\u00a0Fue entonces que <\/span><strong style=\"font-size: 1.21429rem;\">AMLO<\/strong><span style=\"font-size: 1.21429rem;\">\u00a0pidi\u00f3 a \u2018<\/span><strong style=\"font-size: 1.21429rem;\">Juanito<\/strong><span style=\"font-size: 1.21429rem;\">\u2019 que participara con el PT para ser el alcalde de dicha demarcaci\u00f3n, pero con el compromiso de que cuando pasaran las elecciones renunciara a su cargo para que\u00a0<\/span><strong style=\"font-size: 1.21429rem;\">Clara\u00a0Brugada\u00a0<\/strong><span style=\"font-size: 1.21429rem;\">tomara el poder, algo en lo que estuvo de acuerdo.\u00a0<\/span><\/div>\n<\/div>\n<\/div>\n<blockquote><p>\u201c\u2018\u00bf<strong>Juanito<\/strong>\u2019, aceptas lo que estoy planteando y te comprometer\u00edas que al momento de ganar presentas tu renuncia para que\u00a0<strong>Clara\u00a0<\/strong>sea la que gobierne en Iztapalapa? (&#8230;) La delegaci\u00f3n no va a estar gobernada por el PT, no, la delegaci\u00f3n va a estar gobernada por Clara y por el PRD\u201d, dijo\u00a0<strong>AMLO\u00a0<\/strong>en un mitin en ese entonces.<\/p><\/blockquote>\n<div class=\"article-image-slot\" data-image-href=\"https:\/\/www.msn.com\/es-mx\/noticias\/mexico\/es-un-asco-juanito-se-destapa-para-presidente-en-2024-y-arremete-contra-amlo-video\/ar-AAZCqJ0?ocid=EMMX&amp;cvid=f5750648078b492183ce09f16ce56ef5&amp;fullscreen=true#image=4\" data-doc-id=\"cms\/api\/amp\/image\/AAZCqIY\" data-rendered=\"true\">\n<div class=\"article-image-container\" data-t=\"{&quot;n&quot;:&quot;OpenModal&quot;,&quot;t&quot;:13}\">\n<div style=\"width: 778px\" class=\"wp-caption alignnone\"><a class=\"article-image-height-wrapper\" href=\"https:\/\/www.msn.com\/es-mx\/noticias\/mexico\/es-un-asco-juanito-se-destapa-para-presidente-en-2024-y-arremete-contra-amlo-video\/ar-AAZCqJ0?ocid=EMMX&amp;cvid=f5750648078b492183ce09f16ce56ef5&amp;fullscreen=true#image=4\" data-t=\"{&quot;n&quot;:&quot;destination&quot;,&quot;t&quot;:14,&quot;b&quot;:1,&quot;c.t&quot;:14}\"><img loading=\"lazy\" decoding=\"async\" class=\"article-image\" tabindex=\"0\" title=\"'Juanito', AMLO y Clara Brugada en un mitin en 2009. Foto: Cuartoscuro.\" src=\"https:\/\/img-s-msn-com.akamaized.net\/tenant\/amp\/entityid\/AAZCqIY.img?w=768&amp;h=595&amp;m=6&amp;x=163&amp;y=111&amp;s=493&amp;d=127\" alt=\"'Juanito', AMLO y Clara Brugada en un mitin en 2009. Foto: Cuartoscuro.\" width=\"768\" height=\"595\" \/><\/a><p class=\"wp-caption-text\">\u00a9\u00a0Proporcionado por Quinto Poder&#8217;Juanito&#8217;, AMLO y Clara Brugada en un mitin en 2009. Foto: Cuartoscuro.<\/p><\/div>\n<div class=\"image-caption-container\"><\/div>\n<\/div>\n<\/div>\n<p>La victoria de \u2018<strong>Juanito<\/strong>\u2019 se consum\u00f3, pero despu\u00e9s ya no quer\u00eda renunciar a su puesto, aunque al final termin\u00f3 accediendo. A partir de ese momento inici\u00f3 una rivalidad con\u00a0<strong>AMLO<\/strong>, a quien ha acusado incluso de querer matarlo. Ahora,\u00a0<strong>Rafael Acosta<\/strong>\u00a0quiere ser presidente de M\u00e9xico en sustituci\u00f3n del tabasque\u00f1o.<\/p>\n<\/div>\n<p>&nbsp;<\/p>\n<p>Con informaci\u00f3n de Quinto Poder<\/p>\n<\/article>\n","protected":false},"excerpt":{"rendered":"<p>\u00bfRecuerdas a Rafael Acosta\u00a0\u2018Juanito\u2019, aquel personaje que compiti\u00f3 por la alcald\u00eda\u00a0Iztapalapa\u00a0en 2009 y que fue apoyado por\u00a0AMLO, pero luego hubo un distanciamiento y acabaron siendo adversarios en la pol\u00edtica? Pues ahora asegur\u00f3 que quiere ser\u00a0presidente\u00a0de M\u00e9xico en\u00a02024.\u00a0 \u2018Juanito&#8217; quiere ser presidente de M\u00e9xico Resulta que en un evento de la Agrupaci\u00f3n Social Dem\u00f3crata de M\u00e9xico, liderada por el PRD, \u2018Juanito\u2019 se destap\u00f3 para\u00a0presidente\u00a0de la Rep\u00fablica en\u00a02024, para lo cual acudi\u00f3 a dicho evento con un cartel en el que se lee:\u00a0\u201cPorque t\u00fa lo pediste,\u00a0Juanito a la presidencia 2024\u201d. El cartel fue acompa\u00f1ado con una serie de fotos donde aparece\u00a0Rafael Acosta. [&hellip;]<\/p>\n","protected":false},"author":3,"featured_media":44252,"comment_status":"open","ping_status":"open","sticky":false,"template":"","format":"standard","meta":{"_jetpack_newsletter_access":"","_jetpack_dont_email_post_to_subs":false,"_jetpack_newsletter_tier_id":0,"_jetpack_memberships_contains_paywalled_content":false,"_jetpack_feature_clip_id":0,"_jetpack_memberships_contains_paid_content":false,"footnotes":"","jetpack_publicize_message":"","jetpack_publicize_feature_enabled":true,"jetpack_social_post_already_shared":true,"jetpack_social_options":{"image_generator_settings":{"template":"highway","default_image_id":0,"font":"","enabled":false},"version":2},"jetpack_post_was_ever_published":false},"categories":[75,72],"tags":[],"class_list":["post-44251","post","type-post","status-publish","format-standard","has-post-thumbnail","hentry","category-nacional","category-portada","post--single"],"jetpack_publicize_connections":[],"jetpack_featured_media_url":"https:\/\/ovelanalista.com\/wp-content\/uploads\/2022\/07\/Juanito.jpeg","jetpack_sharing_enabled":true,"_links":{"self":[{"href":"https:\/\/ovelanalista.com\/index.php?rest_route=\/wp\/v2\/posts\/44251","targetHints":{"allow":["GET"]}}],"collection":[{"href":"https:\/\/ovelanalista.com\/index.php?rest_route=\/wp\/v2\/posts"}],"about":[{"href":"https:\/\/ovelanalista.com\/index.php?rest_route=\/wp\/v2\/types\/post"}],"author":[{"embeddable":true,"href":"https:\/\/ovelanalista.com\/index.php?rest_route=\/wp\/v2\/users\/3"}],"replies":[{"embeddable":true,"href":"https:\/\/ovelanalista.com\/index.php?rest_route=%2Fwp%2Fv2%2Fcomments&post=44251"}],"version-history":[{"count":1,"href":"https:\/\/ovelanalista.com\/index.php?rest_route=\/wp\/v2\/posts\/44251\/revisions"}],"predecessor-version":[{"id":44253,"href":"https:\/\/ovelanalista.com\/index.php?rest_route=\/wp\/v2\/posts\/44251\/revisions\/44253"}],"wp:featuredmedia":[{"embeddable":true,"href":"https:\/\/ovelanalista.com\/index.php?rest_route=\/wp\/v2\/media\/44252"}],"wp:attachment":[{"href":"https:\/\/ovelanalista.com\/index.php?rest_route=%2Fwp%2Fv2%2Fmedia&parent=44251"}],"wp:term":[{"taxonomy":"category","embeddable":true,"href":"https:\/\/ovelanalista.com\/index.php?rest_route=%2Fwp%2Fv2%2Fcategories&post=44251"},{"taxonomy":"post_tag","embeddable":true,"href":"https:\/\/ovelanalista.com\/index.php?rest_route=%2Fwp%2Fv2%2Ftags&post=44251"}],"curies":[{"name":"wp","href":"https:\/\/api.w.org\/{rel}","templated":true}]}}